{"id":155318,"date":"2025-03-11T13:31:00","date_gmt":"2025-03-11T11:31:00","guid":{"rendered":"https:\/\/ffcv.es\/wp\/?p=155318"},"modified":"2025-03-11T13:56:42","modified_gmt":"2025-03-11T11:56:42","slug":"convocatoria-amistoso-de-la-seleccio-valenciana-masculina-sub14-de-futbol-para-comenzar-a-preparar-la-fase-final-oro","status":"publish","type":"post","link":"https:\/\/ffcv.es\/wp\/blog\/2025\/03\/convocatoria-amistoso-de-la-seleccio-valenciana-masculina-sub14-de-futbol-para-comenzar-a-preparar-la-fase-final-oro\/","title":{"rendered":"CONVOCATORIA: Amistoso de la Selecci\u00f3 Valenciana masculina sub14 de f\u00fatbol para comenzar a preparar la Fase Final Oro"},"content":{"rendered":"\n<p>La <strong>Federaci\u00f3 de Futbol de la Comunitat Valencinana <\/strong>ha hecho p\u00fablica la lista de jugadores convocados por la <a href=\"https:\/\/ffcv.es\/wp\/seleccio-valenciana-masculina-futbol-sub14\/\" target=\"_blank\" rel=\"noopener\" title=\"\"><strong>Selecci\u00f3 Valenciana masculina sub14 de f\u00fatbol<\/strong> <\/a>para comenzar a preparar la Fase Final Oro del <strong>Campeonato de Espa\u00f1a de Selecciones Auton\u00f3micas<\/strong>.<\/p>\n\n\n\n<h2 class=\"wp-block-heading\">Convocatoria<\/h2>\n\n\n\n<p>El seleccionador <strong>Borja Porcar<\/strong> ha citado a estos 22 jugadores que se enfrentar\u00e1n en <strong>Picassent<\/strong> al <strong>CF Inter San Jos\u00e9<\/strong> cadete B el mi\u00e9rcoles 12 de marzo en el Miguel Monle\u00f3n de <strong>Picassent<\/strong>.<\/p>\n\n\n\n<div data-wp-interactive=\"core\/file\" class=\"wp-block-file\"><object data-wp-bind--hidden=\"!state.hasPdfPreview\"  class=\"wp-block-file__embed\" data=\"https:\/\/ffcv.es\/wp\/wp-content\/uploads\/2025\/03\/CONV.-SUB-14-MASC.-PICASSENT.pdf\" type=\"application\/pdf\" style=\"width:100%;height:600px\" aria-label=\"Incrustado de CONV. SUB-14 MASC. PICASSENT.\"><\/object><a id=\"wp-block-file--media-81b0deb8-c3d2-431e-8fe1-d5cfd0c68061\" href=\"https:\/\/ffcv.es\/wp\/wp-content\/uploads\/2025\/03\/CONV.-SUB-14-MASC.-PICASSENT.pdf\">CONV. SUB-14 MASC. PICASSENT<\/a><a href=\"https:\/\/ffcv.es\/wp\/wp-content\/uploads\/2025\/03\/CONV.-SUB-14-MASC.-PICASSENT.pdf\" class=\"wp-block-file__button wp-element-button\" download aria-describedby=\"wp-block-file--media-81b0deb8-c3d2-431e-8fe1-d5cfd0c68061\">Descarga<\/a><\/div>\n\n\n\n<h2 class=\"wp-block-heading\">Fases anteriores<\/h2>\n\n\n\n<p>El combinado auton\u00f3mico que dirige <strong>Borja Porcar<\/strong> se clasific\u00f3 como segundo  en la fase de clasificaci\u00f3n celebrada en <strong>Burriana<\/strong>.<\/p>\n\n\n\n<p>El equipo de <strong>Porcar<\/strong><a href=\"https:\/\/ffcv.es\/wp\/blog\/2024\/12\/20\/unai-saez-y-la-epica-dan-la-primera-victoria-a-la-seleccio-murcia-%f0%9f%86%9a-seleccio-valenciana-sub14-0-1\/\" target=\"_blank\" rel=\"noopener\" title=\"\"> gan\u00f3 0-1 a <strong>Murcia<\/strong><\/a> y <a href=\"https:\/\/ffcv.es\/wp\/blog\/2024\/12\/22\/empate-cabeza-fria-y-a-la-fase-oro-seleccio-valenciana-sub14-%f0%9f%86%9a-aragon-2-2\/\" target=\"_blank\" rel=\"noopener\" title=\"\">empat\u00f3 (2-2) con los aragoneses<\/a>.<\/p>\n\n\n\n<p>En la <strong>Fase Oro<\/strong> celebrada en <strong>A Corunya<\/strong>, se clasific\u00f3 para la Fase Final tras empatar ante <a href=\"https:\/\/ffcv.es\/wp\/blog\/2025\/02\/07\/un-empate-contra-diez-para-empezar-la-fase-oro-seleccio-valenciana-sub14-%f0%9f%86%9a-andalucia-2-2\/\" target=\"_blank\" rel=\"noopener\" title=\"\"><strong>Andaluc\u00eda<\/strong> (0-0)<\/a>, y ganar a <a href=\"https:\/\/ffcv.es\/wp\/blog\/2025\/02\/08\/campo-frio-leo-rico-on-fire-el-portero-le-da-la-primera-victoria-a-la-sub14-aragon-%f0%9f%86%9a-seleccio-valenciana-sub14-0-1\/\" target=\"_blank\" rel=\"noopener\" title=\"\"><strong>Arag\u00f3n<\/strong> (0-1)<\/a> y a<a href=\"https:\/\/ffcv.es\/wp\/blog\/2025\/02\/09\/victoria-practica-y-a-la-fase-final-%f0%9f%92%aa%f0%9f%8f%bd-seleccio-valenciana-sub14-%f0%9f%86%9a-extremadura-2-0\/\" target=\"_blank\" rel=\"noopener\" title=\"\"> <strong>Extremadura<\/strong> (2-0)<\/a>.<\/p>\n\n\n\n<figure class=\"wp-block-gallery has-nested-images columns-default is-cropped wp-block-gallery-1 is-layout-flex wp-block-gallery-is-layout-flex\">\n<figure class=\"wp-block-image size-large\"><img loading=\"lazy\" decoding=\"async\" width=\"819\" height=\"1024\" data-id=\"152291\" data-src=\"https:\/\/ffcv.es\/wp\/wp-content\/uploads\/2024\/12\/resultado-sub14-819x1024.webp\" alt=\"\" class=\"wp-image-152291 lazyload\" data-srcset=\"https:\/\/ffcv.es\/wp\/wp-content\/uploads\/2024\/12\/resultado-sub14-819x1024.webp 819w, https:\/\/ffcv.es\/wp\/wp-content\/uploads\/2024\/12\/resultado-sub14-240x300.webp 240w, https:\/\/ffcv.es\/wp\/wp-content\/uploads\/2024\/12\/resultado-sub14-768x960.webp 768w, https:\/\/ffcv.es\/wp\/wp-content\/uploads\/2024\/12\/resultado-sub14-1229x1536.webp 1229w, https:\/\/ffcv.es\/wp\/wp-content\/uploads\/2024\/12\/resultado-sub14-1638x2048.webp 1638w, https:\/\/ffcv.es\/wp\/wp-content\/uploads\/2024\/12\/resultado-sub14-150x187.webp 150w, https:\/\/ffcv.es\/wp\/wp-content\/uploads\/2024\/12\/resultado-sub14-1170x1463.webp 1170w\" data-sizes=\"(max-width: 819px) 100vw, 819px\" src=\"data:image\/gif;base64,R0lGODlhAQABAAAAACH5BAEKAAEALAAAAAABAAEAAAICTAEAOw==\" style=\"--smush-placeholder-width: 819px; --smush-placeholder-aspect-ratio: 819\/1024;\" \/><noscript><img loading=\"lazy\" decoding=\"async\" width=\"819\" height=\"1024\" data-id=\"152291\" src=\"https:\/\/ffcv.es\/wp\/wp-content\/uploads\/2024\/12\/resultado-sub14-819x1024.webp\" alt=\"\" class=\"wp-image-152291\" srcset=\"https:\/\/ffcv.es\/wp\/wp-content\/uploads\/2024\/12\/resultado-sub14-819x1024.webp 819w, https:\/\/ffcv.es\/wp\/wp-content\/uploads\/2024\/12\/resultado-sub14-240x300.webp 240w, https:\/\/ffcv.es\/wp\/wp-content\/uploads\/2024\/12\/resultado-sub14-768x960.webp 768w, https:\/\/ffcv.es\/wp\/wp-content\/uploads\/2024\/12\/resultado-sub14-1229x1536.webp 1229w, https:\/\/ffcv.es\/wp\/wp-content\/uploads\/2024\/12\/resultado-sub14-1638x2048.webp 1638w, https:\/\/ffcv.es\/wp\/wp-content\/uploads\/2024\/12\/resultado-sub14-150x187.webp 150w, https:\/\/ffcv.es\/wp\/wp-content\/uploads\/2024\/12\/resultado-sub14-1170x1463.webp 1170w\" sizes=\"(max-width: 819px) 100vw, 819px\" \/><\/noscript><\/figure>\n\n\n\n<figure class=\"wp-block-image size-large\"><img loading=\"lazy\" decoding=\"async\" width=\"819\" height=\"1024\" data-id=\"152352\" data-src=\"https:\/\/ffcv.es\/wp\/wp-content\/uploads\/2024\/12\/resultado-sub14-1-819x1024.webp\" alt=\"\" class=\"wp-image-152352 lazyload\" data-srcset=\"https:\/\/ffcv.es\/wp\/wp-content\/uploads\/2024\/12\/resultado-sub14-1-819x1024.webp 819w, https:\/\/ffcv.es\/wp\/wp-content\/uploads\/2024\/12\/resultado-sub14-1-240x300.webp 240w, https:\/\/ffcv.es\/wp\/wp-content\/uploads\/2024\/12\/resultado-sub14-1-768x960.webp 768w, https:\/\/ffcv.es\/wp\/wp-content\/uploads\/2024\/12\/resultado-sub14-1-1229x1536.webp 1229w, https:\/\/ffcv.es\/wp\/wp-content\/uploads\/2024\/12\/resultado-sub14-1-150x187.webp 150w, https:\/\/ffcv.es\/wp\/wp-content\/uploads\/2024\/12\/resultado-sub14-1-1170x1463.webp 1170w, https:\/\/ffcv.es\/wp\/wp-content\/uploads\/2024\/12\/resultado-sub14-1-jpeg.webp 864w\" data-sizes=\"(max-width: 819px) 100vw, 819px\" src=\"data:image\/gif;base64,R0lGODlhAQABAAAAACH5BAEKAAEALAAAAAABAAEAAAICTAEAOw==\" style=\"--smush-placeholder-width: 819px; --smush-placeholder-aspect-ratio: 819\/1024;\" \/><noscript><img loading=\"lazy\" decoding=\"async\" width=\"819\" height=\"1024\" data-id=\"152352\" src=\"https:\/\/ffcv.es\/wp\/wp-content\/uploads\/2024\/12\/resultado-sub14-1-819x1024.webp\" alt=\"\" class=\"wp-image-152352\" srcset=\"https:\/\/ffcv.es\/wp\/wp-content\/uploads\/2024\/12\/resultado-sub14-1-819x1024.webp 819w, https:\/\/ffcv.es\/wp\/wp-content\/uploads\/2024\/12\/resultado-sub14-1-240x300.webp 240w, https:\/\/ffcv.es\/wp\/wp-content\/uploads\/2024\/12\/resultado-sub14-1-768x960.webp 768w, https:\/\/ffcv.es\/wp\/wp-content\/uploads\/2024\/12\/resultado-sub14-1-1229x1536.webp 1229w, https:\/\/ffcv.es\/wp\/wp-content\/uploads\/2024\/12\/resultado-sub14-1-150x187.webp 150w, https:\/\/ffcv.es\/wp\/wp-content\/uploads\/2024\/12\/resultado-sub14-1-1170x1463.webp 1170w, https:\/\/ffcv.es\/wp\/wp-content\/uploads\/2024\/12\/resultado-sub14-1-jpeg.webp 864w\" sizes=\"(max-width: 819px) 100vw, 819px\" \/><\/noscript><\/figure>\n\n\n\n<figure class=\"wp-block-image size-large\"><img loading=\"lazy\" decoding=\"async\" width=\"819\" height=\"1024\" data-id=\"153985\" data-src=\"https:\/\/ffcv.es\/wp\/wp-content\/uploads\/2025\/02\/sub14-CVA-vs-AND-819x1024.png\" alt=\"\" class=\"wp-image-153985 lazyload\" data-srcset=\"https:\/\/ffcv.es\/wp\/wp-content\/uploads\/2025\/02\/sub14-CVA-vs-AND-819x1024.png 819w, https:\/\/ffcv.es\/wp\/wp-content\/uploads\/2025\/02\/sub14-CVA-vs-AND-240x300.png 240w, https:\/\/ffcv.es\/wp\/wp-content\/uploads\/2025\/02\/sub14-CVA-vs-AND-768x960.png 768w, https:\/\/ffcv.es\/wp\/wp-content\/uploads\/2025\/02\/sub14-CVA-vs-AND-1229x1536.png 1229w, https:\/\/ffcv.es\/wp\/wp-content\/uploads\/2025\/02\/sub14-CVA-vs-AND-1638x2048.png 1638w, https:\/\/ffcv.es\/wp\/wp-content\/uploads\/2025\/02\/sub14-CVA-vs-AND-150x187.png 150w, https:\/\/ffcv.es\/wp\/wp-content\/uploads\/2025\/02\/sub14-CVA-vs-AND-1170x1463.png 1170w\" data-sizes=\"(max-width: 819px) 100vw, 819px\" src=\"data:image\/gif;base64,R0lGODlhAQABAAAAACH5BAEKAAEALAAAAAABAAEAAAICTAEAOw==\" style=\"--smush-placeholder-width: 819px; --smush-placeholder-aspect-ratio: 819\/1024;\" \/><noscript><img loading=\"lazy\" decoding=\"async\" width=\"819\" height=\"1024\" data-id=\"153985\" src=\"https:\/\/ffcv.es\/wp\/wp-content\/uploads\/2025\/02\/sub14-CVA-vs-AND-819x1024.png\" alt=\"\" class=\"wp-image-153985\" srcset=\"https:\/\/ffcv.es\/wp\/wp-content\/uploads\/2025\/02\/sub14-CVA-vs-AND-819x1024.png 819w, https:\/\/ffcv.es\/wp\/wp-content\/uploads\/2025\/02\/sub14-CVA-vs-AND-240x300.png 240w, https:\/\/ffcv.es\/wp\/wp-content\/uploads\/2025\/02\/sub14-CVA-vs-AND-768x960.png 768w, https:\/\/ffcv.es\/wp\/wp-content\/uploads\/2025\/02\/sub14-CVA-vs-AND-1229x1536.png 1229w, https:\/\/ffcv.es\/wp\/wp-content\/uploads\/2025\/02\/sub14-CVA-vs-AND-1638x2048.png 1638w, https:\/\/ffcv.es\/wp\/wp-content\/uploads\/2025\/02\/sub14-CVA-vs-AND-150x187.png 150w, https:\/\/ffcv.es\/wp\/wp-content\/uploads\/2025\/02\/sub14-CVA-vs-AND-1170x1463.png 1170w\" sizes=\"(max-width: 819px) 100vw, 819px\" \/><\/noscript><\/figure>\n\n\n\n<figure class=\"wp-block-image size-large\"><img loading=\"lazy\" decoding=\"async\" width=\"819\" height=\"1024\" data-id=\"154025\" data-src=\"https:\/\/ffcv.es\/wp\/wp-content\/uploads\/2025\/02\/sub14-ARA-vs-CVA-819x1024.png\" alt=\"\" class=\"wp-image-154025 lazyload\" data-srcset=\"https:\/\/ffcv.es\/wp\/wp-content\/uploads\/2025\/02\/sub14-ARA-vs-CVA-819x1024.png 819w, https:\/\/ffcv.es\/wp\/wp-content\/uploads\/2025\/02\/sub14-ARA-vs-CVA-240x300.png 240w, https:\/\/ffcv.es\/wp\/wp-content\/uploads\/2025\/02\/sub14-ARA-vs-CVA-768x960.png 768w, https:\/\/ffcv.es\/wp\/wp-content\/uploads\/2025\/02\/sub14-ARA-vs-CVA-1229x1536.png 1229w, https:\/\/ffcv.es\/wp\/wp-content\/uploads\/2025\/02\/sub14-ARA-vs-CVA-1638x2048.png 1638w, https:\/\/ffcv.es\/wp\/wp-content\/uploads\/2025\/02\/sub14-ARA-vs-CVA-150x187.png 150w, https:\/\/ffcv.es\/wp\/wp-content\/uploads\/2025\/02\/sub14-ARA-vs-CVA-1170x1463.png 1170w, https:\/\/ffcv.es\/wp\/wp-content\/uploads\/2025\/02\/sub14-ARA-vs-CVA.png 864w\" data-sizes=\"(max-width: 819px) 100vw, 819px\" src=\"data:image\/gif;base64,R0lGODlhAQABAAAAACH5BAEKAAEALAAAAAABAAEAAAICTAEAOw==\" style=\"--smush-placeholder-width: 819px; --smush-placeholder-aspect-ratio: 819\/1024;\" \/><noscript><img loading=\"lazy\" decoding=\"async\" width=\"819\" height=\"1024\" data-id=\"154025\" src=\"https:\/\/ffcv.es\/wp\/wp-content\/uploads\/2025\/02\/sub14-ARA-vs-CVA-819x1024.png\" alt=\"\" class=\"wp-image-154025\" srcset=\"https:\/\/ffcv.es\/wp\/wp-content\/uploads\/2025\/02\/sub14-ARA-vs-CVA-819x1024.png 819w, https:\/\/ffcv.es\/wp\/wp-content\/uploads\/2025\/02\/sub14-ARA-vs-CVA-240x300.png 240w, https:\/\/ffcv.es\/wp\/wp-content\/uploads\/2025\/02\/sub14-ARA-vs-CVA-768x960.png 768w, https:\/\/ffcv.es\/wp\/wp-content\/uploads\/2025\/02\/sub14-ARA-vs-CVA-1229x1536.png 1229w, https:\/\/ffcv.es\/wp\/wp-content\/uploads\/2025\/02\/sub14-ARA-vs-CVA-1638x2048.png 1638w, https:\/\/ffcv.es\/wp\/wp-content\/uploads\/2025\/02\/sub14-ARA-vs-CVA-150x187.png 150w, https:\/\/ffcv.es\/wp\/wp-content\/uploads\/2025\/02\/sub14-ARA-vs-CVA-1170x1463.png 1170w, https:\/\/ffcv.es\/wp\/wp-content\/uploads\/2025\/02\/sub14-ARA-vs-CVA.png 864w\" sizes=\"(max-width: 819px) 100vw, 819px\" \/><\/noscript><\/figure>\n\n\n\n<figure class=\"wp-block-image size-large\"><img loading=\"lazy\" decoding=\"async\" width=\"819\" height=\"1024\" data-id=\"154107\" data-src=\"https:\/\/ffcv.es\/wp\/wp-content\/uploads\/2025\/02\/sub14-CVA-vs-EXT-819x1024.png\" alt=\"\" class=\"wp-image-154107 lazyload\" data-srcset=\"https:\/\/ffcv.es\/wp\/wp-content\/uploads\/2025\/02\/sub14-CVA-vs-EXT-819x1024.png 819w, https:\/\/ffcv.es\/wp\/wp-content\/uploads\/2025\/02\/sub14-CVA-vs-EXT-240x300.png 240w, https:\/\/ffcv.es\/wp\/wp-content\/uploads\/2025\/02\/sub14-CVA-vs-EXT-768x960.png 768w, https:\/\/ffcv.es\/wp\/wp-content\/uploads\/2025\/02\/sub14-CVA-vs-EXT-1229x1536.png 1229w, https:\/\/ffcv.es\/wp\/wp-content\/uploads\/2025\/02\/sub14-CVA-vs-EXT-1638x2048.png 1638w, https:\/\/ffcv.es\/wp\/wp-content\/uploads\/2025\/02\/sub14-CVA-vs-EXT-150x187.png 150w, https:\/\/ffcv.es\/wp\/wp-content\/uploads\/2025\/02\/sub14-CVA-vs-EXT-1170x1463.png 1170w, https:\/\/ffcv.es\/wp\/wp-content\/uploads\/2025\/02\/sub14-CVA-vs-EXT.png 864w\" data-sizes=\"(max-width: 819px) 100vw, 819px\" src=\"data:image\/gif;base64,R0lGODlhAQABAAAAACH5BAEKAAEALAAAAAABAAEAAAICTAEAOw==\" style=\"--smush-placeholder-width: 819px; --smush-placeholder-aspect-ratio: 819\/1024;\" \/><noscript><img loading=\"lazy\" decoding=\"async\" width=\"819\" height=\"1024\" data-id=\"154107\" src=\"https:\/\/ffcv.es\/wp\/wp-content\/uploads\/2025\/02\/sub14-CVA-vs-EXT-819x1024.png\" alt=\"\" class=\"wp-image-154107\" srcset=\"https:\/\/ffcv.es\/wp\/wp-content\/uploads\/2025\/02\/sub14-CVA-vs-EXT-819x1024.png 819w, https:\/\/ffcv.es\/wp\/wp-content\/uploads\/2025\/02\/sub14-CVA-vs-EXT-240x300.png 240w, https:\/\/ffcv.es\/wp\/wp-content\/uploads\/2025\/02\/sub14-CVA-vs-EXT-768x960.png 768w, https:\/\/ffcv.es\/wp\/wp-content\/uploads\/2025\/02\/sub14-CVA-vs-EXT-1229x1536.png 1229w, https:\/\/ffcv.es\/wp\/wp-content\/uploads\/2025\/02\/sub14-CVA-vs-EXT-1638x2048.png 1638w, https:\/\/ffcv.es\/wp\/wp-content\/uploads\/2025\/02\/sub14-CVA-vs-EXT-150x187.png 150w, https:\/\/ffcv.es\/wp\/wp-content\/uploads\/2025\/02\/sub14-CVA-vs-EXT-1170x1463.png 1170w, https:\/\/ffcv.es\/wp\/wp-content\/uploads\/2025\/02\/sub14-CVA-vs-EXT.png 864w\" sizes=\"(max-width: 819px) 100vw, 819px\" \/><\/noscript><\/figure>\n<\/figure>\n\n\n\n<h2 class=\"wp-block-heading\">Vigente campeona de Espa\u00f1a<\/h2>\n\n\n\n<p>Este combinado auton\u00f3mico es el&nbsp;<a href=\"https:\/\/ffcv.es\/wp\/blog\/2024\/04\/27\/estos-chicos-hacen-historia-campeones-de-espana-por-primera-vez-%e2%80%bc%ef%b8%8f%f0%9f%95%ba%f0%9f%95%ba%f0%9f%8f%86-seleccio-valenciana-sub14-%f0%9f%86%9a-catalunya-3-0\/\" target=\"_blank\" rel=\"noreferrer noopener\">vigente campe\u00f3n de Espa\u00f1a&nbsp;<\/a>de la categor\u00eda, tras el \u00e9xito del pasado mes de abril en&nbsp;<strong>Las Rozas<\/strong>.<\/p>\n\n\n\n<p>La Selecci\u00f3 de&nbsp;<strong>Porcar<\/strong>&nbsp;se proclam\u00f3 Campeona de Espa\u00f1a al imponerse en la final de la Fase Final Oro a&nbsp;<strong>Catalunya<\/strong>&nbsp;(3-0), tras vencer a&nbsp;<strong>Arag\u00f3n<\/strong>&nbsp;en semifinales.<\/p>\n\n\n\n<figure class=\"wp-block-image size-large\"><img loading=\"lazy\" decoding=\"async\" width=\"1024\" height=\"683\" data-src=\"https:\/\/ffcv.es\/wp\/wp-content\/uploads\/2024\/04\/20240427_RFEF_525-1024x683.jpg\" alt=\"\" class=\"wp-image-136234 lazyload\" data-srcset=\"https:\/\/ffcv.es\/wp\/wp-content\/uploads\/2024\/04\/20240427_RFEF_525-1024x683.jpg 1024w, https:\/\/ffcv.es\/wp\/wp-content\/uploads\/2024\/04\/20240427_RFEF_525-300x200.jpg 300w, https:\/\/ffcv.es\/wp\/wp-content\/uploads\/2024\/04\/20240427_RFEF_525-768x512.jpg 768w, https:\/\/ffcv.es\/wp\/wp-content\/uploads\/2024\/04\/20240427_RFEF_525-1536x1024.jpg 1536w, https:\/\/ffcv.es\/wp\/wp-content\/uploads\/2024\/04\/20240427_RFEF_525-2048x1365.jpg 2048w, https:\/\/ffcv.es\/wp\/wp-content\/uploads\/2024\/04\/20240427_RFEF_525-280x187.jpg 280w, https:\/\/ffcv.es\/wp\/wp-content\/uploads\/2024\/04\/20240427_RFEF_525-1170x780.jpg 1170w, https:\/\/ffcv.es\/wp\/wp-content\/uploads\/2024\/04\/20240427_RFEF_525-scaled.jpg 1620w\" data-sizes=\"(max-width: 1024px) 100vw, 1024px\" src=\"data:image\/gif;base64,R0lGODlhAQABAAAAACH5BAEKAAEALAAAAAABAAEAAAICTAEAOw==\" style=\"--smush-placeholder-width: 1024px; --smush-placeholder-aspect-ratio: 1024\/683;\" \/><noscript><img loading=\"lazy\" decoding=\"async\" width=\"1024\" height=\"683\" src=\"https:\/\/ffcv.es\/wp\/wp-content\/uploads\/2024\/04\/20240427_RFEF_525-1024x683.jpg\" alt=\"\" class=\"wp-image-136234\" srcset=\"https:\/\/ffcv.es\/wp\/wp-content\/uploads\/2024\/04\/20240427_RFEF_525-1024x683.jpg 1024w, https:\/\/ffcv.es\/wp\/wp-content\/uploads\/2024\/04\/20240427_RFEF_525-300x200.jpg 300w, https:\/\/ffcv.es\/wp\/wp-content\/uploads\/2024\/04\/20240427_RFEF_525-768x512.jpg 768w, https:\/\/ffcv.es\/wp\/wp-content\/uploads\/2024\/04\/20240427_RFEF_525-1536x1024.jpg 1536w, https:\/\/ffcv.es\/wp\/wp-content\/uploads\/2024\/04\/20240427_RFEF_525-2048x1365.jpg 2048w, https:\/\/ffcv.es\/wp\/wp-content\/uploads\/2024\/04\/20240427_RFEF_525-280x187.jpg 280w, https:\/\/ffcv.es\/wp\/wp-content\/uploads\/2024\/04\/20240427_RFEF_525-1170x780.jpg 1170w, https:\/\/ffcv.es\/wp\/wp-content\/uploads\/2024\/04\/20240427_RFEF_525-scaled.jpg 1620w\" sizes=\"(max-width: 1024px) 100vw, 1024px\" \/><\/noscript><\/figure>\n","protected":false},"excerpt":{"rendered":"<p>La Federaci\u00f3 de Futbol de la Comunitat Valencinana ha hecho p\u00fablica la lista de jugadores convocados por la Selecci\u00f3 Valenciana masculina sub14 de f\u00fatbol para comenzar a preparar la Fase Final Oro del Campeonato de Espa\u00f1a de Selecciones Auton\u00f3micas. Convocatoria El seleccionador Borja Porcar ha citado a estos 22 jugadores que se enfrentar\u00e1n en Picassent<\/p>\n","protected":false},"author":16,"featured_media":154086,"comment_status":"closed","ping_status":"closed","sticky":false,"template":"","format":"standard","meta":{"om_disable_all_campaigns":false,"footnotes":""},"categories":[16,3450,72],"tags":[121,7027,7773,102,7061,98,3399,86],"class_list":["post-155318","post","type-post","status-publish","format-standard","has-post-thumbnail","hentry","category-actualidad","category-noticias-seleccio-valenciana-sub14","category-noticias-selecciones","tag-amistoso","tag-borja-porcar","tag-cf-inter-san-jose","tag-convocatoria","tag-fase-final-oro","tag-futbol","tag-seleccio-valenciana-sub14","tag-selecciones"],"aioseo_notices":[],"_links":{"self":[{"href":"https:\/\/ffcv.es\/wp\/wp-json\/wp\/v2\/posts\/155318"}],"collection":[{"href":"https:\/\/ffcv.es\/wp\/wp-json\/wp\/v2\/posts"}],"about":[{"href":"https:\/\/ffcv.es\/wp\/wp-json\/wp\/v2\/types\/post"}],"author":[{"embeddable":true,"href":"https:\/\/ffcv.es\/wp\/wp-json\/wp\/v2\/users\/16"}],"replies":[{"embeddable":true,"href":"https:\/\/ffcv.es\/wp\/wp-json\/wp\/v2\/comments?post=155318"}],"version-history":[{"count":2,"href":"https:\/\/ffcv.es\/wp\/wp-json\/wp\/v2\/posts\/155318\/revisions"}],"predecessor-version":[{"id":155323,"href":"https:\/\/ffcv.es\/wp\/wp-json\/wp\/v2\/posts\/155318\/revisions\/155323"}],"wp:featuredmedia":[{"embeddable":true,"href":"https:\/\/ffcv.es\/wp\/wp-json\/wp\/v2\/media\/154086"}],"wp:attachment":[{"href":"https:\/\/ffcv.es\/wp\/wp-json\/wp\/v2\/media?parent=155318"}],"wp:term":[{"taxonomy":"category","embeddable":true,"href":"https:\/\/ffcv.es\/wp\/wp-json\/wp\/v2\/categories?post=155318"},{"taxonomy":"post_tag","embeddable":true,"href":"https:\/\/ffcv.es\/wp\/wp-json\/wp\/v2\/tags?post=155318"}],"curies":[{"name":"wp","href":"https:\/\/api.w.org\/{rel}","templated":true}]}}