{"id":154205,"date":"2025-02-12T11:57:20","date_gmt":"2025-02-12T09:57:20","guid":{"rendered":"https:\/\/ffcv.es\/wp\/?p=154205"},"modified":"2025-02-13T13:54:59","modified_gmt":"2025-02-13T11:54:59","slug":"galeria-de-fotos-amistosos-de-la-seleccio-valenciana-masculina-sub12-y-sub14-de-futsal-ante-alzira-fs-y-maristas-cullera","status":"publish","type":"post","link":"https:\/\/ffcv.es\/wp\/blog\/2025\/02\/galeria-de-fotos-amistosos-de-la-seleccio-valenciana-masculina-sub12-y-sub14-de-futsal-ante-alzira-fs-y-maristas-cullera\/","title":{"rendered":"GALER\u00cdA DE FOTOS: Amistosos de la Selecci\u00f3 Valenciana masculina sub12 y sub14 de futsal ante Alzira FS y Maristas Cullera"},"content":{"rendered":"\n<p>Las <strong>Selecciones Valencianas masculinas sub12 <\/strong>y <strong>sub14<\/strong> disputaron sendos partidos amistosos de preparaci\u00f3n del <strong>Campeonato de Espa\u00f1a <\/strong>en el Pabell\u00f3n Municipal de <strong>Cullera<\/strong>.<\/p>\n\n\n\n<p>El combinado alev\u00edn que dirige <strong>Toni Puerto<\/strong> se midi\u00f3 al equipo infantil del <strong>Alzira FS<\/strong>, mientras que la <strong>Selecci\u00f3<\/strong> infantil de <strong>Jos\u00e9 Luis Mengual <\/strong>se puso a prueba ante el cadete del <strong>Maristas Cullera<\/strong>.<\/p>\n\n\n\n<figure class=\"wp-block-gallery has-nested-images columns-default is-cropped wp-block-gallery-1 is-layout-flex wp-block-gallery-is-layout-flex\">\n<figure class=\"wp-block-image size-large\"><img loading=\"lazy\" decoding=\"async\" width=\"1024\" height=\"683\" data-id=\"154208\" data-src=\"https:\/\/ffcv.es\/wp\/wp-content\/uploads\/2025\/02\/IMG_0154-1024x683.jpg\" alt=\"\" class=\"wp-image-154208 lazyload\" data-srcset=\"https:\/\/ffcv.es\/wp\/wp-content\/uploads\/2025\/02\/IMG_0154-1024x683.jpg 1024w, https:\/\/ffcv.es\/wp\/wp-content\/uploads\/2025\/02\/IMG_0154-300x200.jpg 300w, https:\/\/ffcv.es\/wp\/wp-content\/uploads\/2025\/02\/IMG_0154-768x512.jpg 768w, https:\/\/ffcv.es\/wp\/wp-content\/uploads\/2025\/02\/IMG_0154-1536x1024.jpg 1536w, https:\/\/ffcv.es\/wp\/wp-content\/uploads\/2025\/02\/IMG_0154-2048x1365.jpg 2048w, https:\/\/ffcv.es\/wp\/wp-content\/uploads\/2025\/02\/IMG_0154-280x187.jpg 280w, https:\/\/ffcv.es\/wp\/wp-content\/uploads\/2025\/02\/IMG_0154-1170x780.jpg 1170w, https:\/\/ffcv.es\/wp\/wp-content\/uploads\/2025\/02\/IMG_0154-scaled.jpg 1620w\" data-sizes=\"(max-width: 1024px) 100vw, 1024px\" src=\"data:image\/gif;base64,R0lGODlhAQABAAAAACH5BAEKAAEALAAAAAABAAEAAAICTAEAOw==\" style=\"--smush-placeholder-width: 1024px; --smush-placeholder-aspect-ratio: 1024\/683;\" \/><noscript><img loading=\"lazy\" decoding=\"async\" width=\"1024\" height=\"683\" data-id=\"154208\" src=\"https:\/\/ffcv.es\/wp\/wp-content\/uploads\/2025\/02\/IMG_0154-1024x683.jpg\" alt=\"\" class=\"wp-image-154208\" srcset=\"https:\/\/ffcv.es\/wp\/wp-content\/uploads\/2025\/02\/IMG_0154-1024x683.jpg 1024w, https:\/\/ffcv.es\/wp\/wp-content\/uploads\/2025\/02\/IMG_0154-300x200.jpg 300w, https:\/\/ffcv.es\/wp\/wp-content\/uploads\/2025\/02\/IMG_0154-768x512.jpg 768w, https:\/\/ffcv.es\/wp\/wp-content\/uploads\/2025\/02\/IMG_0154-1536x1024.jpg 1536w, https:\/\/ffcv.es\/wp\/wp-content\/uploads\/2025\/02\/IMG_0154-2048x1365.jpg 2048w, https:\/\/ffcv.es\/wp\/wp-content\/uploads\/2025\/02\/IMG_0154-280x187.jpg 280w, https:\/\/ffcv.es\/wp\/wp-content\/uploads\/2025\/02\/IMG_0154-1170x780.jpg 1170w, https:\/\/ffcv.es\/wp\/wp-content\/uploads\/2025\/02\/IMG_0154-scaled.jpg 1620w\" sizes=\"(max-width: 1024px) 100vw, 1024px\" \/><\/noscript><figcaption class=\"wp-element-caption\">Arnau Sala, ayer rival de la Selecci\u00f3 sub14<\/figcaption><\/figure>\n\n\n\n<figure class=\"wp-block-image size-large\"><img loading=\"lazy\" decoding=\"async\" width=\"1024\" height=\"587\" data-id=\"154206\" data-src=\"https:\/\/ffcv.es\/wp\/wp-content\/uploads\/2025\/02\/IMG_9747-1024x587.jpg\" alt=\"\" class=\"wp-image-154206 lazyload\" data-srcset=\"https:\/\/ffcv.es\/wp\/wp-content\/uploads\/2025\/02\/IMG_9747-1024x587.jpg 1024w, https:\/\/ffcv.es\/wp\/wp-content\/uploads\/2025\/02\/IMG_9747-300x172.jpg 300w, https:\/\/ffcv.es\/wp\/wp-content\/uploads\/2025\/02\/IMG_9747-768x440.jpg 768w, https:\/\/ffcv.es\/wp\/wp-content\/uploads\/2025\/02\/IMG_9747-1536x880.jpg 1536w, https:\/\/ffcv.es\/wp\/wp-content\/uploads\/2025\/02\/IMG_9747-2048x1174.jpg 2048w, https:\/\/ffcv.es\/wp\/wp-content\/uploads\/2025\/02\/IMG_9747-280x160.jpg 280w, https:\/\/ffcv.es\/wp\/wp-content\/uploads\/2025\/02\/IMG_9747-1170x671.jpg 1170w, https:\/\/ffcv.es\/wp\/wp-content\/uploads\/2025\/02\/IMG_9747-scaled.jpg 1885w\" data-sizes=\"(max-width: 1024px) 100vw, 1024px\" src=\"data:image\/gif;base64,R0lGODlhAQABAAAAACH5BAEKAAEALAAAAAABAAEAAAICTAEAOw==\" style=\"--smush-placeholder-width: 1024px; --smush-placeholder-aspect-ratio: 1024\/587;\" \/><noscript><img loading=\"lazy\" decoding=\"async\" width=\"1024\" height=\"587\" data-id=\"154206\" src=\"https:\/\/ffcv.es\/wp\/wp-content\/uploads\/2025\/02\/IMG_9747-1024x587.jpg\" alt=\"\" class=\"wp-image-154206\" srcset=\"https:\/\/ffcv.es\/wp\/wp-content\/uploads\/2025\/02\/IMG_9747-1024x587.jpg 1024w, https:\/\/ffcv.es\/wp\/wp-content\/uploads\/2025\/02\/IMG_9747-300x172.jpg 300w, https:\/\/ffcv.es\/wp\/wp-content\/uploads\/2025\/02\/IMG_9747-768x440.jpg 768w, https:\/\/ffcv.es\/wp\/wp-content\/uploads\/2025\/02\/IMG_9747-1536x880.jpg 1536w, https:\/\/ffcv.es\/wp\/wp-content\/uploads\/2025\/02\/IMG_9747-2048x1174.jpg 2048w, https:\/\/ffcv.es\/wp\/wp-content\/uploads\/2025\/02\/IMG_9747-280x160.jpg 280w, https:\/\/ffcv.es\/wp\/wp-content\/uploads\/2025\/02\/IMG_9747-1170x671.jpg 1170w, https:\/\/ffcv.es\/wp\/wp-content\/uploads\/2025\/02\/IMG_9747-scaled.jpg 1885w\" sizes=\"(max-width: 1024px) 100vw, 1024px\" \/><\/noscript><\/figure>\n\n\n\n<figure class=\"wp-block-image size-large\"><img loading=\"lazy\" decoding=\"async\" width=\"1024\" height=\"683\" data-id=\"154207\" data-src=\"https:\/\/ffcv.es\/wp\/wp-content\/uploads\/2025\/02\/IMG_0174-1024x683.jpg\" alt=\"\" class=\"wp-image-154207 lazyload\" data-srcset=\"https:\/\/ffcv.es\/wp\/wp-content\/uploads\/2025\/02\/IMG_0174-1024x683.jpg 1024w, https:\/\/ffcv.es\/wp\/wp-content\/uploads\/2025\/02\/IMG_0174-300x200.jpg 300w, https:\/\/ffcv.es\/wp\/wp-content\/uploads\/2025\/02\/IMG_0174-768x512.jpg 768w, https:\/\/ffcv.es\/wp\/wp-content\/uploads\/2025\/02\/IMG_0174-1536x1024.jpg 1536w, https:\/\/ffcv.es\/wp\/wp-content\/uploads\/2025\/02\/IMG_0174-2048x1365.jpg 2048w, https:\/\/ffcv.es\/wp\/wp-content\/uploads\/2025\/02\/IMG_0174-280x187.jpg 280w, https:\/\/ffcv.es\/wp\/wp-content\/uploads\/2025\/02\/IMG_0174-1170x780.jpg 1170w, https:\/\/ffcv.es\/wp\/wp-content\/uploads\/2025\/02\/IMG_0174-scaled.jpg 1620w\" data-sizes=\"(max-width: 1024px) 100vw, 1024px\" src=\"data:image\/gif;base64,R0lGODlhAQABAAAAACH5BAEKAAEALAAAAAABAAEAAAICTAEAOw==\" style=\"--smush-placeholder-width: 1024px; --smush-placeholder-aspect-ratio: 1024\/683;\" \/><noscript><img loading=\"lazy\" decoding=\"async\" width=\"1024\" height=\"683\" data-id=\"154207\" src=\"https:\/\/ffcv.es\/wp\/wp-content\/uploads\/2025\/02\/IMG_0174-1024x683.jpg\" alt=\"\" class=\"wp-image-154207\" srcset=\"https:\/\/ffcv.es\/wp\/wp-content\/uploads\/2025\/02\/IMG_0174-1024x683.jpg 1024w, https:\/\/ffcv.es\/wp\/wp-content\/uploads\/2025\/02\/IMG_0174-300x200.jpg 300w, https:\/\/ffcv.es\/wp\/wp-content\/uploads\/2025\/02\/IMG_0174-768x512.jpg 768w, https:\/\/ffcv.es\/wp\/wp-content\/uploads\/2025\/02\/IMG_0174-1536x1024.jpg 1536w, https:\/\/ffcv.es\/wp\/wp-content\/uploads\/2025\/02\/IMG_0174-2048x1365.jpg 2048w, https:\/\/ffcv.es\/wp\/wp-content\/uploads\/2025\/02\/IMG_0174-280x187.jpg 280w, https:\/\/ffcv.es\/wp\/wp-content\/uploads\/2025\/02\/IMG_0174-1170x780.jpg 1170w, https:\/\/ffcv.es\/wp\/wp-content\/uploads\/2025\/02\/IMG_0174-scaled.jpg 1620w\" sizes=\"(max-width: 1024px) 100vw, 1024px\" \/><\/noscript><figcaption class=\"wp-element-caption\">Jos\u00e9 Luis Mengual<\/figcaption><\/figure>\n\n\n\n<figure class=\"wp-block-image size-large\"><img loading=\"lazy\" decoding=\"async\" width=\"1024\" height=\"683\" data-id=\"154209\" data-src=\"https:\/\/ffcv.es\/wp\/wp-content\/uploads\/2025\/02\/IMG_9983-1024x683.jpg\" alt=\"\" class=\"wp-image-154209 lazyload\" data-srcset=\"https:\/\/ffcv.es\/wp\/wp-content\/uploads\/2025\/02\/IMG_9983-1024x683.jpg 1024w, https:\/\/ffcv.es\/wp\/wp-content\/uploads\/2025\/02\/IMG_9983-300x200.jpg 300w, https:\/\/ffcv.es\/wp\/wp-content\/uploads\/2025\/02\/IMG_9983-768x512.jpg 768w, https:\/\/ffcv.es\/wp\/wp-content\/uploads\/2025\/02\/IMG_9983-1536x1024.jpg 1536w, https:\/\/ffcv.es\/wp\/wp-content\/uploads\/2025\/02\/IMG_9983-2048x1365.jpg 2048w, https:\/\/ffcv.es\/wp\/wp-content\/uploads\/2025\/02\/IMG_9983-280x187.jpg 280w, https:\/\/ffcv.es\/wp\/wp-content\/uploads\/2025\/02\/IMG_9983-1170x780.jpg 1170w, https:\/\/ffcv.es\/wp\/wp-content\/uploads\/2025\/02\/IMG_9983-scaled.jpg 1620w\" data-sizes=\"(max-width: 1024px) 100vw, 1024px\" src=\"data:image\/gif;base64,R0lGODlhAQABAAAAACH5BAEKAAEALAAAAAABAAEAAAICTAEAOw==\" style=\"--smush-placeholder-width: 1024px; --smush-placeholder-aspect-ratio: 1024\/683;\" \/><noscript><img loading=\"lazy\" decoding=\"async\" width=\"1024\" height=\"683\" data-id=\"154209\" src=\"https:\/\/ffcv.es\/wp\/wp-content\/uploads\/2025\/02\/IMG_9983-1024x683.jpg\" alt=\"\" class=\"wp-image-154209\" srcset=\"https:\/\/ffcv.es\/wp\/wp-content\/uploads\/2025\/02\/IMG_9983-1024x683.jpg 1024w, https:\/\/ffcv.es\/wp\/wp-content\/uploads\/2025\/02\/IMG_9983-300x200.jpg 300w, https:\/\/ffcv.es\/wp\/wp-content\/uploads\/2025\/02\/IMG_9983-768x512.jpg 768w, https:\/\/ffcv.es\/wp\/wp-content\/uploads\/2025\/02\/IMG_9983-1536x1024.jpg 1536w, https:\/\/ffcv.es\/wp\/wp-content\/uploads\/2025\/02\/IMG_9983-2048x1365.jpg 2048w, https:\/\/ffcv.es\/wp\/wp-content\/uploads\/2025\/02\/IMG_9983-280x187.jpg 280w, https:\/\/ffcv.es\/wp\/wp-content\/uploads\/2025\/02\/IMG_9983-1170x780.jpg 1170w, https:\/\/ffcv.es\/wp\/wp-content\/uploads\/2025\/02\/IMG_9983-scaled.jpg 1620w\" sizes=\"(max-width: 1024px) 100vw, 1024px\" \/><\/noscript><figcaption class=\"wp-element-caption\">La Selecci\u00f3 sub12 y el Alzira FS protagonizaron un gran partido en Cullera.<\/figcaption><\/figure>\n<\/figure>\n\n\n\n<h2 class=\"wp-block-heading\">Galer\u00eda de fotos<\/h2>\n\n\n\n<iframe loading=\"lazy\" data-src=\"https:\/\/www.facebook.com\/plugins\/post.php?href=https%3A%2F%2Fwww.facebook.com%2FFFCV.es%2Fposts%2Fpfbid0EWsioVCc8gt1BoF99oZmzXTbka7HdryJsL8xSoYLjKu5cVH5thN5h4DgKCrCAsyul&#038;show_text=true&#038;width=500\" width=\"500\" height=\"584\" style=\"border:none;overflow:hidden\" scrolling=\"no\" frameborder=\"0\" allowfullscreen=\"true\" allow=\"autoplay; clipboard-write; encrypted-media; picture-in-picture; web-share\" src=\"data:image\/gif;base64,R0lGODlhAQABAAAAACH5BAEKAAEALAAAAAABAAEAAAICTAEAOw==\" class=\"lazyload\" data-load-mode=\"1\"><\/iframe>\n\n\n\n<h2 class=\"wp-block-heading\">Campeonato de Espa\u00f1a<\/h2>\n\n\n\n<p>Del 2 al 6 de abril se celebrar\u00e1 en <strong>Catalunya<\/strong> el <strong>Campeonato Nacional de Selecciones Auton\u00f3micas<\/strong> en estas dos categor\u00edas.<\/p>\n\n\n\n<p>La<strong>&nbsp;Selecci\u00f3 Valenciana sub14&nbsp;<\/strong>estar\u00e1 en el Grupo B junto a&nbsp;<strong>La Rioja<\/strong>,&nbsp;<strong>Extremadura<\/strong>&nbsp;y&nbsp;<strong>Euskadi<\/strong>.<\/p>\n\n\n\n<p>Por su parte, la&nbsp;<strong>Selecci\u00f3 Valenciana sub12<\/strong>&nbsp;est\u00e1 encuadrada en el grupo C junto a&nbsp;<strong>Illes Balears<\/strong>,&nbsp;<strong>Melilla<\/strong>&nbsp;y&nbsp;<strong>Andaluc\u00eda<\/strong>.<\/p>\n\n\n\n<p>La primera de cada grupo pasar\u00e1 a las semifinales.<\/p>\n\n\n\n<figure class=\"wp-block-image size-large\"><img loading=\"lazy\" decoding=\"async\" width=\"1024\" height=\"650\" data-src=\"https:\/\/ffcv.es\/wp\/wp-content\/uploads\/2025\/02\/IMG_9688-1024x650.jpg\" alt=\"\" class=\"wp-image-154213 lazyload\" data-srcset=\"https:\/\/ffcv.es\/wp\/wp-content\/uploads\/2025\/02\/IMG_9688-1024x650.jpg 1024w, https:\/\/ffcv.es\/wp\/wp-content\/uploads\/2025\/02\/IMG_9688-300x190.jpg 300w, https:\/\/ffcv.es\/wp\/wp-content\/uploads\/2025\/02\/IMG_9688-768x488.jpg 768w, https:\/\/ffcv.es\/wp\/wp-content\/uploads\/2025\/02\/IMG_9688-1536x975.jpg 1536w, https:\/\/ffcv.es\/wp\/wp-content\/uploads\/2025\/02\/IMG_9688-2048x1300.jpg 2048w, https:\/\/ffcv.es\/wp\/wp-content\/uploads\/2025\/02\/IMG_9688-280x178.jpg 280w, https:\/\/ffcv.es\/wp\/wp-content\/uploads\/2025\/02\/IMG_9688-1170x743.jpg 1170w, https:\/\/ffcv.es\/wp\/wp-content\/uploads\/2025\/02\/IMG_9688-scaled.jpg 1701w\" data-sizes=\"(max-width: 1024px) 100vw, 1024px\" src=\"data:image\/gif;base64,R0lGODlhAQABAAAAACH5BAEKAAEALAAAAAABAAEAAAICTAEAOw==\" style=\"--smush-placeholder-width: 1024px; --smush-placeholder-aspect-ratio: 1024\/650;\" \/><noscript><img loading=\"lazy\" decoding=\"async\" width=\"1024\" height=\"650\" src=\"https:\/\/ffcv.es\/wp\/wp-content\/uploads\/2025\/02\/IMG_9688-1024x650.jpg\" alt=\"\" class=\"wp-image-154213\" srcset=\"https:\/\/ffcv.es\/wp\/wp-content\/uploads\/2025\/02\/IMG_9688-1024x650.jpg 1024w, https:\/\/ffcv.es\/wp\/wp-content\/uploads\/2025\/02\/IMG_9688-300x190.jpg 300w, https:\/\/ffcv.es\/wp\/wp-content\/uploads\/2025\/02\/IMG_9688-768x488.jpg 768w, https:\/\/ffcv.es\/wp\/wp-content\/uploads\/2025\/02\/IMG_9688-1536x975.jpg 1536w, https:\/\/ffcv.es\/wp\/wp-content\/uploads\/2025\/02\/IMG_9688-2048x1300.jpg 2048w, https:\/\/ffcv.es\/wp\/wp-content\/uploads\/2025\/02\/IMG_9688-280x178.jpg 280w, https:\/\/ffcv.es\/wp\/wp-content\/uploads\/2025\/02\/IMG_9688-1170x743.jpg 1170w, https:\/\/ffcv.es\/wp\/wp-content\/uploads\/2025\/02\/IMG_9688-scaled.jpg 1701w\" sizes=\"(max-width: 1024px) 100vw, 1024px\" \/><\/noscript><\/figure>\n\n\n\n<figure class=\"wp-block-image\"><a href=\"https:\/\/t.me\/somFutsal\"><img loading=\"lazy\" decoding=\"async\" width=\"1024\" height=\"341\" data-src=\"https:\/\/ffcv.es\/wp\/wp-content\/uploads\/2024\/06\/tw-cabecera_Mesa-de-trabajo-1-1024x341.png\" alt=\"\" class=\"wp-image-138634 lazyload\" data-srcset=\"https:\/\/ffcv.es\/wp\/wp-content\/uploads\/2024\/06\/tw-cabecera_Mesa-de-trabajo-1-1024x341.png 1024w, https:\/\/ffcv.es\/wp\/wp-content\/uploads\/2024\/06\/tw-cabecera_Mesa-de-trabajo-1-300x100.png 300w, https:\/\/ffcv.es\/wp\/wp-content\/uploads\/2024\/06\/tw-cabecera_Mesa-de-trabajo-1-768x256.png 768w, https:\/\/ffcv.es\/wp\/wp-content\/uploads\/2024\/06\/tw-cabecera_Mesa-de-trabajo-1-1536x512.png 1536w, https:\/\/ffcv.es\/wp\/wp-content\/uploads\/2024\/06\/tw-cabecera_Mesa-de-trabajo-1-2048x683.png 2048w, https:\/\/ffcv.es\/wp\/wp-content\/uploads\/2024\/06\/tw-cabecera_Mesa-de-trabajo-1-280x93.png 280w, https:\/\/ffcv.es\/wp\/wp-content\/uploads\/2024\/06\/tw-cabecera_Mesa-de-trabajo-1-1170x390.png 1170w, https:\/\/ffcv.es\/wp\/wp-content\/uploads\/2024\/06\/tw-cabecera_Mesa-de-trabajo-1.png 1920w\" data-sizes=\"(max-width: 1024px) 100vw, 1024px\" src=\"data:image\/gif;base64,R0lGODlhAQABAAAAACH5BAEKAAEALAAAAAABAAEAAAICTAEAOw==\" style=\"--smush-placeholder-width: 1024px; --smush-placeholder-aspect-ratio: 1024\/341;\" \/><noscript><img loading=\"lazy\" decoding=\"async\" width=\"1024\" height=\"341\" src=\"https:\/\/ffcv.es\/wp\/wp-content\/uploads\/2024\/06\/tw-cabecera_Mesa-de-trabajo-1-1024x341.png\" alt=\"\" class=\"wp-image-138634\" srcset=\"https:\/\/ffcv.es\/wp\/wp-content\/uploads\/2024\/06\/tw-cabecera_Mesa-de-trabajo-1-1024x341.png 1024w, https:\/\/ffcv.es\/wp\/wp-content\/uploads\/2024\/06\/tw-cabecera_Mesa-de-trabajo-1-300x100.png 300w, https:\/\/ffcv.es\/wp\/wp-content\/uploads\/2024\/06\/tw-cabecera_Mesa-de-trabajo-1-768x256.png 768w, https:\/\/ffcv.es\/wp\/wp-content\/uploads\/2024\/06\/tw-cabecera_Mesa-de-trabajo-1-1536x512.png 1536w, https:\/\/ffcv.es\/wp\/wp-content\/uploads\/2024\/06\/tw-cabecera_Mesa-de-trabajo-1-2048x683.png 2048w, https:\/\/ffcv.es\/wp\/wp-content\/uploads\/2024\/06\/tw-cabecera_Mesa-de-trabajo-1-280x93.png 280w, https:\/\/ffcv.es\/wp\/wp-content\/uploads\/2024\/06\/tw-cabecera_Mesa-de-trabajo-1-1170x390.png 1170w, https:\/\/ffcv.es\/wp\/wp-content\/uploads\/2024\/06\/tw-cabecera_Mesa-de-trabajo-1.png 1920w\" sizes=\"(max-width: 1024px) 100vw, 1024px\" \/><\/noscript><\/a><\/figure>\n\n\n\n<p><em>Para estar al d\u00eda de todas las novedades sobre el f\u00fatbol sala en la Comunitat Valenciana sigue el&nbsp;<strong>CANAL DE TELEGRAM&nbsp;<\/strong>oficial de la FFCV y&nbsp;<strong>exclusivo de futsal<\/strong>&nbsp;#somFutsal | FFCV \ud83d\ude03<\/em><\/p>\n\n\n\n<p><em><strong>S\u00edguelo pinchando<\/strong>&nbsp;<strong>AQU\u00cd<\/strong>&nbsp;\u279c&nbsp;<a href=\"https:\/\/t.me\/somFutsal\">https:\/\/t.me\/somFutsal<\/a><\/em><\/p>\n","protected":false},"excerpt":{"rendered":"<p>Las Selecciones Valencianas masculinas sub12 y sub14 disputaron sendos partidos amistosos de preparaci\u00f3n del Campeonato de Espa\u00f1a en el Pabell\u00f3n Municipal de Cullera. El combinado alev\u00edn que dirige Toni Puerto se midi\u00f3 al equipo infantil del Alzira FS, mientras que la Selecci\u00f3 infantil de Jos\u00e9 Luis Mengual se puso a prueba ante el cadete del<\/p>\n","protected":false},"author":16,"featured_media":154212,"comment_status":"closed","ping_status":"closed","sticky":false,"template":"","format":"standard","meta":{"om_disable_all_campaigns":false,"footnotes":""},"categories":[3460,3458,72],"tags":[],"class_list":["post-154205","post","type-post","status-publish","format-standard","has-post-thumbnail","hentry","category-seleccio-valenciana-futsal-sub12","category-seleccio-valenciana-futsal-sub14","category-noticias-selecciones"],"aioseo_notices":[],"_links":{"self":[{"href":"https:\/\/ffcv.es\/wp\/wp-json\/wp\/v2\/posts\/154205"}],"collection":[{"href":"https:\/\/ffcv.es\/wp\/wp-json\/wp\/v2\/posts"}],"about":[{"href":"https:\/\/ffcv.es\/wp\/wp-json\/wp\/v2\/types\/post"}],"author":[{"embeddable":true,"href":"https:\/\/ffcv.es\/wp\/wp-json\/wp\/v2\/users\/16"}],"replies":[{"embeddable":true,"href":"https:\/\/ffcv.es\/wp\/wp-json\/wp\/v2\/comments?post=154205"}],"version-history":[{"count":4,"href":"https:\/\/ffcv.es\/wp\/wp-json\/wp\/v2\/posts\/154205\/revisions"}],"predecessor-version":[{"id":154269,"href":"https:\/\/ffcv.es\/wp\/wp-json\/wp\/v2\/posts\/154205\/revisions\/154269"}],"wp:featuredmedia":[{"embeddable":true,"href":"https:\/\/ffcv.es\/wp\/wp-json\/wp\/v2\/media\/154212"}],"wp:attachment":[{"href":"https:\/\/ffcv.es\/wp\/wp-json\/wp\/v2\/media?parent=154205"}],"wp:term":[{"taxonomy":"category","embeddable":true,"href":"https:\/\/ffcv.es\/wp\/wp-json\/wp\/v2\/categories?post=154205"},{"taxonomy":"post_tag","embeddable":true,"href":"https:\/\/ffcv.es\/wp\/wp-json\/wp\/v2\/tags?post=154205"}],"curies":[{"name":"wp","href":"https:\/\/api.w.org\/{rel}","templated":true}]}}