{"id":153827,"date":"2025-02-06T10:21:48","date_gmt":"2025-02-06T08:21:48","guid":{"rendered":"https:\/\/ffcv.es\/wp\/?p=153827"},"modified":"2025-02-13T14:00:45","modified_gmt":"2025-02-13T12:00:45","slug":"convocatoria-amistoso-de-la-seleccio-valenciana-valenta-sub16-de-futbol-sala-en-upv-de-valencia-ante-cd-nou-turia","status":"publish","type":"post","link":"https:\/\/ffcv.es\/wp\/blog\/2025\/02\/convocatoria-amistoso-de-la-seleccio-valenciana-valenta-sub16-de-futbol-sala-en-upv-de-valencia-ante-cd-nou-turia\/","title":{"rendered":"CONVOCATORIA: Amistoso de la Selecci\u00f3 Valenciana Valenta sub16 de f\u00fatbol sala en UPV de Val\u00e8ncia ante CD Nou T\u00faria"},"content":{"rendered":"\n<p>La <strong>Federaci\u00f3 de Futbol de la Comunitat Valenciana<\/strong> ha hecho p\u00fablica una nueva convocatoria de la <strong><a href=\"https:\/\/ffcv.es\/wp\/seleccio-valenciana-valenta-futsal-sub16\/\">Selecci\u00f3 Valenciana Valenta sub16<\/a><\/strong> de f\u00fatbol sala.<\/p>\n\n\n\n<p>El combinado de <strong>\u00c1lex Mart\u00ednez<\/strong> contin\u00faa su preparaci\u00f3n para el <strong>Campeonato de Espa\u00f1a <\/strong>que se celebrar\u00e1 en <strong>Collado Mediano<\/strong> (<strong>Madrid)<\/strong>, del 19 al 23 de febrero<strong>, <\/strong>con un encuentro amistoso.<\/p>\n\n\n\n<p>Ser\u00e1 en el <strong>Pabell\u00f3n Deportivo Universidad Polit\u00e9cnica de Valencia<\/strong> el lunes 10 de febrero ante el <strong>CD<\/strong> <strong>Nou Turia<\/strong> de la <strong>Lliga Promoci\u00f3 Valenta<\/strong>, a las 17:15 horas.<\/p>\n\n\n\n<div data-wp-interactive=\"core\/file\" class=\"wp-block-file\"><object data-wp-bind--hidden=\"!state.hasPdfPreview\"  class=\"wp-block-file__embed\" data=\"https:\/\/ffcv.es\/wp\/wp-content\/uploads\/2025\/02\/CONV.-SUB-16-VALENTA-VALENCIA.pdf\" type=\"application\/pdf\" style=\"width:100%;height:600px\" aria-label=\"Incrustado de CONV. SUB-16 VALENTA VALENCIA.\"><\/object><a id=\"wp-block-file--media-37d4e5cb-f4f8-4c61-8407-14d473161f88\" href=\"https:\/\/ffcv.es\/wp\/wp-content\/uploads\/2025\/02\/CONV.-SUB-16-VALENTA-VALENCIA.pdf\">CONV. SUB-16 VALENTA VALENCIA<\/a><a href=\"https:\/\/ffcv.es\/wp\/wp-content\/uploads\/2025\/02\/CONV.-SUB-16-VALENTA-VALENCIA.pdf\" class=\"wp-block-file__button wp-element-button\" download aria-describedby=\"wp-block-file--media-37d4e5cb-f4f8-4c61-8407-14d473161f88\">Descarga<\/a><\/div>\n\n\n\n<figure class=\"wp-block-image size-large\"><img loading=\"lazy\" decoding=\"async\" width=\"1024\" height=\"683\" data-src=\"https:\/\/ffcv.es\/wp\/wp-content\/uploads\/2025\/02\/IMG_5954-1024x683.jpg\" alt=\"\" class=\"wp-image-153830 lazyload\" data-srcset=\"https:\/\/ffcv.es\/wp\/wp-content\/uploads\/2025\/02\/IMG_5954-1024x683.jpg 1024w, https:\/\/ffcv.es\/wp\/wp-content\/uploads\/2025\/02\/IMG_5954-300x200.jpg 300w, https:\/\/ffcv.es\/wp\/wp-content\/uploads\/2025\/02\/IMG_5954-768x512.jpg 768w, https:\/\/ffcv.es\/wp\/wp-content\/uploads\/2025\/02\/IMG_5954-1536x1024.jpg 1536w, https:\/\/ffcv.es\/wp\/wp-content\/uploads\/2025\/02\/IMG_5954-2048x1365.jpg 2048w, https:\/\/ffcv.es\/wp\/wp-content\/uploads\/2025\/02\/IMG_5954-280x187.jpg 280w, https:\/\/ffcv.es\/wp\/wp-content\/uploads\/2025\/02\/IMG_5954-1170x780.jpg 1170w, https:\/\/ffcv.es\/wp\/wp-content\/uploads\/2025\/02\/IMG_5954-scaled.jpg 1620w\" data-sizes=\"(max-width: 1024px) 100vw, 1024px\" src=\"data:image\/gif;base64,R0lGODlhAQABAAAAACH5BAEKAAEALAAAAAABAAEAAAICTAEAOw==\" style=\"--smush-placeholder-width: 1024px; --smush-placeholder-aspect-ratio: 1024\/683;\" \/><noscript><img loading=\"lazy\" decoding=\"async\" width=\"1024\" height=\"683\" src=\"https:\/\/ffcv.es\/wp\/wp-content\/uploads\/2025\/02\/IMG_5954-1024x683.jpg\" alt=\"\" class=\"wp-image-153830\" srcset=\"https:\/\/ffcv.es\/wp\/wp-content\/uploads\/2025\/02\/IMG_5954-1024x683.jpg 1024w, https:\/\/ffcv.es\/wp\/wp-content\/uploads\/2025\/02\/IMG_5954-300x200.jpg 300w, https:\/\/ffcv.es\/wp\/wp-content\/uploads\/2025\/02\/IMG_5954-768x512.jpg 768w, https:\/\/ffcv.es\/wp\/wp-content\/uploads\/2025\/02\/IMG_5954-1536x1024.jpg 1536w, https:\/\/ffcv.es\/wp\/wp-content\/uploads\/2025\/02\/IMG_5954-2048x1365.jpg 2048w, https:\/\/ffcv.es\/wp\/wp-content\/uploads\/2025\/02\/IMG_5954-280x187.jpg 280w, https:\/\/ffcv.es\/wp\/wp-content\/uploads\/2025\/02\/IMG_5954-1170x780.jpg 1170w, https:\/\/ffcv.es\/wp\/wp-content\/uploads\/2025\/02\/IMG_5954-scaled.jpg 1620w\" sizes=\"(max-width: 1024px) 100vw, 1024px\" \/><\/noscript><\/figure>\n\n\n\n<p>Hasta la fecha, la<strong> Selecci\u00f3 Valenta sub16<\/strong> ha realizado entrenamientos en <strong>Castell\u00f3 de la Plana<\/strong>, en <strong>Corbera <\/strong>, en<strong> Moixent<\/strong>, y en <strong>Val\u00e8ncia<\/strong>,  y ha disputado un amistoso en <strong>Castalla<\/strong> ante el <strong>CD At. Aspe<\/strong>, con victoria por 5-2.<\/p>\n\n\n\n<figure class=\"wp-block-image size-large\"><img loading=\"lazy\" decoding=\"async\" width=\"1024\" height=\"768\" data-src=\"https:\/\/ffcv.es\/wp\/wp-content\/uploads\/2025\/01\/16-dic-Seleccio-Valenta-sub16-en-Castalla-amistoso-vs-CD-At.-Aspe-1024x768.webp\" alt=\"\" class=\"wp-image-152758 lazyload\" data-srcset=\"https:\/\/ffcv.es\/wp\/wp-content\/uploads\/2025\/01\/16-dic-Seleccio-Valenta-sub16-en-Castalla-amistoso-vs-CD-At.-Aspe-1024x768.webp 1024w, https:\/\/ffcv.es\/wp\/wp-content\/uploads\/2025\/01\/16-dic-Seleccio-Valenta-sub16-en-Castalla-amistoso-vs-CD-At.-Aspe-300x225.webp 300w, https:\/\/ffcv.es\/wp\/wp-content\/uploads\/2025\/01\/16-dic-Seleccio-Valenta-sub16-en-Castalla-amistoso-vs-CD-At.-Aspe-768x576.webp 768w, https:\/\/ffcv.es\/wp\/wp-content\/uploads\/2025\/01\/16-dic-Seleccio-Valenta-sub16-en-Castalla-amistoso-vs-CD-At.-Aspe-1536x1152.webp 1536w, https:\/\/ffcv.es\/wp\/wp-content\/uploads\/2025\/01\/16-dic-Seleccio-Valenta-sub16-en-Castalla-amistoso-vs-CD-At.-Aspe-249x187.webp 249w, https:\/\/ffcv.es\/wp\/wp-content\/uploads\/2025\/01\/16-dic-Seleccio-Valenta-sub16-en-Castalla-amistoso-vs-CD-At.-Aspe-1170x878.webp 1170w, https:\/\/ffcv.es\/wp\/wp-content\/uploads\/2025\/01\/16-dic-Seleccio-Valenta-sub16-en-Castalla-amistoso-vs-CD-At.-Aspe-scaled.webp 1440w\" data-sizes=\"(max-width: 1024px) 100vw, 1024px\" src=\"data:image\/gif;base64,R0lGODlhAQABAAAAACH5BAEKAAEALAAAAAABAAEAAAICTAEAOw==\" style=\"--smush-placeholder-width: 1024px; --smush-placeholder-aspect-ratio: 1024\/768;\" \/><noscript><img loading=\"lazy\" decoding=\"async\" width=\"1024\" height=\"768\" src=\"https:\/\/ffcv.es\/wp\/wp-content\/uploads\/2025\/01\/16-dic-Seleccio-Valenta-sub16-en-Castalla-amistoso-vs-CD-At.-Aspe-1024x768.webp\" alt=\"\" class=\"wp-image-152758\" srcset=\"https:\/\/ffcv.es\/wp\/wp-content\/uploads\/2025\/01\/16-dic-Seleccio-Valenta-sub16-en-Castalla-amistoso-vs-CD-At.-Aspe-1024x768.webp 1024w, https:\/\/ffcv.es\/wp\/wp-content\/uploads\/2025\/01\/16-dic-Seleccio-Valenta-sub16-en-Castalla-amistoso-vs-CD-At.-Aspe-300x225.webp 300w, https:\/\/ffcv.es\/wp\/wp-content\/uploads\/2025\/01\/16-dic-Seleccio-Valenta-sub16-en-Castalla-amistoso-vs-CD-At.-Aspe-768x576.webp 768w, https:\/\/ffcv.es\/wp\/wp-content\/uploads\/2025\/01\/16-dic-Seleccio-Valenta-sub16-en-Castalla-amistoso-vs-CD-At.-Aspe-1536x1152.webp 1536w, https:\/\/ffcv.es\/wp\/wp-content\/uploads\/2025\/01\/16-dic-Seleccio-Valenta-sub16-en-Castalla-amistoso-vs-CD-At.-Aspe-249x187.webp 249w, https:\/\/ffcv.es\/wp\/wp-content\/uploads\/2025\/01\/16-dic-Seleccio-Valenta-sub16-en-Castalla-amistoso-vs-CD-At.-Aspe-1170x878.webp 1170w, https:\/\/ffcv.es\/wp\/wp-content\/uploads\/2025\/01\/16-dic-Seleccio-Valenta-sub16-en-Castalla-amistoso-vs-CD-At.-Aspe-scaled.webp 1440w\" sizes=\"(max-width: 1024px) 100vw, 1024px\" \/><\/noscript><figcaption class=\"wp-element-caption\">Jugadoras que participaron en el amistoso de Castalla.<\/figcaption><\/figure>\n\n\n\n<figure class=\"wp-block-image\"><a href=\"https:\/\/t.me\/somFutsal\"><img loading=\"lazy\" decoding=\"async\" width=\"1024\" height=\"341\" data-src=\"https:\/\/ffcv.es\/wp\/wp-content\/uploads\/2024\/06\/tw-cabecera_Mesa-de-trabajo-1-1024x341.png\" alt=\"\" class=\"wp-image-138634 lazyload\" data-srcset=\"https:\/\/ffcv.es\/wp\/wp-content\/uploads\/2024\/06\/tw-cabecera_Mesa-de-trabajo-1-1024x341.png 1024w, https:\/\/ffcv.es\/wp\/wp-content\/uploads\/2024\/06\/tw-cabecera_Mesa-de-trabajo-1-300x100.png 300w, https:\/\/ffcv.es\/wp\/wp-content\/uploads\/2024\/06\/tw-cabecera_Mesa-de-trabajo-1-768x256.png 768w, https:\/\/ffcv.es\/wp\/wp-content\/uploads\/2024\/06\/tw-cabecera_Mesa-de-trabajo-1-1536x512.png 1536w, https:\/\/ffcv.es\/wp\/wp-content\/uploads\/2024\/06\/tw-cabecera_Mesa-de-trabajo-1-2048x683.png 2048w, https:\/\/ffcv.es\/wp\/wp-content\/uploads\/2024\/06\/tw-cabecera_Mesa-de-trabajo-1-280x93.png 280w, https:\/\/ffcv.es\/wp\/wp-content\/uploads\/2024\/06\/tw-cabecera_Mesa-de-trabajo-1-1170x390.png 1170w, https:\/\/ffcv.es\/wp\/wp-content\/uploads\/2024\/06\/tw-cabecera_Mesa-de-trabajo-1.png 1920w\" data-sizes=\"(max-width: 1024px) 100vw, 1024px\" src=\"data:image\/gif;base64,R0lGODlhAQABAAAAACH5BAEKAAEALAAAAAABAAEAAAICTAEAOw==\" style=\"--smush-placeholder-width: 1024px; --smush-placeholder-aspect-ratio: 1024\/341;\" \/><noscript><img loading=\"lazy\" decoding=\"async\" width=\"1024\" height=\"341\" src=\"https:\/\/ffcv.es\/wp\/wp-content\/uploads\/2024\/06\/tw-cabecera_Mesa-de-trabajo-1-1024x341.png\" alt=\"\" class=\"wp-image-138634\" srcset=\"https:\/\/ffcv.es\/wp\/wp-content\/uploads\/2024\/06\/tw-cabecera_Mesa-de-trabajo-1-1024x341.png 1024w, https:\/\/ffcv.es\/wp\/wp-content\/uploads\/2024\/06\/tw-cabecera_Mesa-de-trabajo-1-300x100.png 300w, https:\/\/ffcv.es\/wp\/wp-content\/uploads\/2024\/06\/tw-cabecera_Mesa-de-trabajo-1-768x256.png 768w, https:\/\/ffcv.es\/wp\/wp-content\/uploads\/2024\/06\/tw-cabecera_Mesa-de-trabajo-1-1536x512.png 1536w, https:\/\/ffcv.es\/wp\/wp-content\/uploads\/2024\/06\/tw-cabecera_Mesa-de-trabajo-1-2048x683.png 2048w, https:\/\/ffcv.es\/wp\/wp-content\/uploads\/2024\/06\/tw-cabecera_Mesa-de-trabajo-1-280x93.png 280w, https:\/\/ffcv.es\/wp\/wp-content\/uploads\/2024\/06\/tw-cabecera_Mesa-de-trabajo-1-1170x390.png 1170w, https:\/\/ffcv.es\/wp\/wp-content\/uploads\/2024\/06\/tw-cabecera_Mesa-de-trabajo-1.png 1920w\" sizes=\"(max-width: 1024px) 100vw, 1024px\" \/><\/noscript><\/a><\/figure>\n\n\n\n<p><em>Para estar al d\u00eda de todas las novedades sobre el f\u00fatbol sala en la Comunitat Valenciana sigue el&nbsp;<strong>CANAL DE TELEGRAM&nbsp;<\/strong>oficial de la FFCV y&nbsp;<strong>exclusivo de futsal<\/strong>&nbsp;#somFutsal | FFCV \ud83d\ude03<\/em><\/p>\n\n\n\n<p><em><strong>S\u00edguelo pinchando<\/strong>&nbsp;<strong>AQU\u00cd<\/strong>&nbsp;\u279c&nbsp;<a href=\"https:\/\/t.me\/somFutsal\">https:\/\/t.me\/somFutsal<\/a><\/em><\/p>\n","protected":false},"excerpt":{"rendered":"<p>La Federaci\u00f3 de Futbol de la Comunitat Valenciana ha hecho p\u00fablica una nueva convocatoria de la Selecci\u00f3 Valenciana Valenta sub16 de f\u00fatbol sala. El combinado de \u00c1lex Mart\u00ednez contin\u00faa su preparaci\u00f3n para el Campeonato de Espa\u00f1a que se celebrar\u00e1 en Collado Mediano (Madrid), del 19 al 23 de febrero, con un encuentro amistoso. Ser\u00e1 en<\/p>\n","protected":false},"author":16,"featured_media":153829,"comment_status":"closed","ping_status":"closed","sticky":false,"template":"","format":"standard","meta":{"om_disable_all_campaigns":false,"footnotes":""},"categories":[3466,4,72],"tags":[7046,102,7653,1124],"class_list":["post-153827","post","type-post","status-publish","format-standard","has-post-thumbnail","hentry","category-noticias-seleccio-valenta-futsal-sub16","category-noticias-futbol-sala","category-noticias-selecciones","tag-alex-martinez-es","tag-convocatoria","tag-seleccio-valenta-sub16-futsal","tag-valenta"],"aioseo_notices":[],"_links":{"self":[{"href":"https:\/\/ffcv.es\/wp\/wp-json\/wp\/v2\/posts\/153827"}],"collection":[{"href":"https:\/\/ffcv.es\/wp\/wp-json\/wp\/v2\/posts"}],"about":[{"href":"https:\/\/ffcv.es\/wp\/wp-json\/wp\/v2\/types\/post"}],"author":[{"embeddable":true,"href":"https:\/\/ffcv.es\/wp\/wp-json\/wp\/v2\/users\/16"}],"replies":[{"embeddable":true,"href":"https:\/\/ffcv.es\/wp\/wp-json\/wp\/v2\/comments?post=153827"}],"version-history":[{"count":2,"href":"https:\/\/ffcv.es\/wp\/wp-json\/wp\/v2\/posts\/153827\/revisions"}],"predecessor-version":[{"id":154276,"href":"https:\/\/ffcv.es\/wp\/wp-json\/wp\/v2\/posts\/153827\/revisions\/154276"}],"wp:featuredmedia":[{"embeddable":true,"href":"https:\/\/ffcv.es\/wp\/wp-json\/wp\/v2\/media\/153829"}],"wp:attachment":[{"href":"https:\/\/ffcv.es\/wp\/wp-json\/wp\/v2\/media?parent=153827"}],"wp:term":[{"taxonomy":"category","embeddable":true,"href":"https:\/\/ffcv.es\/wp\/wp-json\/wp\/v2\/categories?post=153827"},{"taxonomy":"post_tag","embeddable":true,"href":"https:\/\/ffcv.es\/wp\/wp-json\/wp\/v2\/tags?post=153827"}],"curies":[{"name":"wp","href":"https:\/\/api.w.org\/{rel}","templated":true}]}}