{"id":15207,"date":"2017-07-29T19:35:29","date_gmt":"2017-07-29T19:35:29","guid":{"rendered":"https:\/\/ffcv.es\/wp\/?p=15207"},"modified":"2017-07-29T19:58:21","modified_gmt":"2017-07-29T19:58:21","slug":"comunicado-oficial-2","status":"publish","type":"post","link":"https:\/\/ffcv.es\/wp\/blog\/2017\/07\/comunicado-oficial-2\/","title":{"rendered":"COMUNICADO OFICIAL"},"content":{"rendered":"<p>La Federaci\u00f3n de F\u00fatbol de la Comunidad Valenciana (FFCV), ante las noticias confusas que se vienen dando en las \u00faltimas horas, comunica que:<\/p>\n<p>En la\u00a0reuni\u00f3n convocada con los clubes de Tercera Divisi\u00f3n y Segunda \u00abB\u00bb de nuestra territorial, prevista para el pr\u00f3ximo martes 1 de agosto, solo se van a tratar\u00a0los temas que figuran en el orden del d\u00eda que han recibido los clubes y que son los siguientes:<\/p>\n<p>1- Aspectos sobre reglamentaci\u00f3n federativa y actualidad normativa.<\/p>\n<p>2- Aspectos sobre el Real Decreto Audiovisuales.<\/p>\n<p>3- Calendario 3a Divisi\u00f3n.<\/p>\n<p>4- Ruegos y preguntas.<\/p>\n<p>Lo que se comunica a los efectos oportunos.<\/p>\n<p>Autor: Prensa FFCV<\/p>\n","protected":false},"excerpt":{"rendered":"<p>La Federaci\u00f3n de F\u00fatbol de la Comunidad Valenciana (FFCV), ante las noticias confusas que se vienen dando en las \u00faltimas horas, comunica que: En la\u00a0reuni\u00f3n convocada con los clubes de Tercera Divisi\u00f3n y Segunda \u00abB\u00bb de nuestra territorial, prevista para el pr\u00f3ximo martes 1 de agosto, solo se van a tratar\u00a0los temas que figuran en<\/p>\n","protected":false},"author":7,"featured_media":12740,"comment_status":"closed","ping_status":"closed","sticky":false,"template":"","format":"standard","meta":{"om_disable_all_campaigns":false,"footnotes":""},"categories":[16,69],"tags":[102,229,57,91],"class_list":["post-15207","post","type-post","status-publish","format-standard","has-post-thumbnail","hentry","category-actualidad","category-noticias-ffcv","tag-convocatoria","tag-segunda-b","tag-tercera-division","tag-valencia"],"aioseo_notices":[],"_links":{"self":[{"href":"https:\/\/ffcv.es\/wp\/wp-json\/wp\/v2\/posts\/15207"}],"collection":[{"href":"https:\/\/ffcv.es\/wp\/wp-json\/wp\/v2\/posts"}],"about":[{"href":"https:\/\/ffcv.es\/wp\/wp-json\/wp\/v2\/types\/post"}],"author":[{"embeddable":true,"href":"https:\/\/ffcv.es\/wp\/wp-json\/wp\/v2\/users\/7"}],"replies":[{"embeddable":true,"href":"https:\/\/ffcv.es\/wp\/wp-json\/wp\/v2\/comments?post=15207"}],"version-history":[{"count":3,"href":"https:\/\/ffcv.es\/wp\/wp-json\/wp\/v2\/posts\/15207\/revisions"}],"predecessor-version":[{"id":15216,"href":"https:\/\/ffcv.es\/wp\/wp-json\/wp\/v2\/posts\/15207\/revisions\/15216"}],"wp:featuredmedia":[{"embeddable":true,"href":"https:\/\/ffcv.es\/wp\/wp-json\/wp\/v2\/media\/12740"}],"wp:attachment":[{"href":"https:\/\/ffcv.es\/wp\/wp-json\/wp\/v2\/media?parent=15207"}],"wp:term":[{"taxonomy":"category","embeddable":true,"href":"https:\/\/ffcv.es\/wp\/wp-json\/wp\/v2\/categories?post=15207"},{"taxonomy":"post_tag","embeddable":true,"href":"https:\/\/ffcv.es\/wp\/wp-json\/wp\/v2\/tags?post=15207"}],"curies":[{"name":"wp","href":"https:\/\/api.w.org\/{rel}","templated":true}]}}