{"id":152008,"date":"2024-12-16T12:29:21","date_gmt":"2024-12-16T10:29:21","guid":{"rendered":"https:\/\/ffcv.es\/wp\/?p=152008"},"modified":"2024-12-16T12:56:33","modified_gmt":"2024-12-16T10:56:33","slug":"la-sexta-jornada-deja-nueve-equipos-clasificados-para-la-segunda-fase-de-copa-federacion-alevin","status":"publish","type":"post","link":"https:\/\/ffcv.es\/wp\/blog\/2024\/12\/la-sexta-jornada-deja-nueve-equipos-clasificados-para-la-segunda-fase-de-copa-federacion-alevin\/","title":{"rendered":"La sexta jornada deja nueve equipos clasificados para la segunda fase de Copa Federaci\u00f3n Alev\u00edn"},"content":{"rendered":"\n<p>La sexta jornada de la\u00a0Copa Federaci\u00f3n de F\u00fatbol Base\u00a0dej\u00f3 ayer un total de nueve equipos clasificados para la Segunda Fase de competici\u00f3n entre los representantes de primer y de segundo a\u00f1o.<\/p>\n\n\n\n<p>Los campos del <strong>CD El Planter<\/strong> en <strong>Pu\u00e7ol<\/strong> (<strong>Val\u00e8ncia<\/strong>) vivieron durante la jornada de ayer el desarrollo de la sexta jornada de la competici\u00f3n copera en categor\u00eda Alev\u00edn, con gran seguimiento por parte de familiares y aficionados.<\/p>\n\n\n\n<figure class=\"wp-block-gallery has-nested-images columns-default is-cropped wp-block-gallery-1 is-layout-flex wp-block-gallery-is-layout-flex\">\n<figure class=\"wp-block-image size-large\"><img loading=\"lazy\" decoding=\"async\" width=\"1000\" height=\"750\" data-id=\"152009\" data-src=\"https:\/\/ffcv.es\/wp\/wp-content\/uploads\/2024\/12\/1o-ANO-FUNDACION-VALENCIA-CF-B-jpg.webp\" alt=\"\" class=\"wp-image-152009 lazyload\" data-srcset=\"https:\/\/ffcv.es\/wp\/wp-content\/uploads\/2024\/12\/1o-ANO-FUNDACION-VALENCIA-CF-B-jpg.webp 1000w, https:\/\/ffcv.es\/wp\/wp-content\/uploads\/2024\/12\/1o-ANO-FUNDACION-VALENCIA-CF-B-300x225.webp 300w, https:\/\/ffcv.es\/wp\/wp-content\/uploads\/2024\/12\/1o-ANO-FUNDACION-VALENCIA-CF-B-768x576.webp 768w, https:\/\/ffcv.es\/wp\/wp-content\/uploads\/2024\/12\/1o-ANO-FUNDACION-VALENCIA-CF-B-249x187.webp 249w\" data-sizes=\"(max-width: 1000px) 100vw, 1000px\" src=\"data:image\/gif;base64,R0lGODlhAQABAAAAACH5BAEKAAEALAAAAAABAAEAAAICTAEAOw==\" style=\"--smush-placeholder-width: 1000px; --smush-placeholder-aspect-ratio: 1000\/750;\" \/><noscript><img loading=\"lazy\" decoding=\"async\" width=\"1000\" height=\"750\" data-id=\"152009\" src=\"https:\/\/ffcv.es\/wp\/wp-content\/uploads\/2024\/12\/1o-ANO-FUNDACION-VALENCIA-CF-B-jpg.webp\" alt=\"\" class=\"wp-image-152009\" srcset=\"https:\/\/ffcv.es\/wp\/wp-content\/uploads\/2024\/12\/1o-ANO-FUNDACION-VALENCIA-CF-B-jpg.webp 1000w, https:\/\/ffcv.es\/wp\/wp-content\/uploads\/2024\/12\/1o-ANO-FUNDACION-VALENCIA-CF-B-300x225.webp 300w, https:\/\/ffcv.es\/wp\/wp-content\/uploads\/2024\/12\/1o-ANO-FUNDACION-VALENCIA-CF-B-768x576.webp 768w, https:\/\/ffcv.es\/wp\/wp-content\/uploads\/2024\/12\/1o-ANO-FUNDACION-VALENCIA-CF-B-249x187.webp 249w\" sizes=\"(max-width: 1000px) 100vw, 1000px\" \/><\/noscript><\/figure>\n\n\n\n<figure class=\"wp-block-image size-large\"><img loading=\"lazy\" decoding=\"async\" width=\"1000\" height=\"750\" data-id=\"152011\" data-src=\"https:\/\/ffcv.es\/wp\/wp-content\/uploads\/2024\/12\/1o-ANO-SPORTING-BENIFERRI-B-jpg.webp\" alt=\"\" class=\"wp-image-152011 lazyload\" data-srcset=\"https:\/\/ffcv.es\/wp\/wp-content\/uploads\/2024\/12\/1o-ANO-SPORTING-BENIFERRI-B-jpg.webp 1000w, https:\/\/ffcv.es\/wp\/wp-content\/uploads\/2024\/12\/1o-ANO-SPORTING-BENIFERRI-B-300x225.webp 300w, https:\/\/ffcv.es\/wp\/wp-content\/uploads\/2024\/12\/1o-ANO-SPORTING-BENIFERRI-B-768x576.webp 768w, https:\/\/ffcv.es\/wp\/wp-content\/uploads\/2024\/12\/1o-ANO-SPORTING-BENIFERRI-B-249x187.webp 249w\" data-sizes=\"(max-width: 1000px) 100vw, 1000px\" src=\"data:image\/gif;base64,R0lGODlhAQABAAAAACH5BAEKAAEALAAAAAABAAEAAAICTAEAOw==\" style=\"--smush-placeholder-width: 1000px; --smush-placeholder-aspect-ratio: 1000\/750;\" \/><noscript><img loading=\"lazy\" decoding=\"async\" width=\"1000\" height=\"750\" data-id=\"152011\" src=\"https:\/\/ffcv.es\/wp\/wp-content\/uploads\/2024\/12\/1o-ANO-SPORTING-BENIFERRI-B-jpg.webp\" alt=\"\" class=\"wp-image-152011\" srcset=\"https:\/\/ffcv.es\/wp\/wp-content\/uploads\/2024\/12\/1o-ANO-SPORTING-BENIFERRI-B-jpg.webp 1000w, https:\/\/ffcv.es\/wp\/wp-content\/uploads\/2024\/12\/1o-ANO-SPORTING-BENIFERRI-B-300x225.webp 300w, https:\/\/ffcv.es\/wp\/wp-content\/uploads\/2024\/12\/1o-ANO-SPORTING-BENIFERRI-B-768x576.webp 768w, https:\/\/ffcv.es\/wp\/wp-content\/uploads\/2024\/12\/1o-ANO-SPORTING-BENIFERRI-B-249x187.webp 249w\" sizes=\"(max-width: 1000px) 100vw, 1000px\" \/><\/noscript><\/figure>\n\n\n\n<figure class=\"wp-block-image size-large\"><img loading=\"lazy\" decoding=\"async\" width=\"1000\" height=\"750\" data-id=\"152010\" data-src=\"https:\/\/ffcv.es\/wp\/wp-content\/uploads\/2024\/12\/1o-ANO-UD-ALZIRA-C-jpg.webp\" alt=\"\" class=\"wp-image-152010 lazyload\" data-srcset=\"https:\/\/ffcv.es\/wp\/wp-content\/uploads\/2024\/12\/1o-ANO-UD-ALZIRA-C-jpg.webp 1000w, https:\/\/ffcv.es\/wp\/wp-content\/uploads\/2024\/12\/1o-ANO-UD-ALZIRA-C-300x225.webp 300w, https:\/\/ffcv.es\/wp\/wp-content\/uploads\/2024\/12\/1o-ANO-UD-ALZIRA-C-768x576.webp 768w, https:\/\/ffcv.es\/wp\/wp-content\/uploads\/2024\/12\/1o-ANO-UD-ALZIRA-C-249x187.webp 249w\" data-sizes=\"(max-width: 1000px) 100vw, 1000px\" src=\"data:image\/gif;base64,R0lGODlhAQABAAAAACH5BAEKAAEALAAAAAABAAEAAAICTAEAOw==\" style=\"--smush-placeholder-width: 1000px; --smush-placeholder-aspect-ratio: 1000\/750;\" \/><noscript><img loading=\"lazy\" decoding=\"async\" width=\"1000\" height=\"750\" data-id=\"152010\" src=\"https:\/\/ffcv.es\/wp\/wp-content\/uploads\/2024\/12\/1o-ANO-UD-ALZIRA-C-jpg.webp\" alt=\"\" class=\"wp-image-152010\" srcset=\"https:\/\/ffcv.es\/wp\/wp-content\/uploads\/2024\/12\/1o-ANO-UD-ALZIRA-C-jpg.webp 1000w, https:\/\/ffcv.es\/wp\/wp-content\/uploads\/2024\/12\/1o-ANO-UD-ALZIRA-C-300x225.webp 300w, https:\/\/ffcv.es\/wp\/wp-content\/uploads\/2024\/12\/1o-ANO-UD-ALZIRA-C-768x576.webp 768w, https:\/\/ffcv.es\/wp\/wp-content\/uploads\/2024\/12\/1o-ANO-UD-ALZIRA-C-249x187.webp 249w\" sizes=\"(max-width: 1000px) 100vw, 1000px\" \/><\/noscript><\/figure>\n<\/figure>\n\n\n\n<p>Tras el habitual transcurso de la jornada matinal de enfrentamientos en cada uno de los grupos, divididos en equipos de primer y de segundo a\u00f1o, se lleg\u00f3 a las eliminatorias de cruces, en las que entre los representantes de primer a\u00f1o lograron el pasaporte a la Segunda Fase\u00a0<strong>UD Alzira F, CF Sporting Beniferri B<\/strong> y <strong>Fundaci\u00f3n Valencia CF B<\/strong>.<\/p>\n\n\n\n<figure class=\"wp-block-gallery has-nested-images columns-default is-cropped wp-block-gallery-2 is-layout-flex wp-block-gallery-is-layout-flex\">\n<figure class=\"wp-block-image size-large\"><img loading=\"lazy\" decoding=\"async\" width=\"1000\" height=\"750\" data-id=\"152018\" data-src=\"https:\/\/ffcv.es\/wp\/wp-content\/uploads\/2024\/12\/2o-ANO-ALBORAYA-UD-A-jpg.webp\" alt=\"\" class=\"wp-image-152018 lazyload\" data-srcset=\"https:\/\/ffcv.es\/wp\/wp-content\/uploads\/2024\/12\/2o-ANO-ALBORAYA-UD-A-jpg.webp 1000w, https:\/\/ffcv.es\/wp\/wp-content\/uploads\/2024\/12\/2o-ANO-ALBORAYA-UD-A-300x225.webp 300w, https:\/\/ffcv.es\/wp\/wp-content\/uploads\/2024\/12\/2o-ANO-ALBORAYA-UD-A-768x576.webp 768w, https:\/\/ffcv.es\/wp\/wp-content\/uploads\/2024\/12\/2o-ANO-ALBORAYA-UD-A-249x187.webp 249w\" data-sizes=\"(max-width: 1000px) 100vw, 1000px\" src=\"data:image\/gif;base64,R0lGODlhAQABAAAAACH5BAEKAAEALAAAAAABAAEAAAICTAEAOw==\" style=\"--smush-placeholder-width: 1000px; --smush-placeholder-aspect-ratio: 1000\/750;\" \/><noscript><img loading=\"lazy\" decoding=\"async\" width=\"1000\" height=\"750\" data-id=\"152018\" src=\"https:\/\/ffcv.es\/wp\/wp-content\/uploads\/2024\/12\/2o-ANO-ALBORAYA-UD-A-jpg.webp\" alt=\"\" class=\"wp-image-152018\" srcset=\"https:\/\/ffcv.es\/wp\/wp-content\/uploads\/2024\/12\/2o-ANO-ALBORAYA-UD-A-jpg.webp 1000w, https:\/\/ffcv.es\/wp\/wp-content\/uploads\/2024\/12\/2o-ANO-ALBORAYA-UD-A-300x225.webp 300w, https:\/\/ffcv.es\/wp\/wp-content\/uploads\/2024\/12\/2o-ANO-ALBORAYA-UD-A-768x576.webp 768w, https:\/\/ffcv.es\/wp\/wp-content\/uploads\/2024\/12\/2o-ANO-ALBORAYA-UD-A-249x187.webp 249w\" sizes=\"(max-width: 1000px) 100vw, 1000px\" \/><\/noscript><\/figure>\n\n\n\n<figure class=\"wp-block-image size-large\"><img loading=\"lazy\" decoding=\"async\" width=\"1000\" height=\"750\" data-id=\"152016\" data-src=\"https:\/\/ffcv.es\/wp\/wp-content\/uploads\/2024\/12\/2o-ANO-FUNDACION-VALENCIA-CF-A-jpg.webp\" alt=\"\" class=\"wp-image-152016 lazyload\" data-srcset=\"https:\/\/ffcv.es\/wp\/wp-content\/uploads\/2024\/12\/2o-ANO-FUNDACION-VALENCIA-CF-A-jpg.webp 1000w, https:\/\/ffcv.es\/wp\/wp-content\/uploads\/2024\/12\/2o-ANO-FUNDACION-VALENCIA-CF-A-300x225.webp 300w, https:\/\/ffcv.es\/wp\/wp-content\/uploads\/2024\/12\/2o-ANO-FUNDACION-VALENCIA-CF-A-768x576.webp 768w, https:\/\/ffcv.es\/wp\/wp-content\/uploads\/2024\/12\/2o-ANO-FUNDACION-VALENCIA-CF-A-249x187.webp 249w\" data-sizes=\"(max-width: 1000px) 100vw, 1000px\" src=\"data:image\/gif;base64,R0lGODlhAQABAAAAACH5BAEKAAEALAAAAAABAAEAAAICTAEAOw==\" style=\"--smush-placeholder-width: 1000px; --smush-placeholder-aspect-ratio: 1000\/750;\" \/><noscript><img loading=\"lazy\" decoding=\"async\" width=\"1000\" height=\"750\" data-id=\"152016\" src=\"https:\/\/ffcv.es\/wp\/wp-content\/uploads\/2024\/12\/2o-ANO-FUNDACION-VALENCIA-CF-A-jpg.webp\" alt=\"\" class=\"wp-image-152016\" srcset=\"https:\/\/ffcv.es\/wp\/wp-content\/uploads\/2024\/12\/2o-ANO-FUNDACION-VALENCIA-CF-A-jpg.webp 1000w, https:\/\/ffcv.es\/wp\/wp-content\/uploads\/2024\/12\/2o-ANO-FUNDACION-VALENCIA-CF-A-300x225.webp 300w, https:\/\/ffcv.es\/wp\/wp-content\/uploads\/2024\/12\/2o-ANO-FUNDACION-VALENCIA-CF-A-768x576.webp 768w, https:\/\/ffcv.es\/wp\/wp-content\/uploads\/2024\/12\/2o-ANO-FUNDACION-VALENCIA-CF-A-249x187.webp 249w\" sizes=\"(max-width: 1000px) 100vw, 1000px\" \/><\/noscript><\/figure>\n\n\n\n<figure class=\"wp-block-image size-large\"><img loading=\"lazy\" decoding=\"async\" width=\"1000\" height=\"750\" data-id=\"152015\" data-src=\"https:\/\/ffcv.es\/wp\/wp-content\/uploads\/2024\/12\/2o-ANO-PATACONA-CF-A-jpg.webp\" alt=\"\" class=\"wp-image-152015 lazyload\" data-srcset=\"https:\/\/ffcv.es\/wp\/wp-content\/uploads\/2024\/12\/2o-ANO-PATACONA-CF-A-jpg.webp 1000w, https:\/\/ffcv.es\/wp\/wp-content\/uploads\/2024\/12\/2o-ANO-PATACONA-CF-A-300x225.webp 300w, https:\/\/ffcv.es\/wp\/wp-content\/uploads\/2024\/12\/2o-ANO-PATACONA-CF-A-768x576.webp 768w, https:\/\/ffcv.es\/wp\/wp-content\/uploads\/2024\/12\/2o-ANO-PATACONA-CF-A-249x187.webp 249w\" data-sizes=\"(max-width: 1000px) 100vw, 1000px\" src=\"data:image\/gif;base64,R0lGODlhAQABAAAAACH5BAEKAAEALAAAAAABAAEAAAICTAEAOw==\" style=\"--smush-placeholder-width: 1000px; --smush-placeholder-aspect-ratio: 1000\/750;\" \/><noscript><img loading=\"lazy\" decoding=\"async\" width=\"1000\" height=\"750\" data-id=\"152015\" src=\"https:\/\/ffcv.es\/wp\/wp-content\/uploads\/2024\/12\/2o-ANO-PATACONA-CF-A-jpg.webp\" alt=\"\" class=\"wp-image-152015\" srcset=\"https:\/\/ffcv.es\/wp\/wp-content\/uploads\/2024\/12\/2o-ANO-PATACONA-CF-A-jpg.webp 1000w, https:\/\/ffcv.es\/wp\/wp-content\/uploads\/2024\/12\/2o-ANO-PATACONA-CF-A-300x225.webp 300w, https:\/\/ffcv.es\/wp\/wp-content\/uploads\/2024\/12\/2o-ANO-PATACONA-CF-A-768x576.webp 768w, https:\/\/ffcv.es\/wp\/wp-content\/uploads\/2024\/12\/2o-ANO-PATACONA-CF-A-249x187.webp 249w\" sizes=\"(max-width: 1000px) 100vw, 1000px\" \/><\/noscript><\/figure>\n\n\n\n<figure class=\"wp-block-image size-large\"><img loading=\"lazy\" decoding=\"async\" width=\"1000\" height=\"750\" data-id=\"152013\" data-src=\"https:\/\/ffcv.es\/wp\/wp-content\/uploads\/2024\/12\/2o-ANO-SPORTING-DE-XIRIVELLA-B-jpg.webp\" alt=\"\" class=\"wp-image-152013 lazyload\" data-srcset=\"https:\/\/ffcv.es\/wp\/wp-content\/uploads\/2024\/12\/2o-ANO-SPORTING-DE-XIRIVELLA-B-jpg.webp 1000w, https:\/\/ffcv.es\/wp\/wp-content\/uploads\/2024\/12\/2o-ANO-SPORTING-DE-XIRIVELLA-B-300x225.webp 300w, https:\/\/ffcv.es\/wp\/wp-content\/uploads\/2024\/12\/2o-ANO-SPORTING-DE-XIRIVELLA-B-768x576.webp 768w, https:\/\/ffcv.es\/wp\/wp-content\/uploads\/2024\/12\/2o-ANO-SPORTING-DE-XIRIVELLA-B-249x187.webp 249w\" data-sizes=\"(max-width: 1000px) 100vw, 1000px\" src=\"data:image\/gif;base64,R0lGODlhAQABAAAAACH5BAEKAAEALAAAAAABAAEAAAICTAEAOw==\" style=\"--smush-placeholder-width: 1000px; --smush-placeholder-aspect-ratio: 1000\/750;\" \/><noscript><img loading=\"lazy\" decoding=\"async\" width=\"1000\" height=\"750\" data-id=\"152013\" src=\"https:\/\/ffcv.es\/wp\/wp-content\/uploads\/2024\/12\/2o-ANO-SPORTING-DE-XIRIVELLA-B-jpg.webp\" alt=\"\" class=\"wp-image-152013\" srcset=\"https:\/\/ffcv.es\/wp\/wp-content\/uploads\/2024\/12\/2o-ANO-SPORTING-DE-XIRIVELLA-B-jpg.webp 1000w, https:\/\/ffcv.es\/wp\/wp-content\/uploads\/2024\/12\/2o-ANO-SPORTING-DE-XIRIVELLA-B-300x225.webp 300w, https:\/\/ffcv.es\/wp\/wp-content\/uploads\/2024\/12\/2o-ANO-SPORTING-DE-XIRIVELLA-B-768x576.webp 768w, https:\/\/ffcv.es\/wp\/wp-content\/uploads\/2024\/12\/2o-ANO-SPORTING-DE-XIRIVELLA-B-249x187.webp 249w\" sizes=\"(max-width: 1000px) 100vw, 1000px\" \/><\/noscript><\/figure>\n\n\n\n<figure class=\"wp-block-image size-large\"><img loading=\"lazy\" decoding=\"async\" width=\"1000\" height=\"750\" data-id=\"152014\" data-src=\"https:\/\/ffcv.es\/wp\/wp-content\/uploads\/2024\/12\/2o-ANO-UD-ALZIRA-C-jpg.webp\" alt=\"\" class=\"wp-image-152014 lazyload\" data-srcset=\"https:\/\/ffcv.es\/wp\/wp-content\/uploads\/2024\/12\/2o-ANO-UD-ALZIRA-C-jpg.webp 1000w, https:\/\/ffcv.es\/wp\/wp-content\/uploads\/2024\/12\/2o-ANO-UD-ALZIRA-C-300x225.webp 300w, https:\/\/ffcv.es\/wp\/wp-content\/uploads\/2024\/12\/2o-ANO-UD-ALZIRA-C-768x576.webp 768w, https:\/\/ffcv.es\/wp\/wp-content\/uploads\/2024\/12\/2o-ANO-UD-ALZIRA-C-249x187.webp 249w\" data-sizes=\"(max-width: 1000px) 100vw, 1000px\" src=\"data:image\/gif;base64,R0lGODlhAQABAAAAACH5BAEKAAEALAAAAAABAAEAAAICTAEAOw==\" style=\"--smush-placeholder-width: 1000px; --smush-placeholder-aspect-ratio: 1000\/750;\" \/><noscript><img loading=\"lazy\" decoding=\"async\" width=\"1000\" height=\"750\" data-id=\"152014\" src=\"https:\/\/ffcv.es\/wp\/wp-content\/uploads\/2024\/12\/2o-ANO-UD-ALZIRA-C-jpg.webp\" alt=\"\" class=\"wp-image-152014\" srcset=\"https:\/\/ffcv.es\/wp\/wp-content\/uploads\/2024\/12\/2o-ANO-UD-ALZIRA-C-jpg.webp 1000w, https:\/\/ffcv.es\/wp\/wp-content\/uploads\/2024\/12\/2o-ANO-UD-ALZIRA-C-300x225.webp 300w, https:\/\/ffcv.es\/wp\/wp-content\/uploads\/2024\/12\/2o-ANO-UD-ALZIRA-C-768x576.webp 768w, https:\/\/ffcv.es\/wp\/wp-content\/uploads\/2024\/12\/2o-ANO-UD-ALZIRA-C-249x187.webp 249w\" sizes=\"(max-width: 1000px) 100vw, 1000px\" \/><\/noscript><\/figure>\n\n\n\n<figure class=\"wp-block-image size-large\"><img loading=\"lazy\" decoding=\"async\" width=\"1000\" height=\"750\" data-id=\"152017\" data-src=\"https:\/\/ffcv.es\/wp\/wp-content\/uploads\/2024\/12\/2o-ANO-UDB-ALFAFAR-A-jpg.webp\" alt=\"\" class=\"wp-image-152017 lazyload\" data-srcset=\"https:\/\/ffcv.es\/wp\/wp-content\/uploads\/2024\/12\/2o-ANO-UDB-ALFAFAR-A-jpg.webp 1000w, https:\/\/ffcv.es\/wp\/wp-content\/uploads\/2024\/12\/2o-ANO-UDB-ALFAFAR-A-300x225.webp 300w, https:\/\/ffcv.es\/wp\/wp-content\/uploads\/2024\/12\/2o-ANO-UDB-ALFAFAR-A-768x576.webp 768w, https:\/\/ffcv.es\/wp\/wp-content\/uploads\/2024\/12\/2o-ANO-UDB-ALFAFAR-A-249x187.webp 249w\" data-sizes=\"(max-width: 1000px) 100vw, 1000px\" src=\"data:image\/gif;base64,R0lGODlhAQABAAAAACH5BAEKAAEALAAAAAABAAEAAAICTAEAOw==\" style=\"--smush-placeholder-width: 1000px; --smush-placeholder-aspect-ratio: 1000\/750;\" \/><noscript><img loading=\"lazy\" decoding=\"async\" width=\"1000\" height=\"750\" data-id=\"152017\" src=\"https:\/\/ffcv.es\/wp\/wp-content\/uploads\/2024\/12\/2o-ANO-UDB-ALFAFAR-A-jpg.webp\" alt=\"\" class=\"wp-image-152017\" srcset=\"https:\/\/ffcv.es\/wp\/wp-content\/uploads\/2024\/12\/2o-ANO-UDB-ALFAFAR-A-jpg.webp 1000w, https:\/\/ffcv.es\/wp\/wp-content\/uploads\/2024\/12\/2o-ANO-UDB-ALFAFAR-A-300x225.webp 300w, https:\/\/ffcv.es\/wp\/wp-content\/uploads\/2024\/12\/2o-ANO-UDB-ALFAFAR-A-768x576.webp 768w, https:\/\/ffcv.es\/wp\/wp-content\/uploads\/2024\/12\/2o-ANO-UDB-ALFAFAR-A-249x187.webp 249w\" sizes=\"(max-width: 1000px) 100vw, 1000px\" \/><\/noscript><\/figure>\n<\/figure>\n\n\n\n<p>En cuanto a los alevines de segundo a\u00f1o, consiguieron el billete a la siguiente ronda del torneo\u00a0un total de seis conjuntos:<strong> Fundaci\u00f3n Valencia CF A, Patacona CF A, Sporting Xirivella B, UDB Alfafar A, Alboraya UD A<\/strong> y <strong>UD Alzira C<\/strong>.<\/p>\n\n\n\n<figure class=\"wp-block-image size-full\"><img loading=\"lazy\" decoding=\"async\" width=\"1000\" height=\"750\" data-src=\"https:\/\/ffcv.es\/wp\/wp-content\/uploads\/2024\/12\/FOTO-FAMILIA-4-jpg.webp\" alt=\"\" class=\"wp-image-152019 lazyload\" data-srcset=\"https:\/\/ffcv.es\/wp\/wp-content\/uploads\/2024\/12\/FOTO-FAMILIA-4-jpg.webp 1000w, https:\/\/ffcv.es\/wp\/wp-content\/uploads\/2024\/12\/FOTO-FAMILIA-4-300x225.webp 300w, https:\/\/ffcv.es\/wp\/wp-content\/uploads\/2024\/12\/FOTO-FAMILIA-4-768x576.webp 768w, https:\/\/ffcv.es\/wp\/wp-content\/uploads\/2024\/12\/FOTO-FAMILIA-4-249x187.webp 249w\" data-sizes=\"(max-width: 1000px) 100vw, 1000px\" src=\"data:image\/gif;base64,R0lGODlhAQABAAAAACH5BAEKAAEALAAAAAABAAEAAAICTAEAOw==\" style=\"--smush-placeholder-width: 1000px; --smush-placeholder-aspect-ratio: 1000\/750;\" \/><noscript><img loading=\"lazy\" decoding=\"async\" width=\"1000\" height=\"750\" src=\"https:\/\/ffcv.es\/wp\/wp-content\/uploads\/2024\/12\/FOTO-FAMILIA-4-jpg.webp\" alt=\"\" class=\"wp-image-152019\" srcset=\"https:\/\/ffcv.es\/wp\/wp-content\/uploads\/2024\/12\/FOTO-FAMILIA-4-jpg.webp 1000w, https:\/\/ffcv.es\/wp\/wp-content\/uploads\/2024\/12\/FOTO-FAMILIA-4-300x225.webp 300w, https:\/\/ffcv.es\/wp\/wp-content\/uploads\/2024\/12\/FOTO-FAMILIA-4-768x576.webp 768w, https:\/\/ffcv.es\/wp\/wp-content\/uploads\/2024\/12\/FOTO-FAMILIA-4-249x187.webp 249w\" sizes=\"(max-width: 1000px) 100vw, 1000px\" \/><\/noscript><\/figure>\n","protected":false},"excerpt":{"rendered":"<p>La sexta jornada de la\u00a0Copa Federaci\u00f3n de F\u00fatbol Base\u00a0dej\u00f3 ayer un total de nueve equipos clasificados para la Segunda Fase de competici\u00f3n entre los representantes de primer y de segundo a\u00f1o. Los campos del CD El Planter en Pu\u00e7ol (Val\u00e8ncia) vivieron durante la jornada de ayer el desarrollo de la sexta jornada de la competici\u00f3n<\/p>\n","protected":false},"author":5,"featured_media":152012,"comment_status":"closed","ping_status":"closed","sticky":false,"template":"","format":"standard","meta":{"om_disable_all_campaigns":false,"footnotes":""},"categories":[16,69],"tags":[411,677,143],"class_list":["post-152008","post","type-post","status-publish","format-standard","has-post-thumbnail","hentry","category-actualidad","category-noticias-ffcv","tag-alevines","tag-clasificados","tag-copa-federacion"],"aioseo_notices":[],"_links":{"self":[{"href":"https:\/\/ffcv.es\/wp\/wp-json\/wp\/v2\/posts\/152008"}],"collection":[{"href":"https:\/\/ffcv.es\/wp\/wp-json\/wp\/v2\/posts"}],"about":[{"href":"https:\/\/ffcv.es\/wp\/wp-json\/wp\/v2\/types\/post"}],"author":[{"embeddable":true,"href":"https:\/\/ffcv.es\/wp\/wp-json\/wp\/v2\/users\/5"}],"replies":[{"embeddable":true,"href":"https:\/\/ffcv.es\/wp\/wp-json\/wp\/v2\/comments?post=152008"}],"version-history":[{"count":1,"href":"https:\/\/ffcv.es\/wp\/wp-json\/wp\/v2\/posts\/152008\/revisions"}],"predecessor-version":[{"id":152020,"href":"https:\/\/ffcv.es\/wp\/wp-json\/wp\/v2\/posts\/152008\/revisions\/152020"}],"wp:featuredmedia":[{"embeddable":true,"href":"https:\/\/ffcv.es\/wp\/wp-json\/wp\/v2\/media\/152012"}],"wp:attachment":[{"href":"https:\/\/ffcv.es\/wp\/wp-json\/wp\/v2\/media?parent=152008"}],"wp:term":[{"taxonomy":"category","embeddable":true,"href":"https:\/\/ffcv.es\/wp\/wp-json\/wp\/v2\/categories?post=152008"},{"taxonomy":"post_tag","embeddable":true,"href":"https:\/\/ffcv.es\/wp\/wp-json\/wp\/v2\/tags?post=152008"}],"curies":[{"name":"wp","href":"https:\/\/api.w.org\/{rel}","templated":true}]}}