{"id":151207,"date":"2024-12-03T12:38:49","date_gmt":"2024-12-03T10:38:49","guid":{"rendered":"https:\/\/ffcv.es\/wp\/?p=151207"},"modified":"2024-12-03T13:31:07","modified_gmt":"2024-12-03T11:31:07","slug":"espana-sub17-convoca-a-guille-anadon-para-el-doble-duelo-contra-japon-en-lalfas-del-pi","status":"publish","type":"post","link":"https:\/\/ffcv.es\/wp\/blog\/2024\/12\/espana-sub17-convoca-a-guille-anadon-para-el-doble-duelo-contra-japon-en-lalfas-del-pi\/","title":{"rendered":"Espa\u00f1a sub17 convoca a Guille Anad\u00f3n para el doble duelo contra Jap\u00f3n en l&#8217;Alf\u00e0s del Pi"},"content":{"rendered":"\n<p>El joven futbolista del CD Roda ha sido elegido por el seleccionador nacional para afrontar los pr\u00f3ximos amistosos de <strong>Espa\u00f1a sub17<\/strong>.<\/p>\n\n\n\n<p>A petici\u00f3n del m\u00e1ximo responsable de Espa\u00f1a sub17, <strong>Hern\u00e1n P\u00e9rez<\/strong>, la <strong>Real Federaci\u00f3n Espa\u00f1ola de F\u00fatbol<\/strong> ha dado hoy la lista oficial de jugadores convocados para la concentraci\u00f3n que tendr\u00e1 lugar del 9 al 14 de diciembre en la localidad alicantina de l&#8217;<strong>Alf\u00e0s del Pi<\/strong>. El equipo se enfrentar\u00e1 a\u00a0<strong>Jap\u00f3n<\/strong>\u00a0los d\u00edas 12 y 14 de diciembre, ambos a las 11:00 horas.<\/p>\n\n\n\n<p>Entre los convocados destaca la presencia del jugador del <strong>CD Roda Guillermo Anad\u00f3n Angulo<\/strong>, que el pr\u00f3ximo lunes se concentrar\u00e1 junto a veintid\u00f3s futbolistas m\u00e1s en tierras alicantinas.<\/p>\n\n\n\n<figure class=\"wp-block-embed is-type-rich is-provider-twitter wp-block-embed-twitter\"><div class=\"wp-block-embed__wrapper\">\n<blockquote class=\"twitter-tweet\" data-width=\"500\" data-dnt=\"true\"><p lang=\"es\" dir=\"ltr\">\ud83d\udea8 Convocatoria de la <a href=\"https:\/\/twitter.com\/SEFutbol?ref_src=twsrc%5Etfw\">@Sefutbol<\/a> sub-17 para el doble duelo ante Jap\u00f3n<br><br>\u27a1\ufe0f El equipo de Hern\u00e1n P\u00e9rez se concentrar\u00e1 del 9 al 14 de diciembre en Alfaz de P\u00ed.<br><br>\ud83d\udd17 <a href=\"https:\/\/t.co\/7Fe7RMFngx\">https:\/\/t.co\/7Fe7RMFngx<\/a> <a href=\"https:\/\/t.co\/dT2pLdINdg\">pic.twitter.com\/dT2pLdINdg<\/a><\/p>&mdash; Selecci\u00f3n Espa\u00f1ola Masculina de F\u00fatbol (@SEFutbol) <a href=\"https:\/\/twitter.com\/SEFutbol\/status\/1863870842804785619?ref_src=twsrc%5Etfw\">December 3, 2024<\/a><\/blockquote><script async src=\"https:\/\/platform.twitter.com\/widgets.js\" charset=\"utf-8\"><\/script>\n<\/div><\/figure>\n","protected":false},"excerpt":{"rendered":"<p>El joven futbolista del CD Roda ha sido elegido por el seleccionador nacional para afrontar los pr\u00f3ximos amistosos de Espa\u00f1a sub17. A petici\u00f3n del m\u00e1ximo responsable de Espa\u00f1a sub17, Hern\u00e1n P\u00e9rez, la Real Federaci\u00f3n Espa\u00f1ola de F\u00fatbol ha dado hoy la lista oficial de jugadores convocados para la concentraci\u00f3n que tendr\u00e1 lugar del 9 al<\/p>\n","protected":false},"author":5,"featured_media":151220,"comment_status":"closed","ping_status":"closed","sticky":false,"template":"","format":"standard","meta":{"om_disable_all_campaigns":false,"footnotes":""},"categories":[16,69],"tags":[102,3524,137],"class_list":["post-151207","post","type-post","status-publish","format-standard","has-post-thumbnail","hentry","category-actualidad","category-noticias-ffcv","tag-convocatoria","tag-espana-sub17","tag-rfef"],"aioseo_notices":[],"_links":{"self":[{"href":"https:\/\/ffcv.es\/wp\/wp-json\/wp\/v2\/posts\/151207"}],"collection":[{"href":"https:\/\/ffcv.es\/wp\/wp-json\/wp\/v2\/posts"}],"about":[{"href":"https:\/\/ffcv.es\/wp\/wp-json\/wp\/v2\/types\/post"}],"author":[{"embeddable":true,"href":"https:\/\/ffcv.es\/wp\/wp-json\/wp\/v2\/users\/5"}],"replies":[{"embeddable":true,"href":"https:\/\/ffcv.es\/wp\/wp-json\/wp\/v2\/comments?post=151207"}],"version-history":[{"count":3,"href":"https:\/\/ffcv.es\/wp\/wp-json\/wp\/v2\/posts\/151207\/revisions"}],"predecessor-version":[{"id":151221,"href":"https:\/\/ffcv.es\/wp\/wp-json\/wp\/v2\/posts\/151207\/revisions\/151221"}],"wp:featuredmedia":[{"embeddable":true,"href":"https:\/\/ffcv.es\/wp\/wp-json\/wp\/v2\/media\/151220"}],"wp:attachment":[{"href":"https:\/\/ffcv.es\/wp\/wp-json\/wp\/v2\/media?parent=151207"}],"wp:term":[{"taxonomy":"category","embeddable":true,"href":"https:\/\/ffcv.es\/wp\/wp-json\/wp\/v2\/categories?post=151207"},{"taxonomy":"post_tag","embeddable":true,"href":"https:\/\/ffcv.es\/wp\/wp-json\/wp\/v2\/tags?post=151207"}],"curies":[{"name":"wp","href":"https:\/\/api.w.org\/{rel}","templated":true}]}}