{"id":15080,"date":"2017-06-30T09:34:27","date_gmt":"2017-06-30T09:34:27","guid":{"rendered":"https:\/\/ffcv.es\/wp\/?p=15080"},"modified":"2017-06-30T09:34:27","modified_gmt":"2017-06-30T09:34:27","slug":"propuesta-grupos-201718","status":"publish","type":"post","link":"https:\/\/ffcv.es\/wp\/blog\/2017\/06\/propuesta-grupos-201718\/","title":{"rendered":"Propuesta de composici\u00f3n de grupos Temporada 2017\/18"},"content":{"rendered":"<p>La Federaci\u00f3n de F\u00fatbol de la Comunidad Valenciana present\u00f3 ayer ante su Asamblea General la propuesta de composici\u00f3n de grupos en las competiciones de f\u00fatbol de cara a la Temporada entrante 2017\/18.<\/p>\n<div align=\"center\"><script src=\"\/\/pagead2.googlesyndication.com\/pagead\/js\/adsbygoogle.js\" async=\"\"><\/script><!-- cabecera_paginas_adaptable --> <ins class=\"adsbygoogle\" style=\"display: block; background: none !important;\" data-ad-client=\"ca-pub-8508993344894927\" data-ad-slot=\"8273813495\" data-ad-format=\"auto\"><\/ins><script>\/\/ <![CDATA[\n(adsbygoogle = window.adsbygoogle || []).push({}); \/\/ ]]\n\/\/ ]]><\/script><\/div>\n<p><a href=\"https:\/\/ffcv.es\/wp\/wp-content\/uploads\/2017\/06\/asamblea.jpg\"><img loading=\"lazy\" decoding=\"async\" class=\"alignright wp-image-15078 size-medium lazyload\" data-src=\"https:\/\/ffcv.es\/wp\/wp-content\/uploads\/2017\/06\/asamblea-300x169.jpg\" alt=\"asamblea\" width=\"300\" height=\"169\" data-srcset=\"https:\/\/ffcv.es\/wp\/wp-content\/uploads\/2017\/06\/asamblea-300x169.jpg 300w, https:\/\/ffcv.es\/wp\/wp-content\/uploads\/2017\/06\/asamblea-768x432.jpg 768w, https:\/\/ffcv.es\/wp\/wp-content\/uploads\/2017\/06\/asamblea-1024x576.jpg 1024w\" data-sizes=\"(max-width: 300px) 100vw, 300px\" src=\"data:image\/gif;base64,R0lGODlhAQABAAAAACH5BAEKAAEALAAAAAABAAEAAAICTAEAOw==\" style=\"--smush-placeholder-width: 300px; --smush-placeholder-aspect-ratio: 300\/169;\" \/><noscript><img loading=\"lazy\" decoding=\"async\" class=\"alignright wp-image-15078 size-medium\" src=\"https:\/\/ffcv.es\/wp\/wp-content\/uploads\/2017\/06\/asamblea-300x169.jpg\" alt=\"asamblea\" width=\"300\" height=\"169\" srcset=\"https:\/\/ffcv.es\/wp\/wp-content\/uploads\/2017\/06\/asamblea-300x169.jpg 300w, https:\/\/ffcv.es\/wp\/wp-content\/uploads\/2017\/06\/asamblea-768x432.jpg 768w, https:\/\/ffcv.es\/wp\/wp-content\/uploads\/2017\/06\/asamblea-1024x576.jpg 1024w\" sizes=\"(max-width: 300px) 100vw, 300px\" \/><\/noscript><\/a>En el transcurso de la Asamblea General celebrada ayer por la FFCV, se dio a conocer la propuesta de distribuci\u00f3n de grupos en las diferentes categor\u00edas de competici\u00f3n del f\u00fatbol regional. Se trata de la previsi\u00f3n realizada tanto en las categor\u00edas pertenecientes a competiciones nacionales como de las principales competiciones de la Comunidad Valenciana, desde Tercera Divisi\u00f3n hasta Liga Regional Preferente en categor\u00eda Cadete\/Infantil, que pueden consultar en el siguiente enlace, y que recordamos que todav\u00eda pueden estar sujetas a posibles modificaciones:<\/p>\n<p><a href=\"https:\/\/ffcv.es\/wp\/wp-content\/uploads\/2017\/06\/CATEGORIAS-2.017-2.018.pdf\">CATEGORIAS 2017-2018<\/a><\/p>\n<p><em>Autor: Prensa FFCV<\/em><\/p>\n","protected":false},"excerpt":{"rendered":"<p>La Federaci\u00f3n de F\u00fatbol de la Comunidad Valenciana present\u00f3 ayer ante su Asamblea General la propuesta de composici\u00f3n de grupos en las competiciones de f\u00fatbol de cara a la Temporada entrante 2017\/18. En el transcurso de la Asamblea General celebrada ayer por la FFCV, se dio a conocer la propuesta de distribuci\u00f3n de grupos en<\/p>\n","protected":false},"author":5,"featured_media":15078,"comment_status":"closed","ping_status":"closed","sticky":false,"template":"","format":"standard","meta":{"om_disable_all_campaigns":false,"footnotes":""},"categories":[16,69],"tags":[98,103],"class_list":["post-15080","post","type-post","status-publish","format-standard","has-post-thumbnail","hentry","category-actualidad","category-noticias-ffcv","tag-futbol","tag-grupos"],"aioseo_notices":[],"_links":{"self":[{"href":"https:\/\/ffcv.es\/wp\/wp-json\/wp\/v2\/posts\/15080"}],"collection":[{"href":"https:\/\/ffcv.es\/wp\/wp-json\/wp\/v2\/posts"}],"about":[{"href":"https:\/\/ffcv.es\/wp\/wp-json\/wp\/v2\/types\/post"}],"author":[{"embeddable":true,"href":"https:\/\/ffcv.es\/wp\/wp-json\/wp\/v2\/users\/5"}],"replies":[{"embeddable":true,"href":"https:\/\/ffcv.es\/wp\/wp-json\/wp\/v2\/comments?post=15080"}],"version-history":[{"count":1,"href":"https:\/\/ffcv.es\/wp\/wp-json\/wp\/v2\/posts\/15080\/revisions"}],"predecessor-version":[{"id":15082,"href":"https:\/\/ffcv.es\/wp\/wp-json\/wp\/v2\/posts\/15080\/revisions\/15082"}],"wp:featuredmedia":[{"embeddable":true,"href":"https:\/\/ffcv.es\/wp\/wp-json\/wp\/v2\/media\/15078"}],"wp:attachment":[{"href":"https:\/\/ffcv.es\/wp\/wp-json\/wp\/v2\/media?parent=15080"}],"wp:term":[{"taxonomy":"category","embeddable":true,"href":"https:\/\/ffcv.es\/wp\/wp-json\/wp\/v2\/categories?post=15080"},{"taxonomy":"post_tag","embeddable":true,"href":"https:\/\/ffcv.es\/wp\/wp-json\/wp\/v2\/tags?post=15080"}],"curies":[{"name":"wp","href":"https:\/\/api.w.org\/{rel}","templated":true}]}}