{"id":14370,"date":"2017-05-22T15:47:01","date_gmt":"2017-05-22T15:47:01","guid":{"rendered":"https:\/\/ffcv.es\/wp\/?p=14370"},"modified":"2017-05-22T15:47:01","modified_gmt":"2017-05-22T15:47:01","slug":"resumen-de-la-promocion-segunda-b","status":"publish","type":"post","link":"https:\/\/ffcv.es\/wp\/blog\/2017\/05\/resumen-de-la-promocion-segunda-b\/","title":{"rendered":"Resumen de la Promoci\u00f3n de Ascenso a Segunda &#8216;B&#8217;"},"content":{"rendered":"<p>Esta semana la plataforma televisiva de la Federaci\u00f3n de F\u00fatbol de la Comunidad te trae todos los goles de la primera jornada de la Fase de Promoci\u00f3n de Ascenso a la Seguda Divisi\u00f3n &#8216;B&#8217;.<\/p>\n<div style=\"text-align: justify;\" align=\"center\"><script src=\"\/\/pagead2.googlesyndication.com\/pagead\/js\/adsbygoogle.js\" async=\"\"><\/script><!-- cabecera_paginas_adaptable --> <ins class=\"adsbygoogle\" style=\"display: block; background: none !important;\" data-ad-client=\"ca-pub-8508993344894927\" data-ad-slot=\"8273813495\" data-ad-format=\"auto\"><\/ins><script>\/\/ <![CDATA[\n(adsbygoogle = window.adsbygoogle || []).push({});\n\/\/ ]]><\/script><\/div>\n<p><a href=\"https:\/\/ffcv.es\/wp\/wp-content\/uploads\/2017\/05\/2017052121104955460.png\"><img loading=\"lazy\" decoding=\"async\" class=\"alignright wp-image-14373 size-medium lazyload\" data-src=\"https:\/\/ffcv.es\/wp\/wp-content\/uploads\/2017\/05\/2017052121104955460-300x129.png\" alt=\"2017052121104955460\" width=\"300\" height=\"129\" data-srcset=\"https:\/\/ffcv.es\/wp\/wp-content\/uploads\/2017\/05\/2017052121104955460-300x129.png 300w, https:\/\/ffcv.es\/wp\/wp-content\/uploads\/2017\/05\/2017052121104955460.png 700w\" data-sizes=\"(max-width: 300px) 100vw, 300px\" src=\"data:image\/gif;base64,R0lGODlhAQABAAAAACH5BAEKAAEALAAAAAABAAEAAAICTAEAOw==\" style=\"--smush-placeholder-width: 300px; --smush-placeholder-aspect-ratio: 300\/129;\" \/><noscript><img loading=\"lazy\" decoding=\"async\" class=\"alignright wp-image-14373 size-medium\" src=\"https:\/\/ffcv.es\/wp\/wp-content\/uploads\/2017\/05\/2017052121104955460-300x129.png\" alt=\"2017052121104955460\" width=\"300\" height=\"129\" srcset=\"https:\/\/ffcv.es\/wp\/wp-content\/uploads\/2017\/05\/2017052121104955460-300x129.png 300w, https:\/\/ffcv.es\/wp\/wp-content\/uploads\/2017\/05\/2017052121104955460.png 700w\" sizes=\"(max-width: 300px) 100vw, 300px\" \/><\/noscript><\/a>Toda la jornada al completo, las mejores jugadas, todos los goles de la primera jornada de la Fase de Promoci\u00f3n de Ascenso a la Segunda Divisi\u00f3n &#8216;B&#8217;. Todo en el Canal de TV de la Federaci\u00f3n de F\u00fatbol de la Comunidad Valenciana. Adem\u00e1s, puedes consultar todos los resultados y la clasificaci\u00f3n de la categor\u00eda en nuestro apartado de <a href=\"https:\/\/ffcv.es\/wp\/competiciones\/\">Competiciones<\/a>.<br \/>\n<iframe loading=\"lazy\" data-src=\"https:\/\/www.youtube.com\/embed\/0FVYqRKL5dU\" width=\"560\" height=\"315\" frameborder=\"0\" allowfullscreen=\"allowfullscreen\" src=\"data:image\/gif;base64,R0lGODlhAQABAAAAACH5BAEKAAEALAAAAAABAAEAAAICTAEAOw==\" class=\"lazyload\" data-load-mode=\"1\"><\/iframe><br \/>\n<em>Autor: Prensa FFCV<\/em><\/p>\n","protected":false},"excerpt":{"rendered":"<p>Esta semana la plataforma televisiva de la Federaci\u00f3n de F\u00fatbol de la Comunidad te trae todos los goles de la primera jornada de la Fase de Promoci\u00f3n de Ascenso a la Seguda Divisi\u00f3n &#8216;B&#8217;. Toda la jornada al completo, las mejores jugadas, todos los goles de la primera jornada de la Fase de Promoci\u00f3n de<\/p>\n","protected":false},"author":5,"featured_media":14373,"comment_status":"closed","ping_status":"closed","sticky":false,"template":"","format":"standard","meta":{"om_disable_all_campaigns":false,"footnotes":""},"categories":[16,69,1],"tags":[240,98,57],"class_list":["post-14370","post","type-post","status-publish","format-standard","has-post-thumbnail","hentry","category-actualidad","category-noticias-ffcv","category-sin-categoria","tag-fase-de-ascenso","tag-futbol","tag-tercera-division"],"aioseo_notices":[],"_links":{"self":[{"href":"https:\/\/ffcv.es\/wp\/wp-json\/wp\/v2\/posts\/14370"}],"collection":[{"href":"https:\/\/ffcv.es\/wp\/wp-json\/wp\/v2\/posts"}],"about":[{"href":"https:\/\/ffcv.es\/wp\/wp-json\/wp\/v2\/types\/post"}],"author":[{"embeddable":true,"href":"https:\/\/ffcv.es\/wp\/wp-json\/wp\/v2\/users\/5"}],"replies":[{"embeddable":true,"href":"https:\/\/ffcv.es\/wp\/wp-json\/wp\/v2\/comments?post=14370"}],"version-history":[{"count":2,"href":"https:\/\/ffcv.es\/wp\/wp-json\/wp\/v2\/posts\/14370\/revisions"}],"predecessor-version":[{"id":14374,"href":"https:\/\/ffcv.es\/wp\/wp-json\/wp\/v2\/posts\/14370\/revisions\/14374"}],"wp:featuredmedia":[{"embeddable":true,"href":"https:\/\/ffcv.es\/wp\/wp-json\/wp\/v2\/media\/14373"}],"wp:attachment":[{"href":"https:\/\/ffcv.es\/wp\/wp-json\/wp\/v2\/media?parent=14370"}],"wp:term":[{"taxonomy":"category","embeddable":true,"href":"https:\/\/ffcv.es\/wp\/wp-json\/wp\/v2\/categories?post=14370"},{"taxonomy":"post_tag","embeddable":true,"href":"https:\/\/ffcv.es\/wp\/wp-json\/wp\/v2\/tags?post=14370"}],"curies":[{"name":"wp","href":"https:\/\/api.w.org\/{rel}","templated":true}]}}