{"id":140189,"date":"2024-06-28T17:39:24","date_gmt":"2024-06-28T15:39:24","guid":{"rendered":"https:\/\/ffcv.es\/wp\/?p=140189"},"modified":"2024-08-19T12:13:47","modified_gmt":"2024-08-19T10:13:47","slug":"este-es-el-grupo-viii-de-liga-nacional-juvenil-para-la-temporada-2024-2025","status":"publish","type":"post","link":"https:\/\/ffcv.es\/wp\/blog\/2024\/06\/este-es-el-grupo-viii-de-liga-nacional-juvenil-para-la-temporada-2024-2025\/","title":{"rendered":"Este es el Grupo VIII y calendario de Liga Nacional Juvenil para la temporada 2024\/2025"},"content":{"rendered":"\n<p>Ya es oficial el Grupo VIII y el calendario de competici\u00f3n de <strong>Liga Nacional Juvenil<\/strong> en el que participan los equipos de la <strong>Comunitat Valenciana<\/strong> para la temporada 2024\/2025.<\/p>\n\n\n\n<p>La <strong>Real Federaci\u00f3n Espa\u00f1ola de F\u00fatbo<\/strong>l ha hecho p\u00fablica la composici\u00f3n de los grupos. El octavo est\u00e1 formado por estos 18 equipos:<\/p>\n\n\n\n<div data-wp-interactive=\"core\/file\" class=\"wp-block-file\"><object data-wp-bind--hidden=\"!state.hasPdfPreview\"  class=\"wp-block-file__embed\" data=\"https:\/\/ffcv.es\/wp\/wp-content\/uploads\/2024\/08\/Calendario-LNJ-Grupo-VIII.pdf\" type=\"application\/pdf\" style=\"width:100%;height:600px\" aria-label=\"Incrustado de Calendario-LNJ-Grupo-VIII.\"><\/object><a id=\"wp-block-file--media-f1aca1ae-7bfa-44fc-b096-57ee7278f2ca\" href=\"https:\/\/ffcv.es\/wp\/wp-content\/uploads\/2024\/08\/Calendario-LNJ-Grupo-VIII.pdf\">Calendario-LNJ-Grupo-VIII<\/a><a href=\"https:\/\/ffcv.es\/wp\/wp-content\/uploads\/2024\/08\/Calendario-LNJ-Grupo-VIII.pdf\" class=\"wp-block-file__button wp-element-button\" download aria-describedby=\"wp-block-file--media-f1aca1ae-7bfa-44fc-b096-57ee7278f2ca\">Descarga<\/a><\/div>\n\n\n\n<figure class=\"wp-block-image size-large\"><img loading=\"lazy\" decoding=\"async\" width=\"819\" height=\"1024\" data-src=\"https:\/\/ffcv.es\/wp\/wp-content\/uploads\/2024\/08\/LNJ_OK-819x1024.jpg\" alt=\"\" class=\"wp-image-142380 lazyload\" data-srcset=\"https:\/\/ffcv.es\/wp\/wp-content\/uploads\/2024\/08\/LNJ_OK-819x1024.jpg 819w, https:\/\/ffcv.es\/wp\/wp-content\/uploads\/2024\/08\/LNJ_OK-240x300.jpg 240w, https:\/\/ffcv.es\/wp\/wp-content\/uploads\/2024\/08\/LNJ_OK-768x960.jpg 768w, https:\/\/ffcv.es\/wp\/wp-content\/uploads\/2024\/08\/LNJ_OK-150x187.jpg 150w, https:\/\/ffcv.es\/wp\/wp-content\/uploads\/2024\/08\/LNJ_OK.jpg 864w\" data-sizes=\"(max-width: 819px) 100vw, 819px\" src=\"data:image\/gif;base64,R0lGODlhAQABAAAAACH5BAEKAAEALAAAAAABAAEAAAICTAEAOw==\" style=\"--smush-placeholder-width: 819px; --smush-placeholder-aspect-ratio: 819\/1024;\" \/><noscript><img loading=\"lazy\" decoding=\"async\" width=\"819\" height=\"1024\" src=\"https:\/\/ffcv.es\/wp\/wp-content\/uploads\/2024\/08\/LNJ_OK-819x1024.jpg\" alt=\"\" class=\"wp-image-142380\" srcset=\"https:\/\/ffcv.es\/wp\/wp-content\/uploads\/2024\/08\/LNJ_OK-819x1024.jpg 819w, https:\/\/ffcv.es\/wp\/wp-content\/uploads\/2024\/08\/LNJ_OK-240x300.jpg 240w, https:\/\/ffcv.es\/wp\/wp-content\/uploads\/2024\/08\/LNJ_OK-768x960.jpg 768w, https:\/\/ffcv.es\/wp\/wp-content\/uploads\/2024\/08\/LNJ_OK-150x187.jpg 150w, https:\/\/ffcv.es\/wp\/wp-content\/uploads\/2024\/08\/LNJ_OK.jpg 864w\" sizes=\"(max-width: 819px) 100vw, 819px\" \/><\/noscript><\/figure>\n","protected":false},"excerpt":{"rendered":"<p>Ya es oficial el Grupo VIII y el calendario de competici\u00f3n de Liga Nacional Juvenil en el que participan los equipos de la Comunitat Valenciana para la temporada 2024\/2025. La Real Federaci\u00f3n Espa\u00f1ola de F\u00fatbol ha hecho p\u00fablica la composici\u00f3n de los grupos. El octavo est\u00e1 formado por estos 18 equipos:<\/p>\n","protected":false},"author":16,"featured_media":140191,"comment_status":"closed","ping_status":"closed","sticky":false,"template":"","format":"standard","meta":{"om_disable_all_campaigns":false,"footnotes":""},"categories":[5656],"tags":[103,337,7458],"class_list":["post-140189","post","type-post","status-publish","format-standard","has-post-thumbnail","hentry","category-grupos-ffcv","tag-grupos","tag-liga-nacional-juvenil","tag-temporada-2024-2025"],"aioseo_notices":[],"_links":{"self":[{"href":"https:\/\/ffcv.es\/wp\/wp-json\/wp\/v2\/posts\/140189"}],"collection":[{"href":"https:\/\/ffcv.es\/wp\/wp-json\/wp\/v2\/posts"}],"about":[{"href":"https:\/\/ffcv.es\/wp\/wp-json\/wp\/v2\/types\/post"}],"author":[{"embeddable":true,"href":"https:\/\/ffcv.es\/wp\/wp-json\/wp\/v2\/users\/16"}],"replies":[{"embeddable":true,"href":"https:\/\/ffcv.es\/wp\/wp-json\/wp\/v2\/comments?post=140189"}],"version-history":[{"count":2,"href":"https:\/\/ffcv.es\/wp\/wp-json\/wp\/v2\/posts\/140189\/revisions"}],"predecessor-version":[{"id":142383,"href":"https:\/\/ffcv.es\/wp\/wp-json\/wp\/v2\/posts\/140189\/revisions\/142383"}],"wp:featuredmedia":[{"embeddable":true,"href":"https:\/\/ffcv.es\/wp\/wp-json\/wp\/v2\/media\/140191"}],"wp:attachment":[{"href":"https:\/\/ffcv.es\/wp\/wp-json\/wp\/v2\/media?parent=140189"}],"wp:term":[{"taxonomy":"category","embeddable":true,"href":"https:\/\/ffcv.es\/wp\/wp-json\/wp\/v2\/categories?post=140189"},{"taxonomy":"post_tag","embeddable":true,"href":"https:\/\/ffcv.es\/wp\/wp-json\/wp\/v2\/tags?post=140189"}],"curies":[{"name":"wp","href":"https:\/\/api.w.org\/{rel}","templated":true}]}}