{"id":13927,"date":"2017-04-19T08:54:27","date_gmt":"2017-04-19T08:54:27","guid":{"rendered":"https:\/\/ffcv.es\/wp\/?p=13927"},"modified":"2017-04-19T08:56:09","modified_gmt":"2017-04-19T08:56:09","slug":"alevines-parten-campeonato-espana","status":"publish","type":"post","link":"https:\/\/ffcv.es\/wp\/blog\/2017\/04\/alevines-parten-campeonato-espana\/","title":{"rendered":"Las alevines parten a disputar el Campeonato de Espa\u00f1a"},"content":{"rendered":"<p>Las componentes de la Selecci\u00f3n Valenciana Alev\u00edn Femenina parten ma\u00f1ana a tierras madrile\u00f1as para participar en la Fase Unica del Campeonato de Espa\u00f1a de Selecciones Auton\u00f3micas de la categor\u00eda.<\/p>\n<div style=\"text-align: justify;\" align=\"center\"><script src=\"\/\/pagead2.googlesyndication.com\/pagead\/js\/adsbygoogle.js\" async=\"\"><\/script><!-- cabecera_paginas_adaptable --> <ins class=\"adsbygoogle\" style=\"display: block; background: none !important;\" data-ad-client=\"ca-pub-8508993344894927\" data-ad-slot=\"8273813495\" data-ad-format=\"auto\"><\/ins><script>\/\/ <![CDATA[\n(adsbygoogle = window.adsbygoogle || []).push({});\n\/\/ ]]><\/script><\/div>\n<p><a href=\"https:\/\/ffcv.es\/wp\/wp-content\/uploads\/2017\/04\/IMG_1145.jpg\"><img loading=\"lazy\" decoding=\"async\" class=\"alignright wp-image-13929 size-medium lazyload\" data-src=\"https:\/\/ffcv.es\/wp\/wp-content\/uploads\/2017\/04\/IMG_1145-300x225.jpg\" alt=\"IMG_1145\" width=\"300\" height=\"225\" data-srcset=\"https:\/\/ffcv.es\/wp\/wp-content\/uploads\/2017\/04\/IMG_1145-300x225.jpg 300w, https:\/\/ffcv.es\/wp\/wp-content\/uploads\/2017\/04\/IMG_1145-768x576.jpg 768w, https:\/\/ffcv.es\/wp\/wp-content\/uploads\/2017\/04\/IMG_1145-1024x768.jpg 1024w\" data-sizes=\"(max-width: 300px) 100vw, 300px\" src=\"data:image\/gif;base64,R0lGODlhAQABAAAAACH5BAEKAAEALAAAAAABAAEAAAICTAEAOw==\" style=\"--smush-placeholder-width: 300px; --smush-placeholder-aspect-ratio: 300\/225;\" \/><noscript><img loading=\"lazy\" decoding=\"async\" class=\"alignright wp-image-13929 size-medium\" src=\"https:\/\/ffcv.es\/wp\/wp-content\/uploads\/2017\/04\/IMG_1145-300x225.jpg\" alt=\"IMG_1145\" width=\"300\" height=\"225\" srcset=\"https:\/\/ffcv.es\/wp\/wp-content\/uploads\/2017\/04\/IMG_1145-300x225.jpg 300w, https:\/\/ffcv.es\/wp\/wp-content\/uploads\/2017\/04\/IMG_1145-768x576.jpg 768w, https:\/\/ffcv.es\/wp\/wp-content\/uploads\/2017\/04\/IMG_1145-1024x768.jpg 1024w\" sizes=\"(max-width: 300px) 100vw, 300px\" \/><\/noscript><\/a>El combinado auton\u00f3mico femenino Sub-12 llega en forma al reto m\u00e1s importante de la temporada 2016\/17. Tras los intensos entrenamientos a las \u00f3rdenes del cuerpo t\u00e9cnico de la FFCV y diferentes amistosos de f\u00fatbol-8 disputados hasta la fecha ante rivales de entidad, las alevines valencianas afrontar\u00e1n, desde el pr\u00f3ximo viernes, el Campeonato de Espa\u00f1a que este a\u00f1o organiza la Real Federaci\u00f3n Espa\u00f1ola de F\u00fatbol (RFEF) en la localidad madrile\u00f1a de Guadarrama. La expedici\u00f3n oficial de la FFCV est\u00e1 citada ma\u00f1ana jueves, d\u00eda 20 de abril, a las 10:30 horas, en el Campo &#8216;Los Silos&#8217; de Burjassot (Valencia), donde se ejercitar\u00e1 en un entrenamiento previo a su salida hacia Segovia, a donde llegar\u00e1 y quedar\u00e1 alojada a la espera de su debut en el Nacional de Selecciones; \u00e9ste se producir\u00e1 el viernes, d\u00eda 21, a las 10:50 horas, en el Campo Municipal &#8216;El Raso 2&#8217; de Guadarrama, ante la Selecci\u00f3n de Cantabria. Ya por la tarde, las alevines valencianas se medir\u00e1n, a las 17:40 y en el mismo escenario, al combinado de Canarias en el segundo partido de su grupo.<\/p>\n<p>En la matinal del s\u00e1bado se completar\u00e1 la fase de grupos jugando ante Castilla y Le\u00f3n (9:30 horas) y Andaluc\u00eda (11:30). En el caso de resultar clasificada en su grupo, la Selecci\u00f3n Valenciana Sub-12 disputar\u00eda los Cuartos de Final del torneo antes del mediod\u00eda, quedando las semifinales y la gran Final para la matinal del domingo, d\u00eda 23.<\/p>\n<p><strong><a href=\"https:\/\/ffcv.es\/wp\/wp-content\/uploads\/2017\/04\/Convocatoria-jugadoras-Sub-12-Alineaci\u00f3n.pdf\">Convocatoria jugadoras Sub-12<\/a><\/strong><\/p>\n<p><em>Autor: Prensa FFCV<\/em><\/p>\n","protected":false},"excerpt":{"rendered":"<p>Las componentes de la Selecci\u00f3n Valenciana Alev\u00edn Femenina parten ma\u00f1ana a tierras madrile\u00f1as para participar en la Fase Unica del Campeonato de Espa\u00f1a de Selecciones Auton\u00f3micas de la categor\u00eda. El combinado auton\u00f3mico femenino Sub-12 llega en forma al reto m\u00e1s importante de la temporada 2016\/17. Tras los intensos entrenamientos a las \u00f3rdenes del cuerpo t\u00e9cnico<\/p>\n","protected":false},"author":5,"featured_media":13929,"comment_status":"closed","ping_status":"closed","sticky":false,"template":"","format":"standard","meta":{"om_disable_all_campaigns":false,"footnotes":""},"categories":[16,69,72],"tags":[90,102,124,128,86,180],"class_list":["post-13927","post","type-post","status-publish","format-standard","has-post-thumbnail","hentry","category-actualidad","category-noticias-ffcv","category-noticias-selecciones","tag-alevin","tag-convocatoria","tag-femenino","tag-futbol-base","tag-selecciones","tag-sub-12"],"aioseo_notices":[],"_links":{"self":[{"href":"https:\/\/ffcv.es\/wp\/wp-json\/wp\/v2\/posts\/13927"}],"collection":[{"href":"https:\/\/ffcv.es\/wp\/wp-json\/wp\/v2\/posts"}],"about":[{"href":"https:\/\/ffcv.es\/wp\/wp-json\/wp\/v2\/types\/post"}],"author":[{"embeddable":true,"href":"https:\/\/ffcv.es\/wp\/wp-json\/wp\/v2\/users\/5"}],"replies":[{"embeddable":true,"href":"https:\/\/ffcv.es\/wp\/wp-json\/wp\/v2\/comments?post=13927"}],"version-history":[{"count":2,"href":"https:\/\/ffcv.es\/wp\/wp-json\/wp\/v2\/posts\/13927\/revisions"}],"predecessor-version":[{"id":13931,"href":"https:\/\/ffcv.es\/wp\/wp-json\/wp\/v2\/posts\/13927\/revisions\/13931"}],"wp:featuredmedia":[{"embeddable":true,"href":"https:\/\/ffcv.es\/wp\/wp-json\/wp\/v2\/media\/13929"}],"wp:attachment":[{"href":"https:\/\/ffcv.es\/wp\/wp-json\/wp\/v2\/media?parent=13927"}],"wp:term":[{"taxonomy":"category","embeddable":true,"href":"https:\/\/ffcv.es\/wp\/wp-json\/wp\/v2\/categories?post=13927"},{"taxonomy":"post_tag","embeddable":true,"href":"https:\/\/ffcv.es\/wp\/wp-json\/wp\/v2\/tags?post=13927"}],"curies":[{"name":"wp","href":"https:\/\/api.w.org\/{rel}","templated":true}]}}