{"id":13904,"date":"2017-04-12T15:47:53","date_gmt":"2017-04-12T15:47:53","guid":{"rendered":"https:\/\/ffcv.es\/wp\/?p=13904"},"modified":"2017-04-12T15:48:29","modified_gmt":"2017-04-12T15:48:29","slug":"convocatoria-entrenamiento-sub-12-femenina","status":"publish","type":"post","link":"https:\/\/ffcv.es\/wp\/blog\/2017\/04\/convocatoria-entrenamiento-sub-12-femenina\/","title":{"rendered":"Convocatoria de entrenamiento para la Selecci\u00f3n Sub-12 Femenina"},"content":{"rendered":"<p>Nueva convocatoria de entrenamiento para el combinado auton\u00f3mico femenino Sub-12, esta vez el pr\u00f3ximo martes, en el Campo &#8216;Los Silos&#8217; de la localidad valenciana de Burjassot.<\/p>\n<div style=\"text-align: justify;\" align=\"center\"><script src=\"\/\/pagead2.googlesyndication.com\/pagead\/js\/adsbygoogle.js\" async=\"\"><\/script><!-- cabecera_paginas_adaptable --> <ins class=\"adsbygoogle\" style=\"display: block; background: none !important;\" data-ad-client=\"ca-pub-8508993344894927\" data-ad-slot=\"8273813495\" data-ad-format=\"auto\"><\/ins><script>\/\/ <![CDATA[\n(adsbygoogle = window.adsbygoogle || []).push({});\n\/\/ ]]><\/script><\/div>\n<p><a href=\"https:\/\/ffcv.es\/wp\/wp-content\/uploads\/2017\/03\/IMG_0865.jpg\"><img loading=\"lazy\" decoding=\"async\" class=\"alignright wp-image-13779 size-medium lazyload\" data-src=\"https:\/\/ffcv.es\/wp\/wp-content\/uploads\/2017\/03\/IMG_0865-300x225.jpg\" alt=\"IMG_0865\" width=\"300\" height=\"225\" data-srcset=\"https:\/\/ffcv.es\/wp\/wp-content\/uploads\/2017\/03\/IMG_0865-300x225.jpg 300w, https:\/\/ffcv.es\/wp\/wp-content\/uploads\/2017\/03\/IMG_0865-768x576.jpg 768w, https:\/\/ffcv.es\/wp\/wp-content\/uploads\/2017\/03\/IMG_0865-1024x768.jpg 1024w\" data-sizes=\"(max-width: 300px) 100vw, 300px\" src=\"data:image\/gif;base64,R0lGODlhAQABAAAAACH5BAEKAAEALAAAAAABAAEAAAICTAEAOw==\" style=\"--smush-placeholder-width: 300px; --smush-placeholder-aspect-ratio: 300\/225;\" \/><noscript><img loading=\"lazy\" decoding=\"async\" class=\"alignright wp-image-13779 size-medium\" src=\"https:\/\/ffcv.es\/wp\/wp-content\/uploads\/2017\/03\/IMG_0865-300x225.jpg\" alt=\"IMG_0865\" width=\"300\" height=\"225\" srcset=\"https:\/\/ffcv.es\/wp\/wp-content\/uploads\/2017\/03\/IMG_0865-300x225.jpg 300w, https:\/\/ffcv.es\/wp\/wp-content\/uploads\/2017\/03\/IMG_0865-768x576.jpg 768w, https:\/\/ffcv.es\/wp\/wp-content\/uploads\/2017\/03\/IMG_0865-1024x768.jpg 1024w\" sizes=\"(max-width: 300px) 100vw, 300px\" \/><\/noscript><\/a>Con la cada vez m\u00e1s cercana cita del Campeonato de Espa\u00f1a de Selecciones Auton\u00f3micas en categor\u00eda Sub-12, el Departamento de Selecciones de la Federaci\u00f3n de F\u00fatbol de la Comunidad Valenciana ha programado una nueva sesi\u00f3n de entrenamiento para el combinado auton\u00f3mico Alev\u00edn, que est\u00e1 citado a las 17:00 horas del pr\u00f3ximo martes, d\u00eda 18 de abril, sobre el terreno de juego del Campo &#8216;Los Silos&#8217; de Burjassot, para dar comienzo a su sesi\u00f3n a partir de las 17:30 horas seg\u00fan la siguiente convocatoria:<\/p>\n<p><a href=\"https:\/\/ffcv.es\/wp\/wp-content\/uploads\/2017\/04\/11\u00aa-CONV.-SUB-12-BURJASSOT.pdf\">11\u00aa CONV. SUB-12 BURJASSOT<\/a><\/p>\n<p><em>Autor: Prensa FFCV<\/em><\/p>\n","protected":false},"excerpt":{"rendered":"<p>Nueva convocatoria de entrenamiento para el combinado auton\u00f3mico femenino Sub-12, esta vez el pr\u00f3ximo martes, en el Campo &#8216;Los Silos&#8217; de la localidad valenciana de Burjassot. Con la cada vez m\u00e1s cercana cita del Campeonato de Espa\u00f1a de Selecciones Auton\u00f3micas en categor\u00eda Sub-12, el Departamento de Selecciones de la Federaci\u00f3n de F\u00fatbol de la Comunidad<\/p>\n","protected":false},"author":5,"featured_media":13779,"comment_status":"closed","ping_status":"closed","sticky":false,"template":"","format":"standard","meta":{"om_disable_all_campaigns":false,"footnotes":""},"categories":[16,69,72],"tags":[90,102,124,98,86,180],"class_list":["post-13904","post","type-post","status-publish","format-standard","has-post-thumbnail","hentry","category-actualidad","category-noticias-ffcv","category-noticias-selecciones","tag-alevin","tag-convocatoria","tag-femenino","tag-futbol","tag-selecciones","tag-sub-12"],"aioseo_notices":[],"_links":{"self":[{"href":"https:\/\/ffcv.es\/wp\/wp-json\/wp\/v2\/posts\/13904"}],"collection":[{"href":"https:\/\/ffcv.es\/wp\/wp-json\/wp\/v2\/posts"}],"about":[{"href":"https:\/\/ffcv.es\/wp\/wp-json\/wp\/v2\/types\/post"}],"author":[{"embeddable":true,"href":"https:\/\/ffcv.es\/wp\/wp-json\/wp\/v2\/users\/5"}],"replies":[{"embeddable":true,"href":"https:\/\/ffcv.es\/wp\/wp-json\/wp\/v2\/comments?post=13904"}],"version-history":[{"count":1,"href":"https:\/\/ffcv.es\/wp\/wp-json\/wp\/v2\/posts\/13904\/revisions"}],"predecessor-version":[{"id":13906,"href":"https:\/\/ffcv.es\/wp\/wp-json\/wp\/v2\/posts\/13904\/revisions\/13906"}],"wp:featuredmedia":[{"embeddable":true,"href":"https:\/\/ffcv.es\/wp\/wp-json\/wp\/v2\/media\/13779"}],"wp:attachment":[{"href":"https:\/\/ffcv.es\/wp\/wp-json\/wp\/v2\/media?parent=13904"}],"wp:term":[{"taxonomy":"category","embeddable":true,"href":"https:\/\/ffcv.es\/wp\/wp-json\/wp\/v2\/categories?post=13904"},{"taxonomy":"post_tag","embeddable":true,"href":"https:\/\/ffcv.es\/wp\/wp-json\/wp\/v2\/tags?post=13904"}],"curies":[{"name":"wp","href":"https:\/\/api.w.org\/{rel}","templated":true}]}}