{"id":134771,"date":"2024-03-24T16:07:25","date_gmt":"2024-03-24T14:07:25","guid":{"rendered":"https:\/\/ffcv.es\/wp\/?p=134771"},"modified":"2024-03-24T16:07:27","modified_gmt":"2024-03-24T14:07:27","slug":"campeonas-de-espana-la-seleccio-valenciana-valenta-sub12-gana-el-campeonato-de-espana-madrid-2024","status":"publish","type":"post","link":"https:\/\/ffcv.es\/wp\/blog\/2024\/03\/campeonas-de-espana-la-seleccio-valenciana-valenta-sub12-gana-el-campeonato-de-espana-madrid-2024\/","title":{"rendered":"CAMPEONAS DE ESPA\u00d1A \ud83d\udc83\ud83c\udffb\ud83d\ude0d\u2764\ufe0f\ud83d\ude0a &#8211; La Selecci\u00f3 Valenciana Valenta sub12 gana el Campeonato de Espa\u00f1a #Madrid2024"},"content":{"rendered":"\n<p>La <strong>Selecci\u00f3 Valenciana Valenta sub12<\/strong> se ha proclamado campeona de <strong>Espa\u00f1a<\/strong> de la categor\u00eda en los campos <strong>&#8216;Ernesto Cotorruelo&#8217; <\/strong>de <strong>Madrid<\/strong> despu\u00e9s de empatar a uno frente a Euskadi en la final y vencer en la tanda penaltis.<\/p>\n\n\n\n<p><strong>Amalia<\/strong> anot\u00f3 el gol de las valencianas en el minuto 8 y <strong>Olivia<\/strong>, el de las vascas en el 23&#8242;. <\/p>\n\n\n\n<p><strong>Imilce<\/strong>, la portera de la <strong>Selecci\u00f3<\/strong>, fue decisiva en la tanda ya que par\u00f3 el primero y empuj\u00f3 al larguero el segundo con la mirada. <strong>Sara Rubert<\/strong> anot\u00f3 el definitivo lanzamiento que convirti\u00f3 a la <strong>Selecci\u00f3<\/strong> en campeona de <strong>Espa\u00f1a<\/strong>.<\/p>\n\n\n\n<figure class=\"wp-block-image size-large\"><img loading=\"lazy\" decoding=\"async\" width=\"1024\" height=\"682\" data-src=\"https:\/\/ffcv.es\/wp\/wp-content\/uploads\/2024\/03\/WhatsApp-Image-2024-03-24-at-13.06.50-1024x682.jpeg\" alt=\"\" class=\"wp-image-134791 lazyload\" data-srcset=\"https:\/\/ffcv.es\/wp\/wp-content\/uploads\/2024\/03\/WhatsApp-Image-2024-03-24-at-13.06.50-1024x682.jpeg 1024w, https:\/\/ffcv.es\/wp\/wp-content\/uploads\/2024\/03\/WhatsApp-Image-2024-03-24-at-13.06.50-300x200.jpeg 300w, https:\/\/ffcv.es\/wp\/wp-content\/uploads\/2024\/03\/WhatsApp-Image-2024-03-24-at-13.06.50-768x512.jpeg 768w, https:\/\/ffcv.es\/wp\/wp-content\/uploads\/2024\/03\/WhatsApp-Image-2024-03-24-at-13.06.50-1536x1023.jpeg 1536w, https:\/\/ffcv.es\/wp\/wp-content\/uploads\/2024\/03\/WhatsApp-Image-2024-03-24-at-13.06.50-280x187.jpeg 280w, https:\/\/ffcv.es\/wp\/wp-content\/uploads\/2024\/03\/WhatsApp-Image-2024-03-24-at-13.06.50-1170x780.jpeg 1170w, https:\/\/ffcv.es\/wp\/wp-content\/uploads\/2024\/03\/WhatsApp-Image-2024-03-24-at-13.06.50.jpeg 1600w\" data-sizes=\"(max-width: 1024px) 100vw, 1024px\" src=\"data:image\/gif;base64,R0lGODlhAQABAAAAACH5BAEKAAEALAAAAAABAAEAAAICTAEAOw==\" style=\"--smush-placeholder-width: 1024px; --smush-placeholder-aspect-ratio: 1024\/682;\" \/><noscript><img loading=\"lazy\" decoding=\"async\" width=\"1024\" height=\"682\" src=\"https:\/\/ffcv.es\/wp\/wp-content\/uploads\/2024\/03\/WhatsApp-Image-2024-03-24-at-13.06.50-1024x682.jpeg\" alt=\"\" class=\"wp-image-134791\" srcset=\"https:\/\/ffcv.es\/wp\/wp-content\/uploads\/2024\/03\/WhatsApp-Image-2024-03-24-at-13.06.50-1024x682.jpeg 1024w, https:\/\/ffcv.es\/wp\/wp-content\/uploads\/2024\/03\/WhatsApp-Image-2024-03-24-at-13.06.50-300x200.jpeg 300w, https:\/\/ffcv.es\/wp\/wp-content\/uploads\/2024\/03\/WhatsApp-Image-2024-03-24-at-13.06.50-768x512.jpeg 768w, https:\/\/ffcv.es\/wp\/wp-content\/uploads\/2024\/03\/WhatsApp-Image-2024-03-24-at-13.06.50-1536x1023.jpeg 1536w, https:\/\/ffcv.es\/wp\/wp-content\/uploads\/2024\/03\/WhatsApp-Image-2024-03-24-at-13.06.50-280x187.jpeg 280w, https:\/\/ffcv.es\/wp\/wp-content\/uploads\/2024\/03\/WhatsApp-Image-2024-03-24-at-13.06.50-1170x780.jpeg 1170w, https:\/\/ffcv.es\/wp\/wp-content\/uploads\/2024\/03\/WhatsApp-Image-2024-03-24-at-13.06.50.jpeg 1600w\" sizes=\"(max-width: 1024px) 100vw, 1024px\" \/><\/noscript><\/figure>\n\n\n\n<p>Adem\u00e1s, <strong>Carmen Matas <\/strong>fue nombrada <strong>MVP<\/strong> del <strong>Campeonato de Espa\u00f1a<\/strong>.<\/p>\n\n\n\n<figure class=\"wp-block-image size-large\"><img loading=\"lazy\" decoding=\"async\" width=\"682\" height=\"1024\" data-src=\"https:\/\/ffcv.es\/wp\/wp-content\/uploads\/2024\/03\/WhatsApp-Image-2024-03-24-at-14.53.57-682x1024.jpeg\" alt=\"\" class=\"wp-image-134804 lazyload\" data-srcset=\"https:\/\/ffcv.es\/wp\/wp-content\/uploads\/2024\/03\/WhatsApp-Image-2024-03-24-at-14.53.57-682x1024.jpeg 682w, https:\/\/ffcv.es\/wp\/wp-content\/uploads\/2024\/03\/WhatsApp-Image-2024-03-24-at-14.53.57-200x300.jpeg 200w, https:\/\/ffcv.es\/wp\/wp-content\/uploads\/2024\/03\/WhatsApp-Image-2024-03-24-at-14.53.57-768x1153.jpeg 768w, https:\/\/ffcv.es\/wp\/wp-content\/uploads\/2024\/03\/WhatsApp-Image-2024-03-24-at-14.53.57-1023x1536.jpeg 1023w, https:\/\/ffcv.es\/wp\/wp-content\/uploads\/2024\/03\/WhatsApp-Image-2024-03-24-at-14.53.57-125x187.jpeg 125w, https:\/\/ffcv.es\/wp\/wp-content\/uploads\/2024\/03\/WhatsApp-Image-2024-03-24-at-14.53.57.jpeg 720w\" data-sizes=\"(max-width: 682px) 100vw, 682px\" src=\"data:image\/gif;base64,R0lGODlhAQABAAAAACH5BAEKAAEALAAAAAABAAEAAAICTAEAOw==\" style=\"--smush-placeholder-width: 682px; --smush-placeholder-aspect-ratio: 682\/1024;\" \/><noscript><img loading=\"lazy\" decoding=\"async\" width=\"682\" height=\"1024\" src=\"https:\/\/ffcv.es\/wp\/wp-content\/uploads\/2024\/03\/WhatsApp-Image-2024-03-24-at-14.53.57-682x1024.jpeg\" alt=\"\" class=\"wp-image-134804\" srcset=\"https:\/\/ffcv.es\/wp\/wp-content\/uploads\/2024\/03\/WhatsApp-Image-2024-03-24-at-14.53.57-682x1024.jpeg 682w, https:\/\/ffcv.es\/wp\/wp-content\/uploads\/2024\/03\/WhatsApp-Image-2024-03-24-at-14.53.57-200x300.jpeg 200w, https:\/\/ffcv.es\/wp\/wp-content\/uploads\/2024\/03\/WhatsApp-Image-2024-03-24-at-14.53.57-768x1153.jpeg 768w, https:\/\/ffcv.es\/wp\/wp-content\/uploads\/2024\/03\/WhatsApp-Image-2024-03-24-at-14.53.57-1023x1536.jpeg 1023w, https:\/\/ffcv.es\/wp\/wp-content\/uploads\/2024\/03\/WhatsApp-Image-2024-03-24-at-14.53.57-125x187.jpeg 125w, https:\/\/ffcv.es\/wp\/wp-content\/uploads\/2024\/03\/WhatsApp-Image-2024-03-24-at-14.53.57.jpeg 720w\" sizes=\"(max-width: 682px) 100vw, 682px\" \/><\/noscript><figcaption class=\"wp-element-caption\"><strong>Carmen Matas<\/strong>, MVP del <strong>Campeonato de Espa\u00f1a de Selecciones Auton\u00f3micas <\/strong>sub-12.<\/figcaption><\/figure>\n\n\n\n<p>Es el tercer t\u00edtulo sub-12 de la <strong>Selecci\u00f3 Valenciana<\/strong>, despu\u00e9s de los conseguidos en 2001 y en 2009. Adem\u00e1s, es el primer t\u00edtulo <strong>Valenta<\/strong> obtenido por la <strong>Selecci\u00f3 Valenciana<\/strong> en f\u00fatbol desde 2018, cuando la <strong>Selecci\u00f3 Valenciana Valenta sub18<\/strong> fue campeona de <strong>Espa\u00f1a<\/strong>.<\/p>\n\n\n\n<h2 class=\"wp-block-heading\">Final &#8211; Selecci\u00f3 Valenciana sub12 \ud83c\udd9a Euskadi (1-0)<\/h2>\n\n\n\n<figure class=\"wp-block-image size-large\"><img loading=\"lazy\" decoding=\"async\" width=\"819\" height=\"1024\" data-src=\"https:\/\/ffcv.es\/wp\/wp-content\/uploads\/2024\/03\/FINAL-vs-EUS-819x1024.png\" alt=\"\" class=\"wp-image-134789 lazyload\" data-srcset=\"https:\/\/ffcv.es\/wp\/wp-content\/uploads\/2024\/03\/FINAL-vs-EUS-819x1024.png 819w, https:\/\/ffcv.es\/wp\/wp-content\/uploads\/2024\/03\/FINAL-vs-EUS-240x300.png 240w, https:\/\/ffcv.es\/wp\/wp-content\/uploads\/2024\/03\/FINAL-vs-EUS-768x960.png 768w, https:\/\/ffcv.es\/wp\/wp-content\/uploads\/2024\/03\/FINAL-vs-EUS-1229x1536.png 1229w, https:\/\/ffcv.es\/wp\/wp-content\/uploads\/2024\/03\/FINAL-vs-EUS-1638x2048.png 1638w, https:\/\/ffcv.es\/wp\/wp-content\/uploads\/2024\/03\/FINAL-vs-EUS-150x187.png 150w, https:\/\/ffcv.es\/wp\/wp-content\/uploads\/2024\/03\/FINAL-vs-EUS-1170x1463.png 1170w, https:\/\/ffcv.es\/wp\/wp-content\/uploads\/2024\/03\/FINAL-vs-EUS.png 864w\" data-sizes=\"(max-width: 819px) 100vw, 819px\" src=\"data:image\/gif;base64,R0lGODlhAQABAAAAACH5BAEKAAEALAAAAAABAAEAAAICTAEAOw==\" style=\"--smush-placeholder-width: 819px; --smush-placeholder-aspect-ratio: 819\/1024;\" \/><noscript><img loading=\"lazy\" decoding=\"async\" width=\"819\" height=\"1024\" src=\"https:\/\/ffcv.es\/wp\/wp-content\/uploads\/2024\/03\/FINAL-vs-EUS-819x1024.png\" alt=\"\" class=\"wp-image-134789\" srcset=\"https:\/\/ffcv.es\/wp\/wp-content\/uploads\/2024\/03\/FINAL-vs-EUS-819x1024.png 819w, https:\/\/ffcv.es\/wp\/wp-content\/uploads\/2024\/03\/FINAL-vs-EUS-240x300.png 240w, https:\/\/ffcv.es\/wp\/wp-content\/uploads\/2024\/03\/FINAL-vs-EUS-768x960.png 768w, https:\/\/ffcv.es\/wp\/wp-content\/uploads\/2024\/03\/FINAL-vs-EUS-1229x1536.png 1229w, https:\/\/ffcv.es\/wp\/wp-content\/uploads\/2024\/03\/FINAL-vs-EUS-1638x2048.png 1638w, https:\/\/ffcv.es\/wp\/wp-content\/uploads\/2024\/03\/FINAL-vs-EUS-150x187.png 150w, https:\/\/ffcv.es\/wp\/wp-content\/uploads\/2024\/03\/FINAL-vs-EUS-1170x1463.png 1170w, https:\/\/ffcv.es\/wp\/wp-content\/uploads\/2024\/03\/FINAL-vs-EUS.png 864w\" sizes=\"(max-width: 819px) 100vw, 819px\" \/><\/noscript><\/figure>\n\n\n\n<p>Esta <strong>Selecci\u00f3 Valenciana Valenta sub12<\/strong> pasar\u00e1 a la historia por su entrega, su convicci\u00f3n y su mentalidad. Nada ni nadie pudo con ellas.<\/p>\n\n\n\n<figure class=\"wp-block-gallery has-nested-images columns-default is-cropped wp-block-gallery-1 is-layout-flex wp-block-gallery-is-layout-flex\">\n<figure class=\"wp-block-image size-large\"><img loading=\"lazy\" decoding=\"async\" width=\"1024\" height=\"576\" data-id=\"134786\" data-src=\"https:\/\/ffcv.es\/wp\/wp-content\/uploads\/2024\/03\/WhatsApp-Image-2024-03-24-at-12.05.49-1-1024x576.jpeg\" alt=\"\" class=\"wp-image-134786 lazyload\" data-srcset=\"https:\/\/ffcv.es\/wp\/wp-content\/uploads\/2024\/03\/WhatsApp-Image-2024-03-24-at-12.05.49-1-1024x576.jpeg 1024w, https:\/\/ffcv.es\/wp\/wp-content\/uploads\/2024\/03\/WhatsApp-Image-2024-03-24-at-12.05.49-1-300x169.jpeg 300w, https:\/\/ffcv.es\/wp\/wp-content\/uploads\/2024\/03\/WhatsApp-Image-2024-03-24-at-12.05.49-1-768x432.jpeg 768w, https:\/\/ffcv.es\/wp\/wp-content\/uploads\/2024\/03\/WhatsApp-Image-2024-03-24-at-12.05.49-1-1536x864.jpeg 1536w, https:\/\/ffcv.es\/wp\/wp-content\/uploads\/2024\/03\/WhatsApp-Image-2024-03-24-at-12.05.49-1-280x157.jpeg 280w, https:\/\/ffcv.es\/wp\/wp-content\/uploads\/2024\/03\/WhatsApp-Image-2024-03-24-at-12.05.49-1-1170x658.jpeg 1170w, https:\/\/ffcv.es\/wp\/wp-content\/uploads\/2024\/03\/WhatsApp-Image-2024-03-24-at-12.05.49-1.jpeg 1599w\" data-sizes=\"(max-width: 1024px) 100vw, 1024px\" src=\"data:image\/gif;base64,R0lGODlhAQABAAAAACH5BAEKAAEALAAAAAABAAEAAAICTAEAOw==\" style=\"--smush-placeholder-width: 1024px; --smush-placeholder-aspect-ratio: 1024\/576;\" \/><noscript><img loading=\"lazy\" decoding=\"async\" width=\"1024\" height=\"576\" data-id=\"134786\" src=\"https:\/\/ffcv.es\/wp\/wp-content\/uploads\/2024\/03\/WhatsApp-Image-2024-03-24-at-12.05.49-1-1024x576.jpeg\" alt=\"\" class=\"wp-image-134786\" srcset=\"https:\/\/ffcv.es\/wp\/wp-content\/uploads\/2024\/03\/WhatsApp-Image-2024-03-24-at-12.05.49-1-1024x576.jpeg 1024w, https:\/\/ffcv.es\/wp\/wp-content\/uploads\/2024\/03\/WhatsApp-Image-2024-03-24-at-12.05.49-1-300x169.jpeg 300w, https:\/\/ffcv.es\/wp\/wp-content\/uploads\/2024\/03\/WhatsApp-Image-2024-03-24-at-12.05.49-1-768x432.jpeg 768w, https:\/\/ffcv.es\/wp\/wp-content\/uploads\/2024\/03\/WhatsApp-Image-2024-03-24-at-12.05.49-1-1536x864.jpeg 1536w, https:\/\/ffcv.es\/wp\/wp-content\/uploads\/2024\/03\/WhatsApp-Image-2024-03-24-at-12.05.49-1-280x157.jpeg 280w, https:\/\/ffcv.es\/wp\/wp-content\/uploads\/2024\/03\/WhatsApp-Image-2024-03-24-at-12.05.49-1-1170x658.jpeg 1170w, https:\/\/ffcv.es\/wp\/wp-content\/uploads\/2024\/03\/WhatsApp-Image-2024-03-24-at-12.05.49-1.jpeg 1599w\" sizes=\"(max-width: 1024px) 100vw, 1024px\" \/><\/noscript><\/figure>\n\n\n\n<figure class=\"wp-block-image size-large\"><img loading=\"lazy\" decoding=\"async\" width=\"1024\" height=\"576\" data-id=\"134787\" data-src=\"https:\/\/ffcv.es\/wp\/wp-content\/uploads\/2024\/03\/WhatsApp-Image-2024-03-24-at-12.05.49-1024x576.jpeg\" alt=\"\" class=\"wp-image-134787 lazyload\" data-srcset=\"https:\/\/ffcv.es\/wp\/wp-content\/uploads\/2024\/03\/WhatsApp-Image-2024-03-24-at-12.05.49-1024x576.jpeg 1024w, https:\/\/ffcv.es\/wp\/wp-content\/uploads\/2024\/03\/WhatsApp-Image-2024-03-24-at-12.05.49-300x169.jpeg 300w, https:\/\/ffcv.es\/wp\/wp-content\/uploads\/2024\/03\/WhatsApp-Image-2024-03-24-at-12.05.49-768x432.jpeg 768w, https:\/\/ffcv.es\/wp\/wp-content\/uploads\/2024\/03\/WhatsApp-Image-2024-03-24-at-12.05.49-1536x864.jpeg 1536w, https:\/\/ffcv.es\/wp\/wp-content\/uploads\/2024\/03\/WhatsApp-Image-2024-03-24-at-12.05.49-280x157.jpeg 280w, https:\/\/ffcv.es\/wp\/wp-content\/uploads\/2024\/03\/WhatsApp-Image-2024-03-24-at-12.05.49-1170x658.jpeg 1170w, https:\/\/ffcv.es\/wp\/wp-content\/uploads\/2024\/03\/WhatsApp-Image-2024-03-24-at-12.05.49.jpeg 1599w\" data-sizes=\"(max-width: 1024px) 100vw, 1024px\" src=\"data:image\/gif;base64,R0lGODlhAQABAAAAACH5BAEKAAEALAAAAAABAAEAAAICTAEAOw==\" style=\"--smush-placeholder-width: 1024px; --smush-placeholder-aspect-ratio: 1024\/576;\" \/><noscript><img loading=\"lazy\" decoding=\"async\" width=\"1024\" height=\"576\" data-id=\"134787\" src=\"https:\/\/ffcv.es\/wp\/wp-content\/uploads\/2024\/03\/WhatsApp-Image-2024-03-24-at-12.05.49-1024x576.jpeg\" alt=\"\" class=\"wp-image-134787\" srcset=\"https:\/\/ffcv.es\/wp\/wp-content\/uploads\/2024\/03\/WhatsApp-Image-2024-03-24-at-12.05.49-1024x576.jpeg 1024w, https:\/\/ffcv.es\/wp\/wp-content\/uploads\/2024\/03\/WhatsApp-Image-2024-03-24-at-12.05.49-300x169.jpeg 300w, https:\/\/ffcv.es\/wp\/wp-content\/uploads\/2024\/03\/WhatsApp-Image-2024-03-24-at-12.05.49-768x432.jpeg 768w, https:\/\/ffcv.es\/wp\/wp-content\/uploads\/2024\/03\/WhatsApp-Image-2024-03-24-at-12.05.49-1536x864.jpeg 1536w, https:\/\/ffcv.es\/wp\/wp-content\/uploads\/2024\/03\/WhatsApp-Image-2024-03-24-at-12.05.49-280x157.jpeg 280w, https:\/\/ffcv.es\/wp\/wp-content\/uploads\/2024\/03\/WhatsApp-Image-2024-03-24-at-12.05.49-1170x658.jpeg 1170w, https:\/\/ffcv.es\/wp\/wp-content\/uploads\/2024\/03\/WhatsApp-Image-2024-03-24-at-12.05.49.jpeg 1599w\" sizes=\"(max-width: 1024px) 100vw, 1024px\" \/><\/noscript><\/figure>\n<\/figure>\n\n\n\n<p>La final empez\u00f3 como los cuartos de final o como las semifinales: el equipo rival era muy potente, ven\u00eda muy acreditado y creaba muchas ocasiones en todos sus partidos, pero es jugar contra las de naranja y anularse.<\/p>\n\n\n\n<p>A <strong>Euskadi<\/strong>, que ven\u00eda de arrollar a <strong>Madrid<\/strong> en la semifinal, le cost\u00f3 much\u00edsimo llegar al \u00e1rea de Imilce. Y mientras tanto, en esa lucha de rebotes y rechaces, en ese &#8216;acabar jugada&#8217; tan caracter\u00edstico de la Selecci\u00f3, <strong>Amalia<\/strong> puso una vaselna impecable en el minuto 8 para adelantar a las suyas.<\/p>\n\n\n\n<figure class=\"wp-block-image size-large\"><img loading=\"lazy\" decoding=\"async\" width=\"1024\" height=\"683\" data-src=\"https:\/\/ffcv.es\/wp\/wp-content\/uploads\/2024\/03\/IMG_1587-1024x683.jpg\" alt=\"\" class=\"wp-image-134788 lazyload\" data-srcset=\"https:\/\/ffcv.es\/wp\/wp-content\/uploads\/2024\/03\/IMG_1587-1024x683.jpg 1024w, https:\/\/ffcv.es\/wp\/wp-content\/uploads\/2024\/03\/IMG_1587-300x200.jpg 300w, https:\/\/ffcv.es\/wp\/wp-content\/uploads\/2024\/03\/IMG_1587-768x512.jpg 768w, https:\/\/ffcv.es\/wp\/wp-content\/uploads\/2024\/03\/IMG_1587-1536x1024.jpg 1536w, https:\/\/ffcv.es\/wp\/wp-content\/uploads\/2024\/03\/IMG_1587-2048x1365.jpg 2048w, https:\/\/ffcv.es\/wp\/wp-content\/uploads\/2024\/03\/IMG_1587-280x187.jpg 280w, https:\/\/ffcv.es\/wp\/wp-content\/uploads\/2024\/03\/IMG_1587-1170x780.jpg 1170w, https:\/\/ffcv.es\/wp\/wp-content\/uploads\/2024\/03\/IMG_1587-scaled.jpg 1620w\" data-sizes=\"(max-width: 1024px) 100vw, 1024px\" src=\"data:image\/gif;base64,R0lGODlhAQABAAAAACH5BAEKAAEALAAAAAABAAEAAAICTAEAOw==\" style=\"--smush-placeholder-width: 1024px; --smush-placeholder-aspect-ratio: 1024\/683;\" \/><noscript><img loading=\"lazy\" decoding=\"async\" width=\"1024\" height=\"683\" src=\"https:\/\/ffcv.es\/wp\/wp-content\/uploads\/2024\/03\/IMG_1587-1024x683.jpg\" alt=\"\" class=\"wp-image-134788\" srcset=\"https:\/\/ffcv.es\/wp\/wp-content\/uploads\/2024\/03\/IMG_1587-1024x683.jpg 1024w, https:\/\/ffcv.es\/wp\/wp-content\/uploads\/2024\/03\/IMG_1587-300x200.jpg 300w, https:\/\/ffcv.es\/wp\/wp-content\/uploads\/2024\/03\/IMG_1587-768x512.jpg 768w, https:\/\/ffcv.es\/wp\/wp-content\/uploads\/2024\/03\/IMG_1587-1536x1024.jpg 1536w, https:\/\/ffcv.es\/wp\/wp-content\/uploads\/2024\/03\/IMG_1587-2048x1365.jpg 2048w, https:\/\/ffcv.es\/wp\/wp-content\/uploads\/2024\/03\/IMG_1587-280x187.jpg 280w, https:\/\/ffcv.es\/wp\/wp-content\/uploads\/2024\/03\/IMG_1587-1170x780.jpg 1170w, https:\/\/ffcv.es\/wp\/wp-content\/uploads\/2024\/03\/IMG_1587-scaled.jpg 1620w\" sizes=\"(max-width: 1024px) 100vw, 1024px\" \/><\/noscript><figcaption class=\"wp-element-caption\"><strong>Amalia<\/strong> celebra con rabia su gol en la final.<\/figcaption><\/figure>\n\n\n\n<p>A partir del gol, se lleg\u00f3 al descanso como si no hubiera pasado nada: sin tiros, sin ocasiones, sin paradas. Pero la realidad es que en esos minutos se movi\u00f3 la <strong>Selecci\u00f3<\/strong> como un gorrino en un lodazal y llev\u00f3 a <strong>Euskadi<\/strong> donde quiso.<\/p>\n\n\n\n<p>De todas formas, <strong>Euskadi<\/strong> no iba a rendirse, eso estaba claro. <strong>Olivia<\/strong>, m\u00e1s larga que un d\u00eda sin pan, era un faro para los balonazos de las centrales.<\/p>\n\n\n\n<p>Fue ella, <strong>Olivia<\/strong>, la que e nganch\u00f3 un chutazo desde fuera del \u00e1rea y empat\u00f3 la final a los tres minutos de volver del vestuario.<\/p>\n\n\n\n<p>De ah\u00ed al final de encuentro, hubo concurso de pelotazos de la portera hacia sus delanteras, concurso que gan\u00f3 la <strong>Selecci\u00f3 Valenciana<\/strong> pero sin acabar de concretar el gol. <\/p>\n\n\n\n<p>Con ese panorama, todo se decidir\u00eda en penaltis.<\/p>\n\n\n\n<p>Y como sucedi\u00f3 en las semis, tener a Imilce en el equipo siempre es tener una baza ganadora. <\/p>\n\n\n\n<p>La portera del<strong> Levante UD <\/strong>le detuvo el primer lanzamiento de la tanda a <strong>Sheila<\/strong>. <strong>Carmen<\/strong>, que se encarg\u00f3 del primero de la <strong>Valenciana<\/strong>, no fall\u00f3.<\/p>\n\n\n\n<p>Despu\u00e9s <strong>Libe<\/strong>, intimidada por Imilce, la estrell\u00f3 en el larguero. Y <strong>Sara Rubert<\/strong>, potente y al centro, marc\u00f3 el gol del t\u00edtulo.<\/p>\n\n\n\n<p>Un gol que es una liberaci\u00f3n, un t\u00edtulo muy merecido de un equipo que quedar\u00e1 para siempre en la memoria.<\/p>\n\n\n\n<figure class=\"wp-block-image size-large\"><img loading=\"lazy\" decoding=\"async\" width=\"1024\" height=\"682\" data-src=\"https:\/\/ffcv.es\/wp\/wp-content\/uploads\/2024\/03\/WhatsApp-Image-2024-03-24-at-14.56.53-1024x682.jpeg\" alt=\"\" class=\"wp-image-134805 lazyload\" data-srcset=\"https:\/\/ffcv.es\/wp\/wp-content\/uploads\/2024\/03\/WhatsApp-Image-2024-03-24-at-14.56.53-1024x682.jpeg 1024w, https:\/\/ffcv.es\/wp\/wp-content\/uploads\/2024\/03\/WhatsApp-Image-2024-03-24-at-14.56.53-300x200.jpeg 300w, https:\/\/ffcv.es\/wp\/wp-content\/uploads\/2024\/03\/WhatsApp-Image-2024-03-24-at-14.56.53-768x512.jpeg 768w, https:\/\/ffcv.es\/wp\/wp-content\/uploads\/2024\/03\/WhatsApp-Image-2024-03-24-at-14.56.53-1536x1023.jpeg 1536w, https:\/\/ffcv.es\/wp\/wp-content\/uploads\/2024\/03\/WhatsApp-Image-2024-03-24-at-14.56.53-280x187.jpeg 280w, https:\/\/ffcv.es\/wp\/wp-content\/uploads\/2024\/03\/WhatsApp-Image-2024-03-24-at-14.56.53-1170x780.jpeg 1170w, https:\/\/ffcv.es\/wp\/wp-content\/uploads\/2024\/03\/WhatsApp-Image-2024-03-24-at-14.56.53.jpeg 1600w\" data-sizes=\"(max-width: 1024px) 100vw, 1024px\" src=\"data:image\/gif;base64,R0lGODlhAQABAAAAACH5BAEKAAEALAAAAAABAAEAAAICTAEAOw==\" style=\"--smush-placeholder-width: 1024px; --smush-placeholder-aspect-ratio: 1024\/682;\" \/><noscript><img loading=\"lazy\" decoding=\"async\" width=\"1024\" height=\"682\" src=\"https:\/\/ffcv.es\/wp\/wp-content\/uploads\/2024\/03\/WhatsApp-Image-2024-03-24-at-14.56.53-1024x682.jpeg\" alt=\"\" class=\"wp-image-134805\" srcset=\"https:\/\/ffcv.es\/wp\/wp-content\/uploads\/2024\/03\/WhatsApp-Image-2024-03-24-at-14.56.53-1024x682.jpeg 1024w, https:\/\/ffcv.es\/wp\/wp-content\/uploads\/2024\/03\/WhatsApp-Image-2024-03-24-at-14.56.53-300x200.jpeg 300w, https:\/\/ffcv.es\/wp\/wp-content\/uploads\/2024\/03\/WhatsApp-Image-2024-03-24-at-14.56.53-768x512.jpeg 768w, https:\/\/ffcv.es\/wp\/wp-content\/uploads\/2024\/03\/WhatsApp-Image-2024-03-24-at-14.56.53-1536x1023.jpeg 1536w, https:\/\/ffcv.es\/wp\/wp-content\/uploads\/2024\/03\/WhatsApp-Image-2024-03-24-at-14.56.53-280x187.jpeg 280w, https:\/\/ffcv.es\/wp\/wp-content\/uploads\/2024\/03\/WhatsApp-Image-2024-03-24-at-14.56.53-1170x780.jpeg 1170w, https:\/\/ffcv.es\/wp\/wp-content\/uploads\/2024\/03\/WhatsApp-Image-2024-03-24-at-14.56.53.jpeg 1600w\" sizes=\"(max-width: 1024px) 100vw, 1024px\" \/><\/noscript><\/figure>\n\n\n\n<figure class=\"wp-block-embed is-type-video is-provider-youtube wp-block-embed-youtube wp-embed-aspect-4-3 wp-has-aspect-ratio\"><div class=\"wp-block-embed__wrapper\">\n<iframe loading=\"lazy\" title=\"CESA SUB-12 FEMENINO FINAL SELECCI\u00d3N COMUNIDAD VALENCIANA VS  SELECI\u00d3N COMUNIDAD VASCA -24 Mar 12:00\" width=\"500\" height=\"281\" data-src=\"https:\/\/www.youtube.com\/embed\/mM3NxfUPHMI?feature=oembed\" frameborder=\"0\" allow=\"accelerometer; autoplay; clipboard-write; encrypted-media; gyroscope; picture-in-picture; web-share\" referrerpolicy=\"strict-origin-when-cross-origin\" allowfullscreen src=\"data:image\/gif;base64,R0lGODlhAQABAAAAACH5BAEKAAEALAAAAAABAAEAAAICTAEAOw==\" class=\"lazyload\" data-load-mode=\"1\"><\/iframe>\n<\/div><\/figure>\n\n\n\n<h2 class=\"wp-block-heading\">Semifinal &#8211; Selecci\u00f3 Valenciana sub12 \ud83c\udd9a Catalunya (0-0 \/ 7-6)<\/h2>\n\n\n\n<p>Catalunya no hab\u00eda encajado un solo gol en todo el torneo, pero la <strong>Selecci\u00f3<\/strong> las sorprendi\u00f3  desde el inicio. Quiz\u00e1s las catalanas esperaban un juego m\u00e1s directo viendo los precedentes en el campeonato, pero se encontraron con salida de bal\u00f3n jugado desde Imilce pasando siempre por <strong>Buend\u00eda<\/strong>.<\/p>\n\n\n\n<p>Eso hizo que el partido se jugara en zona de nadie y que el equipo que m\u00e1s cerca estuvo del \u00e1rea rival fue la <strong>Selecci\u00f3 Valenta<\/strong>.<\/p>\n\n\n\n<figure class=\"wp-block-image size-large\"><img loading=\"lazy\" decoding=\"async\" width=\"1024\" height=\"683\" data-src=\"https:\/\/ffcv.es\/wp\/wp-content\/uploads\/2024\/03\/IMG_0795-1024x683.jpg\" alt=\"\" class=\"wp-image-134772 lazyload\" data-srcset=\"https:\/\/ffcv.es\/wp\/wp-content\/uploads\/2024\/03\/IMG_0795-1024x683.jpg 1024w, https:\/\/ffcv.es\/wp\/wp-content\/uploads\/2024\/03\/IMG_0795-300x200.jpg 300w, https:\/\/ffcv.es\/wp\/wp-content\/uploads\/2024\/03\/IMG_0795-768x512.jpg 768w, https:\/\/ffcv.es\/wp\/wp-content\/uploads\/2024\/03\/IMG_0795-1536x1024.jpg 1536w, https:\/\/ffcv.es\/wp\/wp-content\/uploads\/2024\/03\/IMG_0795-2048x1365.jpg 2048w, https:\/\/ffcv.es\/wp\/wp-content\/uploads\/2024\/03\/IMG_0795-280x187.jpg 280w, https:\/\/ffcv.es\/wp\/wp-content\/uploads\/2024\/03\/IMG_0795-1170x780.jpg 1170w, https:\/\/ffcv.es\/wp\/wp-content\/uploads\/2024\/03\/IMG_0795-scaled.jpg 1620w\" data-sizes=\"(max-width: 1024px) 100vw, 1024px\" src=\"data:image\/gif;base64,R0lGODlhAQABAAAAACH5BAEKAAEALAAAAAABAAEAAAICTAEAOw==\" style=\"--smush-placeholder-width: 1024px; --smush-placeholder-aspect-ratio: 1024\/683;\" \/><noscript><img loading=\"lazy\" decoding=\"async\" width=\"1024\" height=\"683\" src=\"https:\/\/ffcv.es\/wp\/wp-content\/uploads\/2024\/03\/IMG_0795-1024x683.jpg\" alt=\"\" class=\"wp-image-134772\" srcset=\"https:\/\/ffcv.es\/wp\/wp-content\/uploads\/2024\/03\/IMG_0795-1024x683.jpg 1024w, https:\/\/ffcv.es\/wp\/wp-content\/uploads\/2024\/03\/IMG_0795-300x200.jpg 300w, https:\/\/ffcv.es\/wp\/wp-content\/uploads\/2024\/03\/IMG_0795-768x512.jpg 768w, https:\/\/ffcv.es\/wp\/wp-content\/uploads\/2024\/03\/IMG_0795-1536x1024.jpg 1536w, https:\/\/ffcv.es\/wp\/wp-content\/uploads\/2024\/03\/IMG_0795-2048x1365.jpg 2048w, https:\/\/ffcv.es\/wp\/wp-content\/uploads\/2024\/03\/IMG_0795-280x187.jpg 280w, https:\/\/ffcv.es\/wp\/wp-content\/uploads\/2024\/03\/IMG_0795-1170x780.jpg 1170w, https:\/\/ffcv.es\/wp\/wp-content\/uploads\/2024\/03\/IMG_0795-scaled.jpg 1620w\" sizes=\"(max-width: 1024px) 100vw, 1024px\" \/><\/noscript><\/figure>\n\n\n\n<p>El bal\u00f3n rond\u00f3 la porter\u00eda catalana y daba la sensaci\u00f3n de que alg\u00fan rechace iba a favorecer a Excel, a <strong>Carmen<\/strong>, a <strong>Amalia<\/strong> o a la misma <strong>Buend\u00eda<\/strong>.<\/p>\n\n\n\n<p>S\u00f3lo un error en salida valenciana ayud\u00f3 a <strong>Catalunya<\/strong> a crear la \u00fanica ocasi\u00f3n que tuvo en la primera mitad. Se iba a decidir todo en la segunda parte.<\/p>\n\n\n\n<figure class=\"wp-block-gallery has-nested-images columns-default is-cropped wp-block-gallery-2 is-layout-flex wp-block-gallery-is-layout-flex\">\n<figure class=\"wp-block-image size-large\"><img loading=\"lazy\" decoding=\"async\" width=\"1024\" height=\"683\" data-id=\"134773\" data-src=\"https:\/\/ffcv.es\/wp\/wp-content\/uploads\/2024\/03\/IMG_0839-1024x683.jpg\" alt=\"\" class=\"wp-image-134773 lazyload\" data-srcset=\"https:\/\/ffcv.es\/wp\/wp-content\/uploads\/2024\/03\/IMG_0839-1024x683.jpg 1024w, https:\/\/ffcv.es\/wp\/wp-content\/uploads\/2024\/03\/IMG_0839-300x200.jpg 300w, https:\/\/ffcv.es\/wp\/wp-content\/uploads\/2024\/03\/IMG_0839-768x512.jpg 768w, https:\/\/ffcv.es\/wp\/wp-content\/uploads\/2024\/03\/IMG_0839-1536x1024.jpg 1536w, https:\/\/ffcv.es\/wp\/wp-content\/uploads\/2024\/03\/IMG_0839-2048x1365.jpg 2048w, https:\/\/ffcv.es\/wp\/wp-content\/uploads\/2024\/03\/IMG_0839-280x187.jpg 280w, https:\/\/ffcv.es\/wp\/wp-content\/uploads\/2024\/03\/IMG_0839-1170x780.jpg 1170w, https:\/\/ffcv.es\/wp\/wp-content\/uploads\/2024\/03\/IMG_0839-scaled.jpg 1620w\" data-sizes=\"(max-width: 1024px) 100vw, 1024px\" src=\"data:image\/gif;base64,R0lGODlhAQABAAAAACH5BAEKAAEALAAAAAABAAEAAAICTAEAOw==\" style=\"--smush-placeholder-width: 1024px; --smush-placeholder-aspect-ratio: 1024\/683;\" \/><noscript><img loading=\"lazy\" decoding=\"async\" width=\"1024\" height=\"683\" data-id=\"134773\" src=\"https:\/\/ffcv.es\/wp\/wp-content\/uploads\/2024\/03\/IMG_0839-1024x683.jpg\" alt=\"\" class=\"wp-image-134773\" srcset=\"https:\/\/ffcv.es\/wp\/wp-content\/uploads\/2024\/03\/IMG_0839-1024x683.jpg 1024w, https:\/\/ffcv.es\/wp\/wp-content\/uploads\/2024\/03\/IMG_0839-300x200.jpg 300w, https:\/\/ffcv.es\/wp\/wp-content\/uploads\/2024\/03\/IMG_0839-768x512.jpg 768w, https:\/\/ffcv.es\/wp\/wp-content\/uploads\/2024\/03\/IMG_0839-1536x1024.jpg 1536w, https:\/\/ffcv.es\/wp\/wp-content\/uploads\/2024\/03\/IMG_0839-2048x1365.jpg 2048w, https:\/\/ffcv.es\/wp\/wp-content\/uploads\/2024\/03\/IMG_0839-280x187.jpg 280w, https:\/\/ffcv.es\/wp\/wp-content\/uploads\/2024\/03\/IMG_0839-1170x780.jpg 1170w, https:\/\/ffcv.es\/wp\/wp-content\/uploads\/2024\/03\/IMG_0839-scaled.jpg 1620w\" sizes=\"(max-width: 1024px) 100vw, 1024px\" \/><\/noscript><\/figure>\n\n\n\n<figure class=\"wp-block-image size-large\"><img loading=\"lazy\" decoding=\"async\" width=\"1024\" height=\"683\" data-id=\"134774\" data-src=\"https:\/\/ffcv.es\/wp\/wp-content\/uploads\/2024\/03\/IMG_0852-1024x683.jpg\" alt=\"\" class=\"wp-image-134774 lazyload\" data-srcset=\"https:\/\/ffcv.es\/wp\/wp-content\/uploads\/2024\/03\/IMG_0852-1024x683.jpg 1024w, https:\/\/ffcv.es\/wp\/wp-content\/uploads\/2024\/03\/IMG_0852-300x200.jpg 300w, https:\/\/ffcv.es\/wp\/wp-content\/uploads\/2024\/03\/IMG_0852-768x512.jpg 768w, https:\/\/ffcv.es\/wp\/wp-content\/uploads\/2024\/03\/IMG_0852-1536x1024.jpg 1536w, https:\/\/ffcv.es\/wp\/wp-content\/uploads\/2024\/03\/IMG_0852-2048x1365.jpg 2048w, https:\/\/ffcv.es\/wp\/wp-content\/uploads\/2024\/03\/IMG_0852-280x187.jpg 280w, https:\/\/ffcv.es\/wp\/wp-content\/uploads\/2024\/03\/IMG_0852-1170x780.jpg 1170w, https:\/\/ffcv.es\/wp\/wp-content\/uploads\/2024\/03\/IMG_0852-scaled.jpg 1620w\" data-sizes=\"(max-width: 1024px) 100vw, 1024px\" src=\"data:image\/gif;base64,R0lGODlhAQABAAAAACH5BAEKAAEALAAAAAABAAEAAAICTAEAOw==\" style=\"--smush-placeholder-width: 1024px; --smush-placeholder-aspect-ratio: 1024\/683;\" \/><noscript><img loading=\"lazy\" decoding=\"async\" width=\"1024\" height=\"683\" data-id=\"134774\" src=\"https:\/\/ffcv.es\/wp\/wp-content\/uploads\/2024\/03\/IMG_0852-1024x683.jpg\" alt=\"\" class=\"wp-image-134774\" srcset=\"https:\/\/ffcv.es\/wp\/wp-content\/uploads\/2024\/03\/IMG_0852-1024x683.jpg 1024w, https:\/\/ffcv.es\/wp\/wp-content\/uploads\/2024\/03\/IMG_0852-300x200.jpg 300w, https:\/\/ffcv.es\/wp\/wp-content\/uploads\/2024\/03\/IMG_0852-768x512.jpg 768w, https:\/\/ffcv.es\/wp\/wp-content\/uploads\/2024\/03\/IMG_0852-1536x1024.jpg 1536w, https:\/\/ffcv.es\/wp\/wp-content\/uploads\/2024\/03\/IMG_0852-2048x1365.jpg 2048w, https:\/\/ffcv.es\/wp\/wp-content\/uploads\/2024\/03\/IMG_0852-280x187.jpg 280w, https:\/\/ffcv.es\/wp\/wp-content\/uploads\/2024\/03\/IMG_0852-1170x780.jpg 1170w, https:\/\/ffcv.es\/wp\/wp-content\/uploads\/2024\/03\/IMG_0852-scaled.jpg 1620w\" sizes=\"(max-width: 1024px) 100vw, 1024px\" \/><\/noscript><\/figure>\n<\/figure>\n\n\n\n<p>La segunda mitad comenz\u00f3 de forma muy parecida a como hab\u00eda acabado la primera. Catalunya no acababa de llegar con claridad.<\/p>\n\n\n\n<p>En el minuto 26, la <strong>Selecci\u00f3<\/strong> goz\u00f3 de la ocasi\u00f3n m\u00e1s clara hasta entonces. <strong>Buend\u00eda<\/strong> cruz\u00f3 al interior del \u00e1rea, <strong>Carmen<\/strong> recibi\u00f3 el bal\u00f3n rechazado y estrell\u00f3 la ocasi\u00f3n en la cara de la portera.<\/p>\n\n\n\n<p>El pundonor de este equipo es innegable. La presi\u00f3n a todo campo y las ganas de buscar a las contrarias fue constante. Si a eso a\u00f1adimos que es una <strong>Selecci\u00f3<\/strong> que se mueve bien en los rechaces y en los balones sueltos.<\/p>\n\n\n\n<p><strong>Mar\u00eda<\/strong> tuvo dos ocasiones al final del partido. Siendo sinceros, la Selecci\u00f3 Valenciana mereci\u00f3 ganar el partido.<\/p>\n\n\n\n<p>Que los penaltis son una loter\u00eda es un t\u00f3pico bastante real, pero lo cierto es que si a los penaltis vas con una buena portera las posibilidades de ganar son mayores. Imilce fue la hero\u00edna de la semifinal. Par\u00f3 un panelti decisivo y anot\u00f3 el \u00faltimo. <\/p>\n\n\n\n<figure class=\"wp-block-image size-large\"><img loading=\"lazy\" decoding=\"async\" width=\"1024\" height=\"682\" data-src=\"https:\/\/ffcv.es\/wp\/wp-content\/uploads\/2024\/03\/WhatsApp-Image-2024-03-24-at-11.08.51-1024x682.jpeg\" alt=\"\" class=\"wp-image-134780 lazyload\" data-srcset=\"https:\/\/ffcv.es\/wp\/wp-content\/uploads\/2024\/03\/WhatsApp-Image-2024-03-24-at-11.08.51-1024x682.jpeg 1024w, https:\/\/ffcv.es\/wp\/wp-content\/uploads\/2024\/03\/WhatsApp-Image-2024-03-24-at-11.08.51-300x200.jpeg 300w, https:\/\/ffcv.es\/wp\/wp-content\/uploads\/2024\/03\/WhatsApp-Image-2024-03-24-at-11.08.51-768x512.jpeg 768w, https:\/\/ffcv.es\/wp\/wp-content\/uploads\/2024\/03\/WhatsApp-Image-2024-03-24-at-11.08.51-1536x1023.jpeg 1536w, https:\/\/ffcv.es\/wp\/wp-content\/uploads\/2024\/03\/WhatsApp-Image-2024-03-24-at-11.08.51-280x187.jpeg 280w, https:\/\/ffcv.es\/wp\/wp-content\/uploads\/2024\/03\/WhatsApp-Image-2024-03-24-at-11.08.51-1170x780.jpeg 1170w, https:\/\/ffcv.es\/wp\/wp-content\/uploads\/2024\/03\/WhatsApp-Image-2024-03-24-at-11.08.51.jpeg 1600w\" data-sizes=\"(max-width: 1024px) 100vw, 1024px\" src=\"data:image\/gif;base64,R0lGODlhAQABAAAAACH5BAEKAAEALAAAAAABAAEAAAICTAEAOw==\" style=\"--smush-placeholder-width: 1024px; --smush-placeholder-aspect-ratio: 1024\/682;\" \/><noscript><img loading=\"lazy\" decoding=\"async\" width=\"1024\" height=\"682\" src=\"https:\/\/ffcv.es\/wp\/wp-content\/uploads\/2024\/03\/WhatsApp-Image-2024-03-24-at-11.08.51-1024x682.jpeg\" alt=\"\" class=\"wp-image-134780\" srcset=\"https:\/\/ffcv.es\/wp\/wp-content\/uploads\/2024\/03\/WhatsApp-Image-2024-03-24-at-11.08.51-1024x682.jpeg 1024w, https:\/\/ffcv.es\/wp\/wp-content\/uploads\/2024\/03\/WhatsApp-Image-2024-03-24-at-11.08.51-300x200.jpeg 300w, https:\/\/ffcv.es\/wp\/wp-content\/uploads\/2024\/03\/WhatsApp-Image-2024-03-24-at-11.08.51-768x512.jpeg 768w, https:\/\/ffcv.es\/wp\/wp-content\/uploads\/2024\/03\/WhatsApp-Image-2024-03-24-at-11.08.51-1536x1023.jpeg 1536w, https:\/\/ffcv.es\/wp\/wp-content\/uploads\/2024\/03\/WhatsApp-Image-2024-03-24-at-11.08.51-280x187.jpeg 280w, https:\/\/ffcv.es\/wp\/wp-content\/uploads\/2024\/03\/WhatsApp-Image-2024-03-24-at-11.08.51-1170x780.jpeg 1170w, https:\/\/ffcv.es\/wp\/wp-content\/uploads\/2024\/03\/WhatsApp-Image-2024-03-24-at-11.08.51.jpeg 1600w\" sizes=\"(max-width: 1024px) 100vw, 1024px\" \/><\/noscript><\/figure>\n\n\n\n<figure class=\"wp-block-image size-large\"><img loading=\"lazy\" decoding=\"async\" width=\"1024\" height=\"683\" data-src=\"https:\/\/ffcv.es\/wp\/wp-content\/uploads\/2024\/03\/WhatsApp-Image-2024-03-24-at-11.10.39-1024x683.jpeg\" alt=\"\" class=\"wp-image-134776 lazyload\" data-srcset=\"https:\/\/ffcv.es\/wp\/wp-content\/uploads\/2024\/03\/WhatsApp-Image-2024-03-24-at-11.10.39-1024x683.jpeg 1024w, https:\/\/ffcv.es\/wp\/wp-content\/uploads\/2024\/03\/WhatsApp-Image-2024-03-24-at-11.10.39-300x200.jpeg 300w, https:\/\/ffcv.es\/wp\/wp-content\/uploads\/2024\/03\/WhatsApp-Image-2024-03-24-at-11.10.39-768x512.jpeg 768w, https:\/\/ffcv.es\/wp\/wp-content\/uploads\/2024\/03\/WhatsApp-Image-2024-03-24-at-11.10.39-1536x1024.jpeg 1536w, https:\/\/ffcv.es\/wp\/wp-content\/uploads\/2024\/03\/WhatsApp-Image-2024-03-24-at-11.10.39-280x187.jpeg 280w, https:\/\/ffcv.es\/wp\/wp-content\/uploads\/2024\/03\/WhatsApp-Image-2024-03-24-at-11.10.39-1170x780.jpeg 1170w, https:\/\/ffcv.es\/wp\/wp-content\/uploads\/2024\/03\/WhatsApp-Image-2024-03-24-at-11.10.39.jpeg 1600w\" data-sizes=\"(max-width: 1024px) 100vw, 1024px\" src=\"data:image\/gif;base64,R0lGODlhAQABAAAAACH5BAEKAAEALAAAAAABAAEAAAICTAEAOw==\" style=\"--smush-placeholder-width: 1024px; --smush-placeholder-aspect-ratio: 1024\/683;\" \/><noscript><img loading=\"lazy\" decoding=\"async\" width=\"1024\" height=\"683\" src=\"https:\/\/ffcv.es\/wp\/wp-content\/uploads\/2024\/03\/WhatsApp-Image-2024-03-24-at-11.10.39-1024x683.jpeg\" alt=\"\" class=\"wp-image-134776\" srcset=\"https:\/\/ffcv.es\/wp\/wp-content\/uploads\/2024\/03\/WhatsApp-Image-2024-03-24-at-11.10.39-1024x683.jpeg 1024w, https:\/\/ffcv.es\/wp\/wp-content\/uploads\/2024\/03\/WhatsApp-Image-2024-03-24-at-11.10.39-300x200.jpeg 300w, https:\/\/ffcv.es\/wp\/wp-content\/uploads\/2024\/03\/WhatsApp-Image-2024-03-24-at-11.10.39-768x512.jpeg 768w, https:\/\/ffcv.es\/wp\/wp-content\/uploads\/2024\/03\/WhatsApp-Image-2024-03-24-at-11.10.39-1536x1024.jpeg 1536w, https:\/\/ffcv.es\/wp\/wp-content\/uploads\/2024\/03\/WhatsApp-Image-2024-03-24-at-11.10.39-280x187.jpeg 280w, https:\/\/ffcv.es\/wp\/wp-content\/uploads\/2024\/03\/WhatsApp-Image-2024-03-24-at-11.10.39-1170x780.jpeg 1170w, https:\/\/ffcv.es\/wp\/wp-content\/uploads\/2024\/03\/WhatsApp-Image-2024-03-24-at-11.10.39.jpeg 1600w\" sizes=\"(max-width: 1024px) 100vw, 1024px\" \/><\/noscript><figcaption class=\"wp-element-caption\"><strong>Imilce<\/strong> fue decisiva en el partido de semifinales; aqu\u00ed detiene el penalti en la tanda.<\/figcaption><\/figure>\n\n\n\n<figure class=\"wp-block-embed is-type-video is-provider-youtube wp-block-embed-youtube wp-embed-aspect-4-3 wp-has-aspect-ratio\"><div class=\"wp-block-embed__wrapper\">\n<iframe loading=\"lazy\" title=\"CESA SUB-12 FEM SEMIFINAL- 1\u00ba SELECCI\u00d3N  VALENCIANA VS SELECCI\u00d3N CATALANA -24 Marzo 10:00\" width=\"500\" height=\"281\" data-src=\"https:\/\/www.youtube.com\/embed\/Gfnv1eiWJVQ?feature=oembed\" frameborder=\"0\" allow=\"accelerometer; autoplay; clipboard-write; encrypted-media; gyroscope; picture-in-picture; web-share\" referrerpolicy=\"strict-origin-when-cross-origin\" allowfullscreen src=\"data:image\/gif;base64,R0lGODlhAQABAAAAACH5BAEKAAEALAAAAAABAAEAAAICTAEAOw==\" class=\"lazyload\" data-load-mode=\"1\"><\/iframe>\n<\/div><\/figure>\n\n\n\n<figure class=\"wp-block-image size-large\"><img loading=\"lazy\" decoding=\"async\" width=\"1024\" height=\"768\" data-src=\"https:\/\/ffcv.es\/wp\/wp-content\/uploads\/2024\/03\/IMG_4213-1024x768.jpg\" alt=\"\" class=\"wp-image-134775 lazyload\" data-srcset=\"https:\/\/ffcv.es\/wp\/wp-content\/uploads\/2024\/03\/IMG_4213-1024x768.jpg 1024w, https:\/\/ffcv.es\/wp\/wp-content\/uploads\/2024\/03\/IMG_4213-300x225.jpg 300w, https:\/\/ffcv.es\/wp\/wp-content\/uploads\/2024\/03\/IMG_4213-768x576.jpg 768w, https:\/\/ffcv.es\/wp\/wp-content\/uploads\/2024\/03\/IMG_4213-1536x1152.jpg 1536w, https:\/\/ffcv.es\/wp\/wp-content\/uploads\/2024\/03\/IMG_4213-2048x1536.jpg 2048w, https:\/\/ffcv.es\/wp\/wp-content\/uploads\/2024\/03\/IMG_4213-249x187.jpg 249w, https:\/\/ffcv.es\/wp\/wp-content\/uploads\/2024\/03\/IMG_4213-1170x878.jpg 1170w, https:\/\/ffcv.es\/wp\/wp-content\/uploads\/2024\/03\/IMG_4213-scaled.jpg 1440w\" data-sizes=\"(max-width: 1024px) 100vw, 1024px\" src=\"data:image\/gif;base64,R0lGODlhAQABAAAAACH5BAEKAAEALAAAAAABAAEAAAICTAEAOw==\" style=\"--smush-placeholder-width: 1024px; --smush-placeholder-aspect-ratio: 1024\/768;\" \/><noscript><img loading=\"lazy\" decoding=\"async\" width=\"1024\" height=\"768\" src=\"https:\/\/ffcv.es\/wp\/wp-content\/uploads\/2024\/03\/IMG_4213-1024x768.jpg\" alt=\"\" class=\"wp-image-134775\" srcset=\"https:\/\/ffcv.es\/wp\/wp-content\/uploads\/2024\/03\/IMG_4213-1024x768.jpg 1024w, https:\/\/ffcv.es\/wp\/wp-content\/uploads\/2024\/03\/IMG_4213-300x225.jpg 300w, https:\/\/ffcv.es\/wp\/wp-content\/uploads\/2024\/03\/IMG_4213-768x576.jpg 768w, https:\/\/ffcv.es\/wp\/wp-content\/uploads\/2024\/03\/IMG_4213-1536x1152.jpg 1536w, https:\/\/ffcv.es\/wp\/wp-content\/uploads\/2024\/03\/IMG_4213-2048x1536.jpg 2048w, https:\/\/ffcv.es\/wp\/wp-content\/uploads\/2024\/03\/IMG_4213-249x187.jpg 249w, https:\/\/ffcv.es\/wp\/wp-content\/uploads\/2024\/03\/IMG_4213-1170x878.jpg 1170w, https:\/\/ffcv.es\/wp\/wp-content\/uploads\/2024\/03\/IMG_4213-scaled.jpg 1440w\" sizes=\"(max-width: 1024px) 100vw, 1024px\" \/><\/noscript><\/figure>\n\n\n\n<h2 class=\"wp-block-heading\">CUARTOS DE FINAL<\/h2>\n\n\n\n<p><a href=\"https:\/\/ffcv.es\/wp\/blog\/2024\/03\/23\/otro-buendia-la-seleccio-valenciana-valenta-sub12-pasa-a-semifinales-del-campeonato-de-espana-madrid-2024\/\">Cr\u00f3nica de los cuartos de final \ud83c\udd9a Andaluc\u00eda<\/a><\/p>\n\n\n\n<figure class=\"wp-block-image size-large\"><img loading=\"lazy\" decoding=\"async\" width=\"819\" height=\"1024\" data-src=\"https:\/\/ffcv.es\/wp\/wp-content\/uploads\/2024\/03\/1-4-vs-AND-819x1024.png\" alt=\"\" class=\"wp-image-134754 lazyload\" data-srcset=\"https:\/\/ffcv.es\/wp\/wp-content\/uploads\/2024\/03\/1-4-vs-AND-819x1024.png 819w, https:\/\/ffcv.es\/wp\/wp-content\/uploads\/2024\/03\/1-4-vs-AND-240x300.png 240w, https:\/\/ffcv.es\/wp\/wp-content\/uploads\/2024\/03\/1-4-vs-AND-768x960.png 768w, https:\/\/ffcv.es\/wp\/wp-content\/uploads\/2024\/03\/1-4-vs-AND-1229x1536.png 1229w, https:\/\/ffcv.es\/wp\/wp-content\/uploads\/2024\/03\/1-4-vs-AND-1638x2048.png 1638w, https:\/\/ffcv.es\/wp\/wp-content\/uploads\/2024\/03\/1-4-vs-AND-150x187.png 150w, https:\/\/ffcv.es\/wp\/wp-content\/uploads\/2024\/03\/1-4-vs-AND-1170x1463.png 1170w, https:\/\/ffcv.es\/wp\/wp-content\/uploads\/2024\/03\/1-4-vs-AND.png 864w\" data-sizes=\"(max-width: 819px) 100vw, 819px\" src=\"data:image\/gif;base64,R0lGODlhAQABAAAAACH5BAEKAAEALAAAAAABAAEAAAICTAEAOw==\" style=\"--smush-placeholder-width: 819px; --smush-placeholder-aspect-ratio: 819\/1024;\" \/><noscript><img loading=\"lazy\" decoding=\"async\" width=\"819\" height=\"1024\" src=\"https:\/\/ffcv.es\/wp\/wp-content\/uploads\/2024\/03\/1-4-vs-AND-819x1024.png\" alt=\"\" class=\"wp-image-134754\" srcset=\"https:\/\/ffcv.es\/wp\/wp-content\/uploads\/2024\/03\/1-4-vs-AND-819x1024.png 819w, https:\/\/ffcv.es\/wp\/wp-content\/uploads\/2024\/03\/1-4-vs-AND-240x300.png 240w, https:\/\/ffcv.es\/wp\/wp-content\/uploads\/2024\/03\/1-4-vs-AND-768x960.png 768w, https:\/\/ffcv.es\/wp\/wp-content\/uploads\/2024\/03\/1-4-vs-AND-1229x1536.png 1229w, https:\/\/ffcv.es\/wp\/wp-content\/uploads\/2024\/03\/1-4-vs-AND-1638x2048.png 1638w, https:\/\/ffcv.es\/wp\/wp-content\/uploads\/2024\/03\/1-4-vs-AND-150x187.png 150w, https:\/\/ffcv.es\/wp\/wp-content\/uploads\/2024\/03\/1-4-vs-AND-1170x1463.png 1170w, https:\/\/ffcv.es\/wp\/wp-content\/uploads\/2024\/03\/1-4-vs-AND.png 864w\" sizes=\"(max-width: 819px) 100vw, 819px\" \/><\/noscript><\/figure>\n\n\n\n<h2 class=\"wp-block-heading\">FASE DE GRUPOS<\/h2>\n\n\n\n<figure class=\"wp-block-gallery has-nested-images columns-default is-cropped wp-block-gallery-3 is-layout-flex wp-block-gallery-is-layout-flex\">\n<figure class=\"wp-block-image size-large\"><a href=\"https:\/\/ffcv.es\/wp\/blog\/2024\/03\/22\/ha-sido-buendia-la-seleccio-valenciana-valenta-sub12-acaba-con-nota-la-primera-jornada-en-el-campeonato-de-espana-madrid2024\/\"><img loading=\"lazy\" decoding=\"async\" width=\"819\" height=\"1024\" data-id=\"134683\" data-src=\"https:\/\/ffcv.es\/wp\/wp-content\/uploads\/2024\/03\/J1-vs-MUR-819x1024.png\" alt=\"\" class=\"wp-image-134683 lazyload\" data-srcset=\"https:\/\/ffcv.es\/wp\/wp-content\/uploads\/2024\/03\/J1-vs-MUR-819x1024.png 819w, https:\/\/ffcv.es\/wp\/wp-content\/uploads\/2024\/03\/J1-vs-MUR-240x300.png 240w, https:\/\/ffcv.es\/wp\/wp-content\/uploads\/2024\/03\/J1-vs-MUR-768x960.png 768w, https:\/\/ffcv.es\/wp\/wp-content\/uploads\/2024\/03\/J1-vs-MUR-1229x1536.png 1229w, https:\/\/ffcv.es\/wp\/wp-content\/uploads\/2024\/03\/J1-vs-MUR-1638x2048.png 1638w, https:\/\/ffcv.es\/wp\/wp-content\/uploads\/2024\/03\/J1-vs-MUR-150x187.png 150w, https:\/\/ffcv.es\/wp\/wp-content\/uploads\/2024\/03\/J1-vs-MUR-1170x1463.png 1170w, https:\/\/ffcv.es\/wp\/wp-content\/uploads\/2024\/03\/J1-vs-MUR.png 864w\" data-sizes=\"(max-width: 819px) 100vw, 819px\" src=\"data:image\/gif;base64,R0lGODlhAQABAAAAACH5BAEKAAEALAAAAAABAAEAAAICTAEAOw==\" style=\"--smush-placeholder-width: 819px; --smush-placeholder-aspect-ratio: 819\/1024;\" \/><noscript><img loading=\"lazy\" decoding=\"async\" width=\"819\" height=\"1024\" data-id=\"134683\" src=\"https:\/\/ffcv.es\/wp\/wp-content\/uploads\/2024\/03\/J1-vs-MUR-819x1024.png\" alt=\"\" class=\"wp-image-134683\" srcset=\"https:\/\/ffcv.es\/wp\/wp-content\/uploads\/2024\/03\/J1-vs-MUR-819x1024.png 819w, https:\/\/ffcv.es\/wp\/wp-content\/uploads\/2024\/03\/J1-vs-MUR-240x300.png 240w, https:\/\/ffcv.es\/wp\/wp-content\/uploads\/2024\/03\/J1-vs-MUR-768x960.png 768w, https:\/\/ffcv.es\/wp\/wp-content\/uploads\/2024\/03\/J1-vs-MUR-1229x1536.png 1229w, https:\/\/ffcv.es\/wp\/wp-content\/uploads\/2024\/03\/J1-vs-MUR-1638x2048.png 1638w, https:\/\/ffcv.es\/wp\/wp-content\/uploads\/2024\/03\/J1-vs-MUR-150x187.png 150w, https:\/\/ffcv.es\/wp\/wp-content\/uploads\/2024\/03\/J1-vs-MUR-1170x1463.png 1170w, https:\/\/ffcv.es\/wp\/wp-content\/uploads\/2024\/03\/J1-vs-MUR.png 864w\" sizes=\"(max-width: 819px) 100vw, 819px\" \/><\/noscript><\/a><\/figure>\n\n\n\n<figure class=\"wp-block-image size-large\"><a href=\"https:\/\/ffcv.es\/wp\/blog\/2024\/03\/22\/ha-sido-buendia-la-seleccio-valenciana-valenta-sub12-acaba-con-nota-la-primera-jornada-en-el-campeonato-de-espana-madrid2024\/\"><img loading=\"lazy\" decoding=\"async\" width=\"819\" height=\"1024\" data-id=\"134696\" data-src=\"https:\/\/ffcv.es\/wp\/wp-content\/uploads\/2024\/03\/J2-vs-BAL-819x1024.png\" alt=\"\" class=\"wp-image-134696 lazyload\" data-srcset=\"https:\/\/ffcv.es\/wp\/wp-content\/uploads\/2024\/03\/J2-vs-BAL-819x1024.png 819w, https:\/\/ffcv.es\/wp\/wp-content\/uploads\/2024\/03\/J2-vs-BAL-240x300.png 240w, https:\/\/ffcv.es\/wp\/wp-content\/uploads\/2024\/03\/J2-vs-BAL-768x960.png 768w, https:\/\/ffcv.es\/wp\/wp-content\/uploads\/2024\/03\/J2-vs-BAL-1229x1536.png 1229w, https:\/\/ffcv.es\/wp\/wp-content\/uploads\/2024\/03\/J2-vs-BAL-1638x2048.png 1638w, https:\/\/ffcv.es\/wp\/wp-content\/uploads\/2024\/03\/J2-vs-BAL-150x187.png 150w, https:\/\/ffcv.es\/wp\/wp-content\/uploads\/2024\/03\/J2-vs-BAL-1170x1463.png 1170w, https:\/\/ffcv.es\/wp\/wp-content\/uploads\/2024\/03\/J2-vs-BAL.png 864w\" data-sizes=\"(max-width: 819px) 100vw, 819px\" src=\"data:image\/gif;base64,R0lGODlhAQABAAAAACH5BAEKAAEALAAAAAABAAEAAAICTAEAOw==\" style=\"--smush-placeholder-width: 819px; --smush-placeholder-aspect-ratio: 819\/1024;\" \/><noscript><img loading=\"lazy\" decoding=\"async\" width=\"819\" height=\"1024\" data-id=\"134696\" src=\"https:\/\/ffcv.es\/wp\/wp-content\/uploads\/2024\/03\/J2-vs-BAL-819x1024.png\" alt=\"\" class=\"wp-image-134696\" srcset=\"https:\/\/ffcv.es\/wp\/wp-content\/uploads\/2024\/03\/J2-vs-BAL-819x1024.png 819w, https:\/\/ffcv.es\/wp\/wp-content\/uploads\/2024\/03\/J2-vs-BAL-240x300.png 240w, https:\/\/ffcv.es\/wp\/wp-content\/uploads\/2024\/03\/J2-vs-BAL-768x960.png 768w, https:\/\/ffcv.es\/wp\/wp-content\/uploads\/2024\/03\/J2-vs-BAL-1229x1536.png 1229w, https:\/\/ffcv.es\/wp\/wp-content\/uploads\/2024\/03\/J2-vs-BAL-1638x2048.png 1638w, https:\/\/ffcv.es\/wp\/wp-content\/uploads\/2024\/03\/J2-vs-BAL-150x187.png 150w, https:\/\/ffcv.es\/wp\/wp-content\/uploads\/2024\/03\/J2-vs-BAL-1170x1463.png 1170w, https:\/\/ffcv.es\/wp\/wp-content\/uploads\/2024\/03\/J2-vs-BAL.png 864w\" sizes=\"(max-width: 819px) 100vw, 819px\" \/><\/noscript><\/a><\/figure>\n\n\n\n<figure class=\"wp-block-image size-large\"><a href=\"https:\/\/ffcv.es\/wp\/blog\/2024\/03\/22\/ha-sido-buendia-la-seleccio-valenciana-valenta-sub12-acaba-con-nota-la-primera-jornada-en-el-campeonato-de-espana-madrid2024\/\"><img loading=\"lazy\" decoding=\"async\" width=\"819\" height=\"1024\" data-id=\"134715\" data-src=\"https:\/\/ffcv.es\/wp\/wp-content\/uploads\/2024\/03\/J3-vs-CYL-819x1024.png\" alt=\"\" class=\"wp-image-134715 lazyload\" data-srcset=\"https:\/\/ffcv.es\/wp\/wp-content\/uploads\/2024\/03\/J3-vs-CYL-819x1024.png 819w, https:\/\/ffcv.es\/wp\/wp-content\/uploads\/2024\/03\/J3-vs-CYL-240x300.png 240w, https:\/\/ffcv.es\/wp\/wp-content\/uploads\/2024\/03\/J3-vs-CYL-768x960.png 768w, https:\/\/ffcv.es\/wp\/wp-content\/uploads\/2024\/03\/J3-vs-CYL-1229x1536.png 1229w, https:\/\/ffcv.es\/wp\/wp-content\/uploads\/2024\/03\/J3-vs-CYL-1638x2048.png 1638w, https:\/\/ffcv.es\/wp\/wp-content\/uploads\/2024\/03\/J3-vs-CYL-150x187.png 150w, https:\/\/ffcv.es\/wp\/wp-content\/uploads\/2024\/03\/J3-vs-CYL-1170x1463.png 1170w\" data-sizes=\"(max-width: 819px) 100vw, 819px\" src=\"data:image\/gif;base64,R0lGODlhAQABAAAAACH5BAEKAAEALAAAAAABAAEAAAICTAEAOw==\" style=\"--smush-placeholder-width: 819px; --smush-placeholder-aspect-ratio: 819\/1024;\" \/><noscript><img loading=\"lazy\" decoding=\"async\" width=\"819\" height=\"1024\" data-id=\"134715\" src=\"https:\/\/ffcv.es\/wp\/wp-content\/uploads\/2024\/03\/J3-vs-CYL-819x1024.png\" alt=\"\" class=\"wp-image-134715\" srcset=\"https:\/\/ffcv.es\/wp\/wp-content\/uploads\/2024\/03\/J3-vs-CYL-819x1024.png 819w, https:\/\/ffcv.es\/wp\/wp-content\/uploads\/2024\/03\/J3-vs-CYL-240x300.png 240w, https:\/\/ffcv.es\/wp\/wp-content\/uploads\/2024\/03\/J3-vs-CYL-768x960.png 768w, https:\/\/ffcv.es\/wp\/wp-content\/uploads\/2024\/03\/J3-vs-CYL-1229x1536.png 1229w, https:\/\/ffcv.es\/wp\/wp-content\/uploads\/2024\/03\/J3-vs-CYL-1638x2048.png 1638w, https:\/\/ffcv.es\/wp\/wp-content\/uploads\/2024\/03\/J3-vs-CYL-150x187.png 150w, https:\/\/ffcv.es\/wp\/wp-content\/uploads\/2024\/03\/J3-vs-CYL-1170x1463.png 1170w\" sizes=\"(max-width: 819px) 100vw, 819px\" \/><\/noscript><\/a><\/figure>\n\n\n\n<figure class=\"wp-block-image size-large\"><a href=\"https:\/\/ffcv.es\/wp\/blog\/2024\/03\/23\/otro-buendia-la-seleccio-valenciana-valenta-sub12-pasa-a-semifinales-del-campeonato-de-espana-madrid-2024\/\"><img loading=\"lazy\" decoding=\"async\" width=\"819\" height=\"1024\" data-id=\"134741\" data-src=\"https:\/\/ffcv.es\/wp\/wp-content\/uploads\/2024\/03\/J4-vs-AST-819x1024.png\" alt=\"\" class=\"wp-image-134741 lazyload\" data-srcset=\"https:\/\/ffcv.es\/wp\/wp-content\/uploads\/2024\/03\/J4-vs-AST-819x1024.png 819w, https:\/\/ffcv.es\/wp\/wp-content\/uploads\/2024\/03\/J4-vs-AST-240x300.png 240w, https:\/\/ffcv.es\/wp\/wp-content\/uploads\/2024\/03\/J4-vs-AST-768x960.png 768w, https:\/\/ffcv.es\/wp\/wp-content\/uploads\/2024\/03\/J4-vs-AST-1229x1536.png 1229w, https:\/\/ffcv.es\/wp\/wp-content\/uploads\/2024\/03\/J4-vs-AST-1638x2048.png 1638w, https:\/\/ffcv.es\/wp\/wp-content\/uploads\/2024\/03\/J4-vs-AST-150x187.png 150w, https:\/\/ffcv.es\/wp\/wp-content\/uploads\/2024\/03\/J4-vs-AST-1170x1463.png 1170w, https:\/\/ffcv.es\/wp\/wp-content\/uploads\/2024\/03\/J4-vs-AST.png 864w\" data-sizes=\"(max-width: 819px) 100vw, 819px\" src=\"data:image\/gif;base64,R0lGODlhAQABAAAAACH5BAEKAAEALAAAAAABAAEAAAICTAEAOw==\" style=\"--smush-placeholder-width: 819px; --smush-placeholder-aspect-ratio: 819\/1024;\" \/><noscript><img loading=\"lazy\" decoding=\"async\" width=\"819\" height=\"1024\" data-id=\"134741\" src=\"https:\/\/ffcv.es\/wp\/wp-content\/uploads\/2024\/03\/J4-vs-AST-819x1024.png\" alt=\"\" class=\"wp-image-134741\" srcset=\"https:\/\/ffcv.es\/wp\/wp-content\/uploads\/2024\/03\/J4-vs-AST-819x1024.png 819w, https:\/\/ffcv.es\/wp\/wp-content\/uploads\/2024\/03\/J4-vs-AST-240x300.png 240w, https:\/\/ffcv.es\/wp\/wp-content\/uploads\/2024\/03\/J4-vs-AST-768x960.png 768w, https:\/\/ffcv.es\/wp\/wp-content\/uploads\/2024\/03\/J4-vs-AST-1229x1536.png 1229w, https:\/\/ffcv.es\/wp\/wp-content\/uploads\/2024\/03\/J4-vs-AST-1638x2048.png 1638w, https:\/\/ffcv.es\/wp\/wp-content\/uploads\/2024\/03\/J4-vs-AST-150x187.png 150w, https:\/\/ffcv.es\/wp\/wp-content\/uploads\/2024\/03\/J4-vs-AST-1170x1463.png 1170w, https:\/\/ffcv.es\/wp\/wp-content\/uploads\/2024\/03\/J4-vs-AST.png 864w\" sizes=\"(max-width: 819px) 100vw, 819px\" \/><\/noscript><\/a><\/figure>\n<\/figure>\n\n\n\n<h2 class=\"wp-block-heading\">CONVOCATORIA OFICIAL<\/h2>\n\n\n\n<figure class=\"wp-block-image size-large\"><a href=\"https:\/\/ffcv.es\/wp\/blog\/2024\/03\/15\/convocatoria-oficial-estas-son-las-14-jugadoras-convocadas-por-seleccio-valenciana-valenta-sub12-de-futbol-para-disputar-el-campeonato-de-espana-en-madrid\/\"><img loading=\"lazy\" decoding=\"async\" width=\"1024\" height=\"576\" data-src=\"https:\/\/ffcv.es\/wp\/wp-content\/uploads\/2024\/03\/Presentacion-Seleccio-Valenciana-Valenta-sub12-CNSA-Madrid-2024-1024x576.jpeg\" alt=\"\" class=\"wp-image-134521 lazyload\" data-srcset=\"https:\/\/ffcv.es\/wp\/wp-content\/uploads\/2024\/03\/Presentacion-Seleccio-Valenciana-Valenta-sub12-CNSA-Madrid-2024-1024x576.jpeg 1024w, https:\/\/ffcv.es\/wp\/wp-content\/uploads\/2024\/03\/Presentacion-Seleccio-Valenciana-Valenta-sub12-CNSA-Madrid-2024-300x169.jpeg 300w, https:\/\/ffcv.es\/wp\/wp-content\/uploads\/2024\/03\/Presentacion-Seleccio-Valenciana-Valenta-sub12-CNSA-Madrid-2024-768x432.jpeg 768w, https:\/\/ffcv.es\/wp\/wp-content\/uploads\/2024\/03\/Presentacion-Seleccio-Valenciana-Valenta-sub12-CNSA-Madrid-2024-1536x864.jpeg 1536w, https:\/\/ffcv.es\/wp\/wp-content\/uploads\/2024\/03\/Presentacion-Seleccio-Valenciana-Valenta-sub12-CNSA-Madrid-2024-280x158.jpeg 280w, https:\/\/ffcv.es\/wp\/wp-content\/uploads\/2024\/03\/Presentacion-Seleccio-Valenciana-Valenta-sub12-CNSA-Madrid-2024-1170x658.jpeg 1170w, https:\/\/ffcv.es\/wp\/wp-content\/uploads\/2024\/03\/Presentacion-Seleccio-Valenciana-Valenta-sub12-CNSA-Madrid-2024.jpeg 1600w\" data-sizes=\"(max-width: 1024px) 100vw, 1024px\" src=\"data:image\/gif;base64,R0lGODlhAQABAAAAACH5BAEKAAEALAAAAAABAAEAAAICTAEAOw==\" style=\"--smush-placeholder-width: 1024px; --smush-placeholder-aspect-ratio: 1024\/576;\" \/><noscript><img loading=\"lazy\" decoding=\"async\" width=\"1024\" height=\"576\" src=\"https:\/\/ffcv.es\/wp\/wp-content\/uploads\/2024\/03\/Presentacion-Seleccio-Valenciana-Valenta-sub12-CNSA-Madrid-2024-1024x576.jpeg\" alt=\"\" class=\"wp-image-134521\" srcset=\"https:\/\/ffcv.es\/wp\/wp-content\/uploads\/2024\/03\/Presentacion-Seleccio-Valenciana-Valenta-sub12-CNSA-Madrid-2024-1024x576.jpeg 1024w, https:\/\/ffcv.es\/wp\/wp-content\/uploads\/2024\/03\/Presentacion-Seleccio-Valenciana-Valenta-sub12-CNSA-Madrid-2024-300x169.jpeg 300w, https:\/\/ffcv.es\/wp\/wp-content\/uploads\/2024\/03\/Presentacion-Seleccio-Valenciana-Valenta-sub12-CNSA-Madrid-2024-768x432.jpeg 768w, https:\/\/ffcv.es\/wp\/wp-content\/uploads\/2024\/03\/Presentacion-Seleccio-Valenciana-Valenta-sub12-CNSA-Madrid-2024-1536x864.jpeg 1536w, https:\/\/ffcv.es\/wp\/wp-content\/uploads\/2024\/03\/Presentacion-Seleccio-Valenciana-Valenta-sub12-CNSA-Madrid-2024-280x158.jpeg 280w, https:\/\/ffcv.es\/wp\/wp-content\/uploads\/2024\/03\/Presentacion-Seleccio-Valenciana-Valenta-sub12-CNSA-Madrid-2024-1170x658.jpeg 1170w, https:\/\/ffcv.es\/wp\/wp-content\/uploads\/2024\/03\/Presentacion-Seleccio-Valenciana-Valenta-sub12-CNSA-Madrid-2024.jpeg 1600w\" sizes=\"(max-width: 1024px) 100vw, 1024px\" \/><\/noscript><\/a><\/figure>\n","protected":false},"excerpt":{"rendered":"<p>La Selecci\u00f3 Valenciana Valenta sub12 se ha proclamado campeona de Espa\u00f1a de la categor\u00eda en los campos &#8216;Ernesto Cotorruelo&#8217; de Madrid despu\u00e9s de empatar a uno frente a Euskadi en la final y vencer en la tanda penaltis. Amalia anot\u00f3 el gol de las valencianas en el minuto 8 y Olivia, el de las vascas<\/p>\n","protected":false},"author":15,"featured_media":134803,"comment_status":"closed","ping_status":"closed","sticky":false,"template":"","format":"standard","meta":{"om_disable_all_campaigns":false,"footnotes":""},"categories":[3442,1177,1282],"tags":[909,655,1264,7151,7154,7149,1188,1205],"class_list":["post-134771","post","type-post","status-publish","format-standard","has-post-thumbnail","hentry","category-noticias-seleccio-valenta-sub12","category-noticias-valenta","category-portada","tag-andalucia","tag-asturias","tag-campeonato-espana-sub12","tag-cnsa-madrid-2024","tag-cuartos-de-final-es","tag-ernesto-cotorruelo","tag-madrid","tag-seleccio-valenciana"],"aioseo_notices":[],"_links":{"self":[{"href":"https:\/\/ffcv.es\/wp\/wp-json\/wp\/v2\/posts\/134771"}],"collection":[{"href":"https:\/\/ffcv.es\/wp\/wp-json\/wp\/v2\/posts"}],"about":[{"href":"https:\/\/ffcv.es\/wp\/wp-json\/wp\/v2\/types\/post"}],"author":[{"embeddable":true,"href":"https:\/\/ffcv.es\/wp\/wp-json\/wp\/v2\/users\/15"}],"replies":[{"embeddable":true,"href":"https:\/\/ffcv.es\/wp\/wp-json\/wp\/v2\/comments?post=134771"}],"version-history":[{"count":4,"href":"https:\/\/ffcv.es\/wp\/wp-json\/wp\/v2\/posts\/134771\/revisions"}],"predecessor-version":[{"id":134810,"href":"https:\/\/ffcv.es\/wp\/wp-json\/wp\/v2\/posts\/134771\/revisions\/134810"}],"wp:featuredmedia":[{"embeddable":true,"href":"https:\/\/ffcv.es\/wp\/wp-json\/wp\/v2\/media\/134803"}],"wp:attachment":[{"href":"https:\/\/ffcv.es\/wp\/wp-json\/wp\/v2\/media?parent=134771"}],"wp:term":[{"taxonomy":"category","embeddable":true,"href":"https:\/\/ffcv.es\/wp\/wp-json\/wp\/v2\/categories?post=134771"},{"taxonomy":"post_tag","embeddable":true,"href":"https:\/\/ffcv.es\/wp\/wp-json\/wp\/v2\/tags?post=134771"}],"curies":[{"name":"wp","href":"https:\/\/api.w.org\/{rel}","templated":true}]}}