{"id":134612,"date":"2024-03-20T11:08:21","date_gmt":"2024-03-20T09:08:21","guid":{"rendered":"https:\/\/ffcv.es\/wp\/?p=134612"},"modified":"2024-03-22T10:27:19","modified_gmt":"2024-03-22T08:27:19","slug":"guia-para-seguir-a-la-seleccio-valenciana-sub12-en-el-campeonato-nacional-de-selecciones-autonomicas-de-futbol-madrid2024","status":"publish","type":"post","link":"https:\/\/ffcv.es\/wp\/blog\/2024\/03\/guia-para-seguir-a-la-seleccio-valenciana-sub12-en-el-campeonato-nacional-de-selecciones-autonomicas-de-futbol-madrid2024\/","title":{"rendered":"Gu\u00eda para seguir a la Selecci\u00f3 Valenciana sub12 en el Campeonato Nacional de Selecciones Auton\u00f3micas de f\u00fatbol #Madrid2024"},"content":{"rendered":"\n<p>La&nbsp;<strong>Federaci\u00f3 de Futbol de la Comunitat Valenciana<\/strong>&nbsp;est\u00e1 representada por la <strong>Selecci\u00f3 Valenciana masculina y Valenta sub12 <\/strong>de f\u00fatbol en el <strong>Campeonato de Espa\u00f1a de Selecciones Auton\u00f3micas<\/strong> que se celebra en <strong>Madrid<\/strong> del 22 al 24 de marzo.<\/p>\n\n\n\n<h2 class=\"wp-block-heading\">Convocatorias oficiales<\/h2>\n\n\n\n<p>Los seleccionadores <strong>\u00d3scar L\u00f3pez<\/strong> y <strong>Uge Soto<\/strong> han convocado <a href=\"https:\/\/ffcv.es\/wp\/blog\/2024\/03\/18\/convocatoria-oficial-estos-son-los-14-jugadores-convocados-por-seleccio-valenciana-masculina-sub12-de-futbol-para-disputar-el-campeonato-de-espana-en-madrid\/\" target=\"_blank\" rel=\"noreferrer noopener\">a estos 14 jugadores <\/a>y a <a href=\"https:\/\/ffcv.es\/wp\/blog\/2024\/03\/15\/convocatoria-oficial-estas-son-las-14-jugadoras-convocadas-por-seleccio-valenciana-valenta-sub12-de-futbol-para-disputar-el-campeonato-de-espana-en-madrid\/\" target=\"_blank\" rel=\"noreferrer noopener\">estas 14 jugadoras<\/a> que el jueves 21 de marzo a mediod\u00eda viajar\u00e1n a tierras madrile\u00f1as. <\/p>\n\n\n\n<figure class=\"wp-block-gallery has-nested-images columns-default is-cropped wp-block-gallery-1 is-layout-flex wp-block-gallery-is-layout-flex\">\n<figure class=\"wp-block-image size-large\"><img loading=\"lazy\" decoding=\"async\" width=\"1024\" height=\"576\" data-id=\"134571\" data-src=\"https:\/\/ffcv.es\/wp\/wp-content\/uploads\/2024\/03\/Presentacion-Seleccio-Valenciana-masculina-sub12-CNSA-Madrid-2024-1024x576.jpeg\" alt=\"\" class=\"wp-image-134571 lazyload\" data-srcset=\"https:\/\/ffcv.es\/wp\/wp-content\/uploads\/2024\/03\/Presentacion-Seleccio-Valenciana-masculina-sub12-CNSA-Madrid-2024-1024x576.jpeg 1024w, https:\/\/ffcv.es\/wp\/wp-content\/uploads\/2024\/03\/Presentacion-Seleccio-Valenciana-masculina-sub12-CNSA-Madrid-2024-300x169.jpeg 300w, https:\/\/ffcv.es\/wp\/wp-content\/uploads\/2024\/03\/Presentacion-Seleccio-Valenciana-masculina-sub12-CNSA-Madrid-2024-768x432.jpeg 768w, https:\/\/ffcv.es\/wp\/wp-content\/uploads\/2024\/03\/Presentacion-Seleccio-Valenciana-masculina-sub12-CNSA-Madrid-2024-1536x864.jpeg 1536w, https:\/\/ffcv.es\/wp\/wp-content\/uploads\/2024\/03\/Presentacion-Seleccio-Valenciana-masculina-sub12-CNSA-Madrid-2024-280x158.jpeg 280w, https:\/\/ffcv.es\/wp\/wp-content\/uploads\/2024\/03\/Presentacion-Seleccio-Valenciana-masculina-sub12-CNSA-Madrid-2024-1170x658.jpeg 1170w, https:\/\/ffcv.es\/wp\/wp-content\/uploads\/2024\/03\/Presentacion-Seleccio-Valenciana-masculina-sub12-CNSA-Madrid-2024.jpeg 1600w\" data-sizes=\"(max-width: 1024px) 100vw, 1024px\" src=\"data:image\/gif;base64,R0lGODlhAQABAAAAACH5BAEKAAEALAAAAAABAAEAAAICTAEAOw==\" style=\"--smush-placeholder-width: 1024px; --smush-placeholder-aspect-ratio: 1024\/576;\" \/><noscript><img loading=\"lazy\" decoding=\"async\" width=\"1024\" height=\"576\" data-id=\"134571\" src=\"https:\/\/ffcv.es\/wp\/wp-content\/uploads\/2024\/03\/Presentacion-Seleccio-Valenciana-masculina-sub12-CNSA-Madrid-2024-1024x576.jpeg\" alt=\"\" class=\"wp-image-134571\" srcset=\"https:\/\/ffcv.es\/wp\/wp-content\/uploads\/2024\/03\/Presentacion-Seleccio-Valenciana-masculina-sub12-CNSA-Madrid-2024-1024x576.jpeg 1024w, https:\/\/ffcv.es\/wp\/wp-content\/uploads\/2024\/03\/Presentacion-Seleccio-Valenciana-masculina-sub12-CNSA-Madrid-2024-300x169.jpeg 300w, https:\/\/ffcv.es\/wp\/wp-content\/uploads\/2024\/03\/Presentacion-Seleccio-Valenciana-masculina-sub12-CNSA-Madrid-2024-768x432.jpeg 768w, https:\/\/ffcv.es\/wp\/wp-content\/uploads\/2024\/03\/Presentacion-Seleccio-Valenciana-masculina-sub12-CNSA-Madrid-2024-1536x864.jpeg 1536w, https:\/\/ffcv.es\/wp\/wp-content\/uploads\/2024\/03\/Presentacion-Seleccio-Valenciana-masculina-sub12-CNSA-Madrid-2024-280x158.jpeg 280w, https:\/\/ffcv.es\/wp\/wp-content\/uploads\/2024\/03\/Presentacion-Seleccio-Valenciana-masculina-sub12-CNSA-Madrid-2024-1170x658.jpeg 1170w, https:\/\/ffcv.es\/wp\/wp-content\/uploads\/2024\/03\/Presentacion-Seleccio-Valenciana-masculina-sub12-CNSA-Madrid-2024.jpeg 1600w\" sizes=\"(max-width: 1024px) 100vw, 1024px\" \/><\/noscript><\/figure>\n\n\n\n<figure class=\"wp-block-image size-large\"><img loading=\"lazy\" decoding=\"async\" width=\"1024\" height=\"576\" data-id=\"134521\" data-src=\"https:\/\/ffcv.es\/wp\/wp-content\/uploads\/2024\/03\/Presentacion-Seleccio-Valenciana-Valenta-sub12-CNSA-Madrid-2024-1024x576.jpeg\" alt=\"\" class=\"wp-image-134521 lazyload\" data-srcset=\"https:\/\/ffcv.es\/wp\/wp-content\/uploads\/2024\/03\/Presentacion-Seleccio-Valenciana-Valenta-sub12-CNSA-Madrid-2024-1024x576.jpeg 1024w, https:\/\/ffcv.es\/wp\/wp-content\/uploads\/2024\/03\/Presentacion-Seleccio-Valenciana-Valenta-sub12-CNSA-Madrid-2024-300x169.jpeg 300w, https:\/\/ffcv.es\/wp\/wp-content\/uploads\/2024\/03\/Presentacion-Seleccio-Valenciana-Valenta-sub12-CNSA-Madrid-2024-768x432.jpeg 768w, https:\/\/ffcv.es\/wp\/wp-content\/uploads\/2024\/03\/Presentacion-Seleccio-Valenciana-Valenta-sub12-CNSA-Madrid-2024-1536x864.jpeg 1536w, https:\/\/ffcv.es\/wp\/wp-content\/uploads\/2024\/03\/Presentacion-Seleccio-Valenciana-Valenta-sub12-CNSA-Madrid-2024-280x158.jpeg 280w, https:\/\/ffcv.es\/wp\/wp-content\/uploads\/2024\/03\/Presentacion-Seleccio-Valenciana-Valenta-sub12-CNSA-Madrid-2024-1170x658.jpeg 1170w, https:\/\/ffcv.es\/wp\/wp-content\/uploads\/2024\/03\/Presentacion-Seleccio-Valenciana-Valenta-sub12-CNSA-Madrid-2024.jpeg 1600w\" data-sizes=\"(max-width: 1024px) 100vw, 1024px\" src=\"data:image\/gif;base64,R0lGODlhAQABAAAAACH5BAEKAAEALAAAAAABAAEAAAICTAEAOw==\" style=\"--smush-placeholder-width: 1024px; --smush-placeholder-aspect-ratio: 1024\/576;\" \/><noscript><img loading=\"lazy\" decoding=\"async\" width=\"1024\" height=\"576\" data-id=\"134521\" src=\"https:\/\/ffcv.es\/wp\/wp-content\/uploads\/2024\/03\/Presentacion-Seleccio-Valenciana-Valenta-sub12-CNSA-Madrid-2024-1024x576.jpeg\" alt=\"\" class=\"wp-image-134521\" srcset=\"https:\/\/ffcv.es\/wp\/wp-content\/uploads\/2024\/03\/Presentacion-Seleccio-Valenciana-Valenta-sub12-CNSA-Madrid-2024-1024x576.jpeg 1024w, https:\/\/ffcv.es\/wp\/wp-content\/uploads\/2024\/03\/Presentacion-Seleccio-Valenciana-Valenta-sub12-CNSA-Madrid-2024-300x169.jpeg 300w, https:\/\/ffcv.es\/wp\/wp-content\/uploads\/2024\/03\/Presentacion-Seleccio-Valenciana-Valenta-sub12-CNSA-Madrid-2024-768x432.jpeg 768w, https:\/\/ffcv.es\/wp\/wp-content\/uploads\/2024\/03\/Presentacion-Seleccio-Valenciana-Valenta-sub12-CNSA-Madrid-2024-1536x864.jpeg 1536w, https:\/\/ffcv.es\/wp\/wp-content\/uploads\/2024\/03\/Presentacion-Seleccio-Valenciana-Valenta-sub12-CNSA-Madrid-2024-280x158.jpeg 280w, https:\/\/ffcv.es\/wp\/wp-content\/uploads\/2024\/03\/Presentacion-Seleccio-Valenciana-Valenta-sub12-CNSA-Madrid-2024-1170x658.jpeg 1170w, https:\/\/ffcv.es\/wp\/wp-content\/uploads\/2024\/03\/Presentacion-Seleccio-Valenciana-Valenta-sub12-CNSA-Madrid-2024.jpeg 1600w\" sizes=\"(max-width: 1024px) 100vw, 1024px\" \/><\/noscript><\/figure>\n<\/figure>\n\n\n\n<blockquote class=\"instagram-media\" data-instgrm-captioned data-instgrm-permalink=\"https:\/\/www.instagram.com\/reel\/C4pruNVLXb2\/?utm_source=ig_embed&amp;utm_campaign=loading\" data-instgrm-version=\"14\" style=\" background:#FFF; border:0; border-radius:3px; box-shadow:0 0 1px 0 rgba(0,0,0,0.5),0 1px 10px 0 rgba(0,0,0,0.15); margin: 1px; max-width:540px; min-width:326px; padding:0; width:99.375%; width:-webkit-calc(100% - 2px); width:calc(100% - 2px);\"><div style=\"padding:16px;\"> <a href=\"https:\/\/www.instagram.com\/reel\/C4pruNVLXb2\/?utm_source=ig_embed&amp;utm_campaign=loading\" style=\" background:#FFFFFF; line-height:0; padding:0 0; text-align:center; text-decoration:none; width:100%;\" target=\"_blank\" rel=\"noopener\"> <div style=\" display: flex; flex-direction: row; align-items: center;\"> <div style=\"background-color: #F4F4F4; border-radius: 50%; flex-grow: 0; height: 40px; margin-right: 14px; width: 40px;\"><\/div> <div style=\"display: flex; flex-direction: column; flex-grow: 1; justify-content: center;\"> <div style=\" background-color: #F4F4F4; border-radius: 4px; flex-grow: 0; height: 14px; margin-bottom: 6px; width: 100px;\"><\/div> <div style=\" background-color: #F4F4F4; border-radius: 4px; flex-grow: 0; height: 14px; width: 60px;\"><\/div><\/div><\/div><div style=\"padding: 19% 0;\"><\/div> <div style=\"display:block; height:50px; margin:0 auto 12px; width:50px;\"><svg width=\"50px\" height=\"50px\" viewBox=\"0 0 60 60\" version=\"1.1\" xmlns=\"https:\/\/www.w3.org\/2000\/svg\" xmlns:xlink=\"https:\/\/www.w3.org\/1999\/xlink\"><g stroke=\"none\" stroke-width=\"1\" fill=\"none\" fill-rule=\"evenodd\"><g transform=\"translate(-511.000000, -20.000000)\" fill=\"#000000\"><g><path d=\"M556.869,30.41 C554.814,30.41 553.148,32.076 553.148,34.131 C553.148,36.186 554.814,37.852 556.869,37.852 C558.924,37.852 560.59,36.186 560.59,34.131 C560.59,32.076 558.924,30.41 556.869,30.41 M541,60.657 C535.114,60.657 530.342,55.887 530.342,50 C530.342,44.114 535.114,39.342 541,39.342 C546.887,39.342 551.658,44.114 551.658,50 C551.658,55.887 546.887,60.657 541,60.657 M541,33.886 C532.1,33.886 524.886,41.1 524.886,50 C524.886,58.899 532.1,66.113 541,66.113 C549.9,66.113 557.115,58.899 557.115,50 C557.115,41.1 549.9,33.886 541,33.886 M565.378,62.101 C565.244,65.022 564.756,66.606 564.346,67.663 C563.803,69.06 563.154,70.057 562.106,71.106 C561.058,72.155 560.06,72.803 558.662,73.347 C557.607,73.757 556.021,74.244 553.102,74.378 C549.944,74.521 548.997,74.552 541,74.552 C533.003,74.552 532.056,74.521 528.898,74.378 C525.979,74.244 524.393,73.757 523.338,73.347 C521.94,72.803 520.942,72.155 519.894,71.106 C518.846,70.057 518.197,69.06 517.654,67.663 C517.244,66.606 516.755,65.022 516.623,62.101 C516.479,58.943 516.448,57.996 516.448,50 C516.448,42.003 516.479,41.056 516.623,37.899 C516.755,34.978 517.244,33.391 517.654,32.338 C518.197,30.938 518.846,29.942 519.894,28.894 C520.942,27.846 521.94,27.196 523.338,26.654 C524.393,26.244 525.979,25.756 528.898,25.623 C532.057,25.479 533.004,25.448 541,25.448 C548.997,25.448 549.943,25.479 553.102,25.623 C556.021,25.756 557.607,26.244 558.662,26.654 C560.06,27.196 561.058,27.846 562.106,28.894 C563.154,29.942 563.803,30.938 564.346,32.338 C564.756,33.391 565.244,34.978 565.378,37.899 C565.522,41.056 565.552,42.003 565.552,50 C565.552,57.996 565.522,58.943 565.378,62.101 M570.82,37.631 C570.674,34.438 570.167,32.258 569.425,30.349 C568.659,28.377 567.633,26.702 565.965,25.035 C564.297,23.368 562.623,22.342 560.652,21.575 C558.743,20.834 556.562,20.326 553.369,20.18 C550.169,20.033 549.148,20 541,20 C532.853,20 531.831,20.033 528.631,20.18 C525.438,20.326 523.257,20.834 521.349,21.575 C519.376,22.342 517.703,23.368 516.035,25.035 C514.368,26.702 513.342,28.377 512.574,30.349 C511.834,32.258 511.326,34.438 511.181,37.631 C511.035,40.831 511,41.851 511,50 C511,58.147 511.035,59.17 511.181,62.369 C511.326,65.562 511.834,67.743 512.574,69.651 C513.342,71.625 514.368,73.296 516.035,74.965 C517.703,76.634 519.376,77.658 521.349,78.425 C523.257,79.167 525.438,79.673 528.631,79.82 C531.831,79.965 532.853,80.001 541,80.001 C549.148,80.001 550.169,79.965 553.369,79.82 C556.562,79.673 558.743,79.167 560.652,78.425 C562.623,77.658 564.297,76.634 565.965,74.965 C567.633,73.296 568.659,71.625 569.425,69.651 C570.167,67.743 570.674,65.562 570.82,62.369 C570.966,59.17 571,58.147 571,50 C571,41.851 570.966,40.831 570.82,37.631\"><\/path><\/g><\/g><\/g><\/svg><\/div><div style=\"padding-top: 8px;\"> <div style=\" color:#3897f0; font-family:Arial,sans-serif; font-size:14px; font-style:normal; font-weight:550; line-height:18px;\">Ver esta publicaci\u00f3n en Instagram<\/div><\/div><div style=\"padding: 12.5% 0;\"><\/div> <div style=\"display: flex; flex-direction: row; margin-bottom: 14px; align-items: center;\"><div> <div style=\"background-color: #F4F4F4; border-radius: 50%; height: 12.5px; width: 12.5px; transform: translateX(0px) translateY(7px);\"><\/div> <div style=\"background-color: #F4F4F4; height: 12.5px; transform: rotate(-45deg) translateX(3px) translateY(1px); width: 12.5px; flex-grow: 0; margin-right: 14px; margin-left: 2px;\"><\/div> <div style=\"background-color: #F4F4F4; border-radius: 50%; height: 12.5px; width: 12.5px; transform: translateX(9px) translateY(-18px);\"><\/div><\/div><div style=\"margin-left: 8px;\"> <div style=\" background-color: #F4F4F4; border-radius: 50%; flex-grow: 0; height: 20px; width: 20px;\"><\/div> <div style=\" width: 0; height: 0; border-top: 2px solid transparent; border-left: 6px solid #f4f4f4; border-bottom: 2px solid transparent; transform: translateX(16px) translateY(-4px) rotate(30deg)\"><\/div><\/div><div style=\"margin-left: auto;\"> <div style=\" width: 0px; border-top: 8px solid #F4F4F4; border-right: 8px solid transparent; transform: translateY(16px);\"><\/div> <div style=\" background-color: #F4F4F4; flex-grow: 0; height: 12px; width: 16px; transform: translateY(-4px);\"><\/div> <div style=\" width: 0; height: 0; border-top: 8px solid #F4F4F4; border-left: 8px solid transparent; transform: translateY(-4px) translateX(8px);\"><\/div><\/div><\/div> <div style=\"display: flex; flex-direction: column; flex-grow: 1; justify-content: center; margin-bottom: 24px;\"> <div style=\" background-color: #F4F4F4; border-radius: 4px; flex-grow: 0; height: 14px; margin-bottom: 6px; width: 224px;\"><\/div> <div style=\" background-color: #F4F4F4; border-radius: 4px; flex-grow: 0; height: 14px; width: 144px;\"><\/div><\/div><\/a><p style=\" color:#c9c8cd; font-family:Arial,sans-serif; font-size:14px; line-height:17px; margin-bottom:0; margin-top:8px; overflow:hidden; padding:8px 0 7px; text-align:center; text-overflow:ellipsis; white-space:nowrap;\"><a href=\"https:\/\/www.instagram.com\/reel\/C4pruNVLXb2\/?utm_source=ig_embed&amp;utm_campaign=loading\" style=\" color:#c9c8cd; font-family:Arial,sans-serif; font-size:14px; font-style:normal; font-weight:normal; line-height:17px; text-decoration:none;\" target=\"_blank\" rel=\"noopener\">Una publicaci\u00f3n compartida por FFCV (@ffcv_info)<\/a><\/p><\/div><\/blockquote> <script async src=\"\/\/www.instagram.com\/embed.js\"><\/script>\n\n\n\n<blockquote class=\"instagram-media\" data-instgrm-captioned data-instgrm-permalink=\"https:\/\/www.instagram.com\/reel\/C4iJGJSNBPZ\/?utm_source=ig_embed&amp;utm_campaign=loading\" data-instgrm-version=\"14\" style=\" background:#FFF; border:0; border-radius:3px; box-shadow:0 0 1px 0 rgba(0,0,0,0.5),0 1px 10px 0 rgba(0,0,0,0.15); margin: 1px; max-width:540px; min-width:326px; padding:0; width:99.375%; width:-webkit-calc(100% - 2px); width:calc(100% - 2px);\"><div style=\"padding:16px;\"> <a href=\"https:\/\/www.instagram.com\/reel\/C4iJGJSNBPZ\/?utm_source=ig_embed&amp;utm_campaign=loading\" style=\" background:#FFFFFF; line-height:0; padding:0 0; text-align:center; text-decoration:none; width:100%;\" target=\"_blank\" rel=\"noopener\"> <div style=\" display: flex; flex-direction: row; align-items: center;\"> <div style=\"background-color: #F4F4F4; border-radius: 50%; flex-grow: 0; height: 40px; margin-right: 14px; width: 40px;\"><\/div> <div style=\"display: flex; flex-direction: column; flex-grow: 1; justify-content: center;\"> <div style=\" background-color: #F4F4F4; border-radius: 4px; flex-grow: 0; height: 14px; margin-bottom: 6px; width: 100px;\"><\/div> <div style=\" background-color: #F4F4F4; border-radius: 4px; flex-grow: 0; height: 14px; width: 60px;\"><\/div><\/div><\/div><div style=\"padding: 19% 0;\"><\/div> <div style=\"display:block; height:50px; margin:0 auto 12px; width:50px;\"><svg width=\"50px\" height=\"50px\" viewBox=\"0 0 60 60\" version=\"1.1\" xmlns=\"https:\/\/www.w3.org\/2000\/svg\" xmlns:xlink=\"https:\/\/www.w3.org\/1999\/xlink\"><g stroke=\"none\" stroke-width=\"1\" fill=\"none\" fill-rule=\"evenodd\"><g transform=\"translate(-511.000000, -20.000000)\" fill=\"#000000\"><g><path d=\"M556.869,30.41 C554.814,30.41 553.148,32.076 553.148,34.131 C553.148,36.186 554.814,37.852 556.869,37.852 C558.924,37.852 560.59,36.186 560.59,34.131 C560.59,32.076 558.924,30.41 556.869,30.41 M541,60.657 C535.114,60.657 530.342,55.887 530.342,50 C530.342,44.114 535.114,39.342 541,39.342 C546.887,39.342 551.658,44.114 551.658,50 C551.658,55.887 546.887,60.657 541,60.657 M541,33.886 C532.1,33.886 524.886,41.1 524.886,50 C524.886,58.899 532.1,66.113 541,66.113 C549.9,66.113 557.115,58.899 557.115,50 C557.115,41.1 549.9,33.886 541,33.886 M565.378,62.101 C565.244,65.022 564.756,66.606 564.346,67.663 C563.803,69.06 563.154,70.057 562.106,71.106 C561.058,72.155 560.06,72.803 558.662,73.347 C557.607,73.757 556.021,74.244 553.102,74.378 C549.944,74.521 548.997,74.552 541,74.552 C533.003,74.552 532.056,74.521 528.898,74.378 C525.979,74.244 524.393,73.757 523.338,73.347 C521.94,72.803 520.942,72.155 519.894,71.106 C518.846,70.057 518.197,69.06 517.654,67.663 C517.244,66.606 516.755,65.022 516.623,62.101 C516.479,58.943 516.448,57.996 516.448,50 C516.448,42.003 516.479,41.056 516.623,37.899 C516.755,34.978 517.244,33.391 517.654,32.338 C518.197,30.938 518.846,29.942 519.894,28.894 C520.942,27.846 521.94,27.196 523.338,26.654 C524.393,26.244 525.979,25.756 528.898,25.623 C532.057,25.479 533.004,25.448 541,25.448 C548.997,25.448 549.943,25.479 553.102,25.623 C556.021,25.756 557.607,26.244 558.662,26.654 C560.06,27.196 561.058,27.846 562.106,28.894 C563.154,29.942 563.803,30.938 564.346,32.338 C564.756,33.391 565.244,34.978 565.378,37.899 C565.522,41.056 565.552,42.003 565.552,50 C565.552,57.996 565.522,58.943 565.378,62.101 M570.82,37.631 C570.674,34.438 570.167,32.258 569.425,30.349 C568.659,28.377 567.633,26.702 565.965,25.035 C564.297,23.368 562.623,22.342 560.652,21.575 C558.743,20.834 556.562,20.326 553.369,20.18 C550.169,20.033 549.148,20 541,20 C532.853,20 531.831,20.033 528.631,20.18 C525.438,20.326 523.257,20.834 521.349,21.575 C519.376,22.342 517.703,23.368 516.035,25.035 C514.368,26.702 513.342,28.377 512.574,30.349 C511.834,32.258 511.326,34.438 511.181,37.631 C511.035,40.831 511,41.851 511,50 C511,58.147 511.035,59.17 511.181,62.369 C511.326,65.562 511.834,67.743 512.574,69.651 C513.342,71.625 514.368,73.296 516.035,74.965 C517.703,76.634 519.376,77.658 521.349,78.425 C523.257,79.167 525.438,79.673 528.631,79.82 C531.831,79.965 532.853,80.001 541,80.001 C549.148,80.001 550.169,79.965 553.369,79.82 C556.562,79.673 558.743,79.167 560.652,78.425 C562.623,77.658 564.297,76.634 565.965,74.965 C567.633,73.296 568.659,71.625 569.425,69.651 C570.167,67.743 570.674,65.562 570.82,62.369 C570.966,59.17 571,58.147 571,50 C571,41.851 570.966,40.831 570.82,37.631\"><\/path><\/g><\/g><\/g><\/svg><\/div><div style=\"padding-top: 8px;\"> <div style=\" color:#3897f0; font-family:Arial,sans-serif; font-size:14px; font-style:normal; font-weight:550; line-height:18px;\">Ver esta publicaci\u00f3n en Instagram<\/div><\/div><div style=\"padding: 12.5% 0;\"><\/div> <div style=\"display: flex; flex-direction: row; margin-bottom: 14px; align-items: center;\"><div> <div style=\"background-color: #F4F4F4; border-radius: 50%; height: 12.5px; width: 12.5px; transform: translateX(0px) translateY(7px);\"><\/div> <div style=\"background-color: #F4F4F4; height: 12.5px; transform: rotate(-45deg) translateX(3px) translateY(1px); width: 12.5px; flex-grow: 0; margin-right: 14px; margin-left: 2px;\"><\/div> <div style=\"background-color: #F4F4F4; border-radius: 50%; height: 12.5px; width: 12.5px; transform: translateX(9px) translateY(-18px);\"><\/div><\/div><div style=\"margin-left: 8px;\"> <div style=\" background-color: #F4F4F4; border-radius: 50%; flex-grow: 0; height: 20px; width: 20px;\"><\/div> <div style=\" width: 0; height: 0; border-top: 2px solid transparent; border-left: 6px solid #f4f4f4; border-bottom: 2px solid transparent; transform: translateX(16px) translateY(-4px) rotate(30deg)\"><\/div><\/div><div style=\"margin-left: auto;\"> <div style=\" width: 0px; border-top: 8px solid #F4F4F4; border-right: 8px solid transparent; transform: translateY(16px);\"><\/div> <div style=\" background-color: #F4F4F4; flex-grow: 0; height: 12px; width: 16px; transform: translateY(-4px);\"><\/div> <div style=\" width: 0; height: 0; border-top: 8px solid #F4F4F4; border-left: 8px solid transparent; transform: translateY(-4px) translateX(8px);\"><\/div><\/div><\/div> <div style=\"display: flex; flex-direction: column; flex-grow: 1; justify-content: center; margin-bottom: 24px;\"> <div style=\" background-color: #F4F4F4; border-radius: 4px; flex-grow: 0; height: 14px; margin-bottom: 6px; width: 224px;\"><\/div> <div style=\" background-color: #F4F4F4; border-radius: 4px; flex-grow: 0; height: 14px; width: 144px;\"><\/div><\/div><\/a><p style=\" color:#c9c8cd; font-family:Arial,sans-serif; font-size:14px; line-height:17px; margin-bottom:0; margin-top:8px; overflow:hidden; padding:8px 0 7px; text-align:center; text-overflow:ellipsis; white-space:nowrap;\"><a href=\"https:\/\/www.instagram.com\/reel\/C4iJGJSNBPZ\/?utm_source=ig_embed&amp;utm_campaign=loading\" style=\" color:#c9c8cd; font-family:Arial,sans-serif; font-size:14px; font-style:normal; font-weight:normal; line-height:17px; text-decoration:none;\" target=\"_blank\" rel=\"noopener\">Una publicaci\u00f3n compartida por FFCV (@ffcv_info)<\/a><\/p><\/div><\/blockquote> <script async src=\"\/\/www.instagram.com\/embed.js\"><\/script>\n\n\n\n<h2 class=\"wp-block-heading\">Rivales, horarios, campos y enlaces de streaming<\/h2>\n\n\n\n<p id=\"block-43d03687-ed89-4c56-868a-9833f18955ee\">Las&nbsp;<strong>Selecciones Valencianas masculina y Valenta sub12<\/strong>&nbsp;han quedado&nbsp;<a href=\"https:\/\/ffcv.es\/wp\/blog\/2024\/02\/20\/la-seleccio-valenciana-sub12-de-futbol-ya-conoce-sus-rivales-en-el-campeonato-de-espana-madrid-21-24-marzo-2024\/\" target=\"_blank\" rel=\"noreferrer noopener\">encuadradas en el Grupo A<\/a> junto con&nbsp;<strong>Regi\u00f3n de Murcia<\/strong>,&nbsp;<strong>Principado de Asturias<\/strong>,&nbsp;<strong>Castilla y Le\u00f3n<\/strong> e <strong>Illes Balears<\/strong>.<\/p>\n\n\n\n<p>Los partidos podr\u00e1n seguirse en directo a trav\u00e9s de los <a href=\"https:\/\/www.youtube.com\/@federacionespanolafutbol\/streams\" target=\"_blank\" rel=\"noreferrer noopener\">enlaces de streaming del canal de <strong>YouTub<\/strong>e <\/a>de la <strong>RFEF<\/strong>. <\/p>\n\n\n\n<h3 class=\"wp-block-heading\" id=\"block-eb48bebf-873d-468c-a0fd-3ba96093e585\">Viernes 22 de marzo \u2013 Ciudad del F\u00fatbol de Las Rozas (Madrid)<\/h3>\n\n\n\n<p>\ud83d\udd38 9:30 Regi\u00f3n de Murcia \ud83c\udd9a Selecci\u00f3 Valenciana Valenta <\/p>\n\n\n\n<figure class=\"wp-block-embed is-type-video is-provider-youtube wp-block-embed-youtube wp-embed-aspect-4-3 wp-has-aspect-ratio\"><div class=\"wp-block-embed__wrapper\">\n<iframe loading=\"lazy\" title=\"CESA SUB-12 FEMENINO GRUPO A -Regi\u00f3n de Murcia - Comunidad Valenciana - 22 Marzo 09:30\" width=\"500\" height=\"281\" data-src=\"https:\/\/www.youtube.com\/embed\/sQsfmVaWlmo?feature=oembed\" frameborder=\"0\" allow=\"accelerometer; autoplay; clipboard-write; encrypted-media; gyroscope; picture-in-picture; web-share\" referrerpolicy=\"strict-origin-when-cross-origin\" allowfullscreen src=\"data:image\/gif;base64,R0lGODlhAQABAAAAACH5BAEKAAEALAAAAAABAAEAAAICTAEAOw==\" class=\"lazyload\" data-load-mode=\"1\"><\/iframe>\n<\/div><\/figure>\n\n\n\n<p>\ud83d\udd39 10:35 Regi\u00f3n de Murcia \ud83c\udd9a Selecci\u00f3 Valenciana masculina <\/p>\n\n\n\n<figure class=\"wp-block-embed is-type-video is-provider-youtube wp-block-embed-youtube wp-embed-aspect-4-3 wp-has-aspect-ratio\"><div class=\"wp-block-embed__wrapper\">\n<iframe loading=\"lazy\" title=\"CESA SUB-12 MASCULINO GRUPO A - Regi\u00f3n de Murcia - Comunidad Valenciana -22 Marzo 10:35\" width=\"500\" height=\"281\" data-src=\"https:\/\/www.youtube.com\/embed\/DmhMLzdYfNA?feature=oembed\" frameborder=\"0\" allow=\"accelerometer; autoplay; clipboard-write; encrypted-media; gyroscope; picture-in-picture; web-share\" referrerpolicy=\"strict-origin-when-cross-origin\" allowfullscreen src=\"data:image\/gif;base64,R0lGODlhAQABAAAAACH5BAEKAAEALAAAAAABAAEAAAICTAEAOw==\" class=\"lazyload\" data-load-mode=\"1\"><\/iframe>\n<\/div><\/figure>\n\n\n\n<p>\ud83d\udd38 11:45 Illes Balears \ud83c\udd9a Selecci\u00f3 Valenciana Valenta<\/p>\n\n\n\n<figure class=\"wp-block-embed is-type-video is-provider-youtube wp-block-embed-youtube wp-embed-aspect-4-3 wp-has-aspect-ratio\"><div class=\"wp-block-embed__wrapper\">\n<iframe loading=\"lazy\" title=\"CESA SUB-12 FEMENINO GRUPO A - Islas Baleares - Comunidad Valenciana - 22 Marzo 11:45\" width=\"500\" height=\"281\" data-src=\"https:\/\/www.youtube.com\/embed\/wHABnobSweY?feature=oembed\" frameborder=\"0\" allow=\"accelerometer; autoplay; clipboard-write; encrypted-media; gyroscope; picture-in-picture; web-share\" referrerpolicy=\"strict-origin-when-cross-origin\" allowfullscreen src=\"data:image\/gif;base64,R0lGODlhAQABAAAAACH5BAEKAAEALAAAAAABAAEAAAICTAEAOw==\" class=\"lazyload\" data-load-mode=\"1\"><\/iframe>\n<\/div><\/figure>\n\n\n\n<p>\ud83d\udd39 12:50 Illes Balears \ud83c\udd9a Selecci\u00f3 Valenciana masculina<\/p>\n\n\n\n<figure class=\"wp-block-embed is-type-video is-provider-youtube wp-block-embed-youtube wp-embed-aspect-4-3 wp-has-aspect-ratio\"><div class=\"wp-block-embed__wrapper\">\n<iframe loading=\"lazy\" title=\"CESA SUB-12 MASCULINO GRUPO A - Islas Baleares - Comunidad Valenciana -22 Marzo 12:50\" width=\"500\" height=\"281\" data-src=\"https:\/\/www.youtube.com\/embed\/2k28LOCu-8A?feature=oembed\" frameborder=\"0\" allow=\"accelerometer; autoplay; clipboard-write; encrypted-media; gyroscope; picture-in-picture; web-share\" referrerpolicy=\"strict-origin-when-cross-origin\" allowfullscreen src=\"data:image\/gif;base64,R0lGODlhAQABAAAAACH5BAEKAAEALAAAAAABAAEAAAICTAEAOw==\" class=\"lazyload\" data-load-mode=\"1\"><\/iframe>\n<\/div><\/figure>\n\n\n\n<h3 class=\"wp-block-heading\" id=\"block-c431f3e4-24e7-4036-b750-6a0abfc58a96\">Viernes 22 de marzo \u2013 Campos Ernesto Cotorruelo (Madrid)<\/h3>\n\n\n\n<p>\ud83d\udd38 18:00 Selecci\u00f3 Valenciana Valenta \ud83c\udd9a Castilla y Le\u00f3n<\/p>\n\n\n\n<figure class=\"wp-block-embed is-type-video is-provider-youtube wp-block-embed-youtube wp-embed-aspect-4-3 wp-has-aspect-ratio\"><div class=\"wp-block-embed__wrapper\">\n<iframe loading=\"lazy\" title=\"CESA SUB-12 FEMENINO GRUPO A -Comunidad Valenciana - Castilla y Le\u00f3n - 22 Marzo 18:00\" width=\"500\" height=\"281\" data-src=\"https:\/\/www.youtube.com\/embed\/O2KFoXCLTKE?feature=oembed\" frameborder=\"0\" allow=\"accelerometer; autoplay; clipboard-write; encrypted-media; gyroscope; picture-in-picture; web-share\" referrerpolicy=\"strict-origin-when-cross-origin\" allowfullscreen src=\"data:image\/gif;base64,R0lGODlhAQABAAAAACH5BAEKAAEALAAAAAABAAEAAAICTAEAOw==\" class=\"lazyload\" data-load-mode=\"1\"><\/iframe>\n<\/div><\/figure>\n\n\n\n<p>\ud83d\udd39 19:05 Selecci\u00f3 Valenciana masculina \ud83c\udd9a Castilla y Le\u00f3n<\/p>\n\n\n\n<figure class=\"wp-block-embed is-type-video is-provider-youtube wp-block-embed-youtube wp-embed-aspect-4-3 wp-has-aspect-ratio\"><div class=\"wp-block-embed__wrapper\">\n<iframe loading=\"lazy\" title=\"CESA SUB-12 MASCULINO GRUPO A - Comunidad Valenciana -Castilla y Le\u00f3n -22 Marzo 19:05\" width=\"500\" height=\"281\" data-src=\"https:\/\/www.youtube.com\/embed\/Cu3eJxZmozY?feature=oembed\" frameborder=\"0\" allow=\"accelerometer; autoplay; clipboard-write; encrypted-media; gyroscope; picture-in-picture; web-share\" referrerpolicy=\"strict-origin-when-cross-origin\" allowfullscreen src=\"data:image\/gif;base64,R0lGODlhAQABAAAAACH5BAEKAAEALAAAAAABAAEAAAICTAEAOw==\" class=\"lazyload\" data-load-mode=\"1\"><\/iframe>\n<\/div><\/figure>\n\n\n\n<h3 class=\"wp-block-heading\">S\u00e1bado 23 de marzo \u2013 Campos Ernesto Cotorruelo (Madrid)<\/h3>\n\n\n\n<p>\ud83d\udd38 9:30 Selecci\u00f3 Valenciana Valenta \ud83c\udd9a Principado de Asturias<\/p>\n\n\n\n<figure class=\"wp-block-embed is-type-video is-provider-youtube wp-block-embed-youtube wp-embed-aspect-4-3 wp-has-aspect-ratio\"><div class=\"wp-block-embed__wrapper\">\n<iframe loading=\"lazy\" title=\"CESA SUB-12 FEMENINO GRUPO A - Comunidad Valenciana - Principado de Asturias 23 Marzo 09:30\" width=\"500\" height=\"281\" data-src=\"https:\/\/www.youtube.com\/embed\/BAIdty2PlEA?feature=oembed\" frameborder=\"0\" allow=\"accelerometer; autoplay; clipboard-write; encrypted-media; gyroscope; picture-in-picture; web-share\" referrerpolicy=\"strict-origin-when-cross-origin\" allowfullscreen src=\"data:image\/gif;base64,R0lGODlhAQABAAAAACH5BAEKAAEALAAAAAABAAEAAAICTAEAOw==\" class=\"lazyload\" data-load-mode=\"1\"><\/iframe>\n<\/div><\/figure>\n\n\n\n<p>\ud83d\udd39 10:35 Selecci\u00f3 Valenciana masculina \ud83c\udd9a Principado de Asturias<\/p>\n\n\n\n<figure class=\"wp-block-embed is-type-video is-provider-youtube wp-block-embed-youtube wp-embed-aspect-4-3 wp-has-aspect-ratio\"><div class=\"wp-block-embed__wrapper\">\n<iframe loading=\"lazy\" title=\"CESA SUB-12 MASCULINO GRUPO A - Comunidad Valenciana - Principado de Asturias -23 Marzo 10:35\" width=\"500\" height=\"281\" data-src=\"https:\/\/www.youtube.com\/embed\/A3XjyqDALOU?feature=oembed\" frameborder=\"0\" allow=\"accelerometer; autoplay; clipboard-write; encrypted-media; gyroscope; picture-in-picture; web-share\" referrerpolicy=\"strict-origin-when-cross-origin\" allowfullscreen src=\"data:image\/gif;base64,R0lGODlhAQABAAAAACH5BAEKAAEALAAAAAABAAEAAAICTAEAOw==\" class=\"lazyload\" data-load-mode=\"1\"><\/iframe>\n<\/div><\/figure>\n\n\n\n<p id=\"block-3b68f58c-9a89-4766-a4dd-eb7e6e19d550\">Los cuartos de final cruzar\u00e1 a los dos primeros del Grupo B con los del Grupo A.<\/p>\n\n\n\n<p>Se celebrar\u00e1n el mismo s\u00e1bado 23 por la tarde en los<strong> Campos de f\u00fatbol Ernesto Cotorruelo (Madrid)<\/strong>.<\/p>\n\n\n\n<p>El domingo 24 se juegan las semifinales y la final durante toda la ma\u00f1ana, tambi\u00e9n en los<strong> Campos de f\u00fatbol Ernesto Cotorruelo (Madrid)<\/strong>.<\/p>\n\n\n\n<h2 class=\"wp-block-heading\">Palmar\u00e9s<\/h2>\n\n\n\n<figure class=\"wp-block-image size-large\"><img loading=\"lazy\" decoding=\"async\" width=\"1024\" height=\"680\" data-src=\"https:\/\/ffcv.es\/wp\/wp-content\/uploads\/2021\/04\/2-DSC_7387-1024x680.jpg\" alt=\"\" class=\"wp-image-58354 lazyload\" data-srcset=\"https:\/\/ffcv.es\/wp\/wp-content\/uploads\/2021\/04\/2-DSC_7387-1024x680.jpg 1024w, https:\/\/ffcv.es\/wp\/wp-content\/uploads\/2021\/04\/2-DSC_7387-300x199.jpg 300w, https:\/\/ffcv.es\/wp\/wp-content\/uploads\/2021\/04\/2-DSC_7387-768x510.jpg 768w, https:\/\/ffcv.es\/wp\/wp-content\/uploads\/2021\/04\/2-DSC_7387-1536x1020.jpg 1536w, https:\/\/ffcv.es\/wp\/wp-content\/uploads\/2021\/04\/2-DSC_7387-280x187.jpg 280w, https:\/\/ffcv.es\/wp\/wp-content\/uploads\/2021\/04\/2-DSC_7387-1170x777.jpg 1170w, https:\/\/ffcv.es\/wp\/wp-content\/uploads\/2021\/04\/2-DSC_7387.jpg 1600w\" data-sizes=\"(max-width: 1024px) 100vw, 1024px\" src=\"data:image\/gif;base64,R0lGODlhAQABAAAAACH5BAEKAAEALAAAAAABAAEAAAICTAEAOw==\" style=\"--smush-placeholder-width: 1024px; --smush-placeholder-aspect-ratio: 1024\/680;\" \/><noscript><img loading=\"lazy\" decoding=\"async\" width=\"1024\" height=\"680\" src=\"https:\/\/ffcv.es\/wp\/wp-content\/uploads\/2021\/04\/2-DSC_7387-1024x680.jpg\" alt=\"\" class=\"wp-image-58354\" srcset=\"https:\/\/ffcv.es\/wp\/wp-content\/uploads\/2021\/04\/2-DSC_7387-1024x680.jpg 1024w, https:\/\/ffcv.es\/wp\/wp-content\/uploads\/2021\/04\/2-DSC_7387-300x199.jpg 300w, https:\/\/ffcv.es\/wp\/wp-content\/uploads\/2021\/04\/2-DSC_7387-768x510.jpg 768w, https:\/\/ffcv.es\/wp\/wp-content\/uploads\/2021\/04\/2-DSC_7387-1536x1020.jpg 1536w, https:\/\/ffcv.es\/wp\/wp-content\/uploads\/2021\/04\/2-DSC_7387-280x187.jpg 280w, https:\/\/ffcv.es\/wp\/wp-content\/uploads\/2021\/04\/2-DSC_7387-1170x777.jpg 1170w, https:\/\/ffcv.es\/wp\/wp-content\/uploads\/2021\/04\/2-DSC_7387.jpg 1600w\" sizes=\"(max-width: 1024px) 100vw, 1024px\" \/><\/noscript><\/figure>\n\n\n\n<p>La <strong>Selecci\u00f3 Valenciana <\/strong>posee un total de siete t\u00edtulos en los <strong>Campeonatos de Espa\u00f1a sub-12 <\/strong>en los m\u00e1s de 30 a\u00f1os que se viene celebrando, de los cuales dos son <strong>Valenta<\/strong> y cinco, masculinos.<\/p>\n\n\n\n<h3 class=\"wp-block-heading\">Palmar\u00e9s Valenta<\/h3>\n\n\n\n<p><strong><a href=\"https:\/\/ffcv.es\/wp\/palmares-seleccio-valenciana-valenta-de-futbol\/\">CONSULTA PALMAR\u00c9S COMPLETO CAMPEONATO DE ESPA\u00d1A SUB-12 VALENTA<\/a><\/strong><\/p>\n\n\n\n<p>La Selecci\u00f3 Valenciana Valenta sub12 ha conseguido en dos de las veinte ediciones del torneo proclamarse campeona de Espa\u00f1a.<\/p>\n\n\n\n<p>La primera edici\u00f3n, jugada en el a\u00f1o 2001 en <strong>Palma del R\u00edo (C\u00f3rdoba) <\/strong><a href=\"https:\/\/ffcv.es\/wp\/wp-content\/uploads\/2021\/03\/2000-7-y-8-diciembre-Resultados-CNSA-femenino-fu%CC%81tbol-7-alevi%CC%81n-e-infantil.pdf\">fue para la <strong>Comunitat Valenciana<\/strong><\/a>. El conjunto entrenado entonces por <strong>Juan Merc\u00e9 <\/strong>se impuso en la final a Catalunya por dos goles a uno.<\/p>\n\n\n\n<p>La <strong>Selecci\u00f3<\/strong> volvi\u00f3 a ganar el trofeo en 2009, en<strong> San Fernando (C\u00e1diz)<\/strong>, <a href=\"https:\/\/ffcv.es\/wp\/wp-content\/uploads\/2021\/04\/2008-diciembre-Seleccio%CC%81-Valenta-sub12-campeona-Espan%CC%83a-en-Ca%CC%81diz-VIII-CNSA-sub12.pdf\">cuando el combinado dirigido por<strong> Ismael P\u00e9rez <\/strong>venci\u00f3 a <strong>Navarra<\/strong> en la final.<\/a><\/p>\n\n\n\n<p>Adem\u00e1s de estas dos victorias, en las veinte ediciones del campeonato la <strong>Selecci\u00f3<\/strong> ha sido capaz de alcanzar otras dos finales, las perdidas <a href=\"https:\/\/ffcv.es\/wp\/wp-content\/uploads\/2021\/04\/2010-diciembre-La-Seleccio%CC%81-Valenta-sub12-subcampeona-en-Huelva-en-el-X-CNSA-sub12-Valenta.pdf\">frente a <strong>Andaluc\u00eda<\/strong> en 2011 <\/a>y frente a Canarias en 2014.<\/p>\n\n\n\n<p>El a\u00f1o pasado,<a href=\"https:\/\/ffcv.es\/wp\/blog\/2023\/04\/30\/no-pueden-con-madrid-pero-son-todo-un-ejemplo-seleccio-valenciana-valenta-sub12-madrid-0-2\/\"> el conjunto dirigido por<strong> Ana G\u00f3mez<\/strong> alcanz\u00f3 los cuartos de final, donde cay\u00f3 frente a la <strong>Selecci\u00f3n de Madrid<\/strong>.<\/a><\/p>\n\n\n\n<figure class=\"wp-block-image size-large\"><img loading=\"lazy\" decoding=\"async\" width=\"1024\" height=\"683\" data-src=\"https:\/\/ffcv.es\/wp\/wp-content\/uploads\/2023\/04\/IMG_6643-2-1024x683.jpg\" alt=\"\" class=\"wp-image-117184 lazyload\" data-srcset=\"https:\/\/ffcv.es\/wp\/wp-content\/uploads\/2023\/04\/IMG_6643-2-1024x683.jpg 1024w, https:\/\/ffcv.es\/wp\/wp-content\/uploads\/2023\/04\/IMG_6643-2-300x200.jpg 300w, https:\/\/ffcv.es\/wp\/wp-content\/uploads\/2023\/04\/IMG_6643-2-768x512.jpg 768w, https:\/\/ffcv.es\/wp\/wp-content\/uploads\/2023\/04\/IMG_6643-2-1536x1024.jpg 1536w, https:\/\/ffcv.es\/wp\/wp-content\/uploads\/2023\/04\/IMG_6643-2-2048x1365.jpg 2048w, https:\/\/ffcv.es\/wp\/wp-content\/uploads\/2023\/04\/IMG_6643-2-280x187.jpg 280w, https:\/\/ffcv.es\/wp\/wp-content\/uploads\/2023\/04\/IMG_6643-2-1170x780.jpg 1170w, https:\/\/ffcv.es\/wp\/wp-content\/uploads\/2023\/04\/IMG_6643-2-scaled.jpg 1920w\" data-sizes=\"(max-width: 1024px) 100vw, 1024px\" src=\"data:image\/gif;base64,R0lGODlhAQABAAAAACH5BAEKAAEALAAAAAABAAEAAAICTAEAOw==\" style=\"--smush-placeholder-width: 1024px; --smush-placeholder-aspect-ratio: 1024\/683;\" \/><noscript><img loading=\"lazy\" decoding=\"async\" width=\"1024\" height=\"683\" src=\"https:\/\/ffcv.es\/wp\/wp-content\/uploads\/2023\/04\/IMG_6643-2-1024x683.jpg\" alt=\"\" class=\"wp-image-117184\" srcset=\"https:\/\/ffcv.es\/wp\/wp-content\/uploads\/2023\/04\/IMG_6643-2-1024x683.jpg 1024w, https:\/\/ffcv.es\/wp\/wp-content\/uploads\/2023\/04\/IMG_6643-2-300x200.jpg 300w, https:\/\/ffcv.es\/wp\/wp-content\/uploads\/2023\/04\/IMG_6643-2-768x512.jpg 768w, https:\/\/ffcv.es\/wp\/wp-content\/uploads\/2023\/04\/IMG_6643-2-1536x1024.jpg 1536w, https:\/\/ffcv.es\/wp\/wp-content\/uploads\/2023\/04\/IMG_6643-2-2048x1365.jpg 2048w, https:\/\/ffcv.es\/wp\/wp-content\/uploads\/2023\/04\/IMG_6643-2-280x187.jpg 280w, https:\/\/ffcv.es\/wp\/wp-content\/uploads\/2023\/04\/IMG_6643-2-1170x780.jpg 1170w, https:\/\/ffcv.es\/wp\/wp-content\/uploads\/2023\/04\/IMG_6643-2-scaled.jpg 1920w\" sizes=\"(max-width: 1024px) 100vw, 1024px\" \/><\/noscript><figcaption class=\"wp-element-caption\">El a\u00f1o pasado, cuartos de final contra Madrid.<\/figcaption><\/figure>\n\n\n\n<h3 class=\"wp-block-heading\">Palmar\u00e9s masculino<\/h3>\n\n\n\n<p><strong><a href=\"https:\/\/ffcv.es\/wp\/palmares-selecciones-masculinas-de-futbol\/\">CONSULTA PALMAR\u00c9S COMPLETO CAMPEONATO DE ESPA\u00d1A SUB-12 MASCULINO<\/a><\/strong><\/p>\n\n\n\n<p>La <strong>Selecci\u00f3 Valenciana masculina sub12<\/strong> ha conseguido proclamarse en cinco ocasiones campeona de <strong>Espa\u00f1a<\/strong> desde que en el a\u00f1o 1992 se crease este campeonato, referencia del f\u00fatbol base en Espa\u00f1a:<\/p>\n\n\n\n<ul class=\"wp-block-list\">\n<li><strong>2002<\/strong> &#8211; San Fernando (C\u00e1diz) &#8211; final vs Euskadi (1-0)<\/li>\n\n\n\n<li><strong>2007<\/strong> &#8211; Gij\u00f3n (Asturias) &#8211; final vs Navarra (3-2)<\/li>\n\n\n\n<li><strong>2009<\/strong> &#8211; Guadalix de la Sierra (Madrid) &#8211; <a href=\"https:\/\/www.youtube.com\/watch?v=5tnNTBV5mzM\">final vs Andaluc\u00eda (4-2)<\/a><\/li>\n\n\n\n<li><strong>2011<\/strong> &#8211; Tudela (Navarra) &#8211; final vs Madrid (1-1)<\/li>\n\n\n\n<li><strong>2017<\/strong> &#8211; Ruidoms (Tarragona) &#8211; <a href=\"https:\/\/ffcv.es\/wp\/blog\/2017\/04\/30\/la-seleccion-sub-12-masculina-campeona-espana\/\">final vs Madrid (3-1)<\/a><\/li>\n<\/ul>\n\n\n\n<p>Adem\u00e1s de en estos t\u00edtulos, la <strong>Selecci\u00f3 masculina sub12<\/strong> ha alcanzado en otras tres ocasiones la final: la perdida contra <strong>Madrid<\/strong> en la primera edici\u00f3n en 1992; la final perdida de 2015 en <strong>Capdepera<\/strong> contra <strong>Catalunya<\/strong>; y la final del a\u00f1o pasado, donde <a href=\"https:\/\/ffcv.es\/wp\/blog\/2023\/05\/01\/los-penaltis-castigan-a-la-seleccio-sois-nuestros-campeones-andalucia-%f0%9f%86%9a-seleccio-valenciana-masculina-sub12-2-2-3-2\/\">el combinado dirigido por<strong> \u00d3scar L\u00f3pez<\/strong> sucumbi\u00f3 en la final contra <strong>Andaluc\u00eda<\/strong> en la tanda de penaltis.<\/a><\/p>\n\n\n\n<figure class=\"wp-block-image size-large\"><img loading=\"lazy\" decoding=\"async\" width=\"1024\" height=\"552\" data-src=\"https:\/\/ffcv.es\/wp\/wp-content\/uploads\/2023\/05\/2023-05-01-Campeonato-de-Espana-de-selecciones-autonomicas-SUB12-Final-Entrega-de-medallas-y-trofeos-_60-1024x552.jpg\" alt=\"\" class=\"wp-image-117483 lazyload\" data-srcset=\"https:\/\/ffcv.es\/wp\/wp-content\/uploads\/2023\/05\/2023-05-01-Campeonato-de-Espana-de-selecciones-autonomicas-SUB12-Final-Entrega-de-medallas-y-trofeos-_60-1024x552.jpg 1024w, https:\/\/ffcv.es\/wp\/wp-content\/uploads\/2023\/05\/2023-05-01-Campeonato-de-Espana-de-selecciones-autonomicas-SUB12-Final-Entrega-de-medallas-y-trofeos-_60-300x162.jpg 300w, https:\/\/ffcv.es\/wp\/wp-content\/uploads\/2023\/05\/2023-05-01-Campeonato-de-Espana-de-selecciones-autonomicas-SUB12-Final-Entrega-de-medallas-y-trofeos-_60-768x414.jpg 768w, https:\/\/ffcv.es\/wp\/wp-content\/uploads\/2023\/05\/2023-05-01-Campeonato-de-Espana-de-selecciones-autonomicas-SUB12-Final-Entrega-de-medallas-y-trofeos-_60-1536x828.jpg 1536w, https:\/\/ffcv.es\/wp\/wp-content\/uploads\/2023\/05\/2023-05-01-Campeonato-de-Espana-de-selecciones-autonomicas-SUB12-Final-Entrega-de-medallas-y-trofeos-_60-2048x1104.jpg 2048w, https:\/\/ffcv.es\/wp\/wp-content\/uploads\/2023\/05\/2023-05-01-Campeonato-de-Espana-de-selecciones-autonomicas-SUB12-Final-Entrega-de-medallas-y-trofeos-_60-280x151.jpg 280w, https:\/\/ffcv.es\/wp\/wp-content\/uploads\/2023\/05\/2023-05-01-Campeonato-de-Espana-de-selecciones-autonomicas-SUB12-Final-Entrega-de-medallas-y-trofeos-_60-1170x631.jpg 1170w, https:\/\/ffcv.es\/wp\/wp-content\/uploads\/2023\/05\/2023-05-01-Campeonato-de-Espana-de-selecciones-autonomicas-SUB12-Final-Entrega-de-medallas-y-trofeos-_60-scaled.jpg 1920w\" data-sizes=\"(max-width: 1024px) 100vw, 1024px\" src=\"data:image\/gif;base64,R0lGODlhAQABAAAAACH5BAEKAAEALAAAAAABAAEAAAICTAEAOw==\" style=\"--smush-placeholder-width: 1024px; --smush-placeholder-aspect-ratio: 1024\/552;\" \/><noscript><img loading=\"lazy\" decoding=\"async\" width=\"1024\" height=\"552\" src=\"https:\/\/ffcv.es\/wp\/wp-content\/uploads\/2023\/05\/2023-05-01-Campeonato-de-Espana-de-selecciones-autonomicas-SUB12-Final-Entrega-de-medallas-y-trofeos-_60-1024x552.jpg\" alt=\"\" class=\"wp-image-117483\" srcset=\"https:\/\/ffcv.es\/wp\/wp-content\/uploads\/2023\/05\/2023-05-01-Campeonato-de-Espana-de-selecciones-autonomicas-SUB12-Final-Entrega-de-medallas-y-trofeos-_60-1024x552.jpg 1024w, https:\/\/ffcv.es\/wp\/wp-content\/uploads\/2023\/05\/2023-05-01-Campeonato-de-Espana-de-selecciones-autonomicas-SUB12-Final-Entrega-de-medallas-y-trofeos-_60-300x162.jpg 300w, https:\/\/ffcv.es\/wp\/wp-content\/uploads\/2023\/05\/2023-05-01-Campeonato-de-Espana-de-selecciones-autonomicas-SUB12-Final-Entrega-de-medallas-y-trofeos-_60-768x414.jpg 768w, https:\/\/ffcv.es\/wp\/wp-content\/uploads\/2023\/05\/2023-05-01-Campeonato-de-Espana-de-selecciones-autonomicas-SUB12-Final-Entrega-de-medallas-y-trofeos-_60-1536x828.jpg 1536w, https:\/\/ffcv.es\/wp\/wp-content\/uploads\/2023\/05\/2023-05-01-Campeonato-de-Espana-de-selecciones-autonomicas-SUB12-Final-Entrega-de-medallas-y-trofeos-_60-2048x1104.jpg 2048w, https:\/\/ffcv.es\/wp\/wp-content\/uploads\/2023\/05\/2023-05-01-Campeonato-de-Espana-de-selecciones-autonomicas-SUB12-Final-Entrega-de-medallas-y-trofeos-_60-280x151.jpg 280w, https:\/\/ffcv.es\/wp\/wp-content\/uploads\/2023\/05\/2023-05-01-Campeonato-de-Espana-de-selecciones-autonomicas-SUB12-Final-Entrega-de-medallas-y-trofeos-_60-1170x631.jpg 1170w, https:\/\/ffcv.es\/wp\/wp-content\/uploads\/2023\/05\/2023-05-01-Campeonato-de-Espana-de-selecciones-autonomicas-SUB12-Final-Entrega-de-medallas-y-trofeos-_60-scaled.jpg 1920w\" sizes=\"(max-width: 1024px) 100vw, 1024px\" \/><\/noscript><figcaption class=\"wp-element-caption\">La Selecci\u00f3 Valenciana masculina sub12 que alcanz\u00f3 la final el a\u00f1o pasado en Madrid contra Andaluc\u00eda.<\/figcaption><\/figure>\n","protected":false},"excerpt":{"rendered":"<p>La&nbsp;Federaci\u00f3 de Futbol de la Comunitat Valenciana&nbsp;est\u00e1 representada por la Selecci\u00f3 Valenciana masculina y Valenta sub12 de f\u00fatbol en el Campeonato de Espa\u00f1a de Selecciones Auton\u00f3micas que se celebra en Madrid del 22 al 24 de marzo. Convocatorias oficiales Los seleccionadores \u00d3scar L\u00f3pez y Uge Soto han convocado a estos 14 jugadores y a estas<\/p>\n","protected":false},"author":15,"featured_media":134624,"comment_status":"closed","ping_status":"closed","sticky":false,"template":"","format":"standard","meta":{"om_disable_all_campaigns":false,"footnotes":""},"categories":[3452,3442,72,1177,1282],"tags":[189,1117,98,1188,1368],"class_list":["post-134612","post","type-post","status-publish","format-standard","has-post-thumbnail","hentry","category-seleccio-valenciana-sub12","category-noticias-seleccio-valenta-sub12","category-noticias-selecciones","category-noticias-valenta","category-portada","tag-campeonato-de-espana","tag-cnsa","tag-futbol","tag-madrid","tag-sub12"],"aioseo_notices":[],"_links":{"self":[{"href":"https:\/\/ffcv.es\/wp\/wp-json\/wp\/v2\/posts\/134612"}],"collection":[{"href":"https:\/\/ffcv.es\/wp\/wp-json\/wp\/v2\/posts"}],"about":[{"href":"https:\/\/ffcv.es\/wp\/wp-json\/wp\/v2\/types\/post"}],"author":[{"embeddable":true,"href":"https:\/\/ffcv.es\/wp\/wp-json\/wp\/v2\/users\/15"}],"replies":[{"embeddable":true,"href":"https:\/\/ffcv.es\/wp\/wp-json\/wp\/v2\/comments?post=134612"}],"version-history":[{"count":2,"href":"https:\/\/ffcv.es\/wp\/wp-json\/wp\/v2\/posts\/134612\/revisions"}],"predecessor-version":[{"id":134681,"href":"https:\/\/ffcv.es\/wp\/wp-json\/wp\/v2\/posts\/134612\/revisions\/134681"}],"wp:featuredmedia":[{"embeddable":true,"href":"https:\/\/ffcv.es\/wp\/wp-json\/wp\/v2\/media\/134624"}],"wp:attachment":[{"href":"https:\/\/ffcv.es\/wp\/wp-json\/wp\/v2\/media?parent=134612"}],"wp:term":[{"taxonomy":"category","embeddable":true,"href":"https:\/\/ffcv.es\/wp\/wp-json\/wp\/v2\/categories?post=134612"},{"taxonomy":"post_tag","embeddable":true,"href":"https:\/\/ffcv.es\/wp\/wp-json\/wp\/v2\/tags?post=134612"}],"curies":[{"name":"wp","href":"https:\/\/api.w.org\/{rel}","templated":true}]}}