{"id":133851,"date":"2024-02-29T13:21:46","date_gmt":"2024-02-29T11:21:46","guid":{"rendered":"https:\/\/ffcv.es\/wp\/?p=133851"},"modified":"2024-02-29T18:23:13","modified_gmt":"2024-02-29T16:23:13","slug":"benidorm-capital-valenta-programacion-de-actos-de-la-setmana-valenta-2024-del-4-al-8-de-marzo","status":"publish","type":"post","link":"https:\/\/ffcv.es\/wp\/blog\/2024\/02\/benidorm-capital-valenta-programacion-de-actos-de-la-setmana-valenta-2024-del-4-al-8-de-marzo\/","title":{"rendered":"Benidorm, capital Valenta \u2013 Programaci\u00f3n de actos de la \u2018Setmana Valenta 2024\u2019 del 4 al 8 de marzo"},"content":{"rendered":"\n<p>La <strong>Setmana Valenta 2024 <\/strong>llevar\u00e1 la promoci\u00f3n del f\u00fatbol y el f\u00fatbol sala <strong>Valenta <\/strong>por toda la <strong>Comunitat Valenciana<\/strong> para conmemorar el <strong>D\u00eda de la Mujer<\/strong> (8 de marzo).<\/p>\n\n\n\n<p>Por sexto a\u00f1o consecutivo, la <strong>Federaci\u00f3 de Futbol de la Comunitat Valenciana<\/strong> dedica esta semana a actos y acontecimientos para llevar el f\u00fatbol y futsal all\u00ed donde haga falta.<\/p>\n\n\n\n<p>Este a\u00f1o, la <strong>FFCV <\/strong>ha elegido <strong>Benidorm <\/strong>como \u00abcapital <strong>Valenta\u00bb<\/strong>, como epicentro de los actos que se realizar\u00e1n.<\/p>\n\n\n\n<p>La ciudad de la <strong>Marina Baja<\/strong> ser\u00e1 por tanto el escenario del &#8216;<strong>VI Trofeu Setmana Valenta<\/strong>, el \u00fanico del calendario en el que se puede disfrutar de ver a la <strong>Selecci\u00f3 Valenciana Valenta sub21<\/strong>.<\/p>\n\n\n\n<p><strong>CF La Nuc\u00eda <\/strong>y <strong>SPA Alicante<\/strong> comparten el cartel con la <strong>Selecci\u00f3 Valenta sub21<\/strong>.<\/p>\n\n\n\n<p>A parte de <strong>Benidorm<\/strong>, localidades como <strong>Onda<\/strong>, <strong>Alfafar <\/strong>y<strong> Val\u00e8ncia<\/strong> tambi\u00e9n ser\u00e1n sede de acontecimientos de la<strong> Setmana Valenta 202<\/strong>4.<\/p>\n\n\n\n<figure class=\"wp-block-image size-large\"><img loading=\"lazy\" decoding=\"async\" width=\"724\" height=\"1024\" data-src=\"https:\/\/ffcv.es\/wp\/wp-content\/uploads\/2024\/02\/A3-724x1024.png\" alt=\"\" class=\"wp-image-133844 lazyload\" data-srcset=\"https:\/\/ffcv.es\/wp\/wp-content\/uploads\/2024\/02\/A3-724x1024.png 724w, https:\/\/ffcv.es\/wp\/wp-content\/uploads\/2024\/02\/A3-212x300.png 212w, https:\/\/ffcv.es\/wp\/wp-content\/uploads\/2024\/02\/A3-768x1086.png 768w, https:\/\/ffcv.es\/wp\/wp-content\/uploads\/2024\/02\/A3-1086x1536.png 1086w, https:\/\/ffcv.es\/wp\/wp-content\/uploads\/2024\/02\/A3-1448x2048.png 1448w, https:\/\/ffcv.es\/wp\/wp-content\/uploads\/2024\/02\/A3-132x187.png 132w, https:\/\/ffcv.es\/wp\/wp-content\/uploads\/2024\/02\/A3-1170x1655.png 1170w, https:\/\/ffcv.es\/wp\/wp-content\/uploads\/2024\/02\/A3.png 764w\" data-sizes=\"(max-width: 724px) 100vw, 724px\" src=\"data:image\/gif;base64,R0lGODlhAQABAAAAACH5BAEKAAEALAAAAAABAAEAAAICTAEAOw==\" style=\"--smush-placeholder-width: 724px; --smush-placeholder-aspect-ratio: 724\/1024;\" \/><noscript><img loading=\"lazy\" decoding=\"async\" width=\"724\" height=\"1024\" src=\"https:\/\/ffcv.es\/wp\/wp-content\/uploads\/2024\/02\/A3-724x1024.png\" alt=\"\" class=\"wp-image-133844\" srcset=\"https:\/\/ffcv.es\/wp\/wp-content\/uploads\/2024\/02\/A3-724x1024.png 724w, https:\/\/ffcv.es\/wp\/wp-content\/uploads\/2024\/02\/A3-212x300.png 212w, https:\/\/ffcv.es\/wp\/wp-content\/uploads\/2024\/02\/A3-768x1086.png 768w, https:\/\/ffcv.es\/wp\/wp-content\/uploads\/2024\/02\/A3-1086x1536.png 1086w, https:\/\/ffcv.es\/wp\/wp-content\/uploads\/2024\/02\/A3-1448x2048.png 1448w, https:\/\/ffcv.es\/wp\/wp-content\/uploads\/2024\/02\/A3-132x187.png 132w, https:\/\/ffcv.es\/wp\/wp-content\/uploads\/2024\/02\/A3-1170x1655.png 1170w, https:\/\/ffcv.es\/wp\/wp-content\/uploads\/2024\/02\/A3.png 764w\" sizes=\"(max-width: 724px) 100vw, 724px\" \/><\/noscript><\/figure>\n\n\n\n<h2 class=\"wp-block-heading\">Actos \u2018Setmana Valenta&#8217; 2024<\/h2>\n\n\n\n<p><strong>4 marzo<\/strong><br>&#8211; Entrega de diplomas oficiales UEFA Playmakers \u2013 17:30, FB <strong>Alc\u00e0sser<\/strong> \/ 18:30, EAF Valencia <strong>Alaqu\u00e0s<\/strong>.<\/p>\n\n\n\n<p>&#8211; <a href=\"https:\/\/ffcv.es\/wp\/blog\/2024\/02\/28\/28-jugadoras-convocadas-por-maravillas-sansano-para-el-primer-entrenamiento-de-la-seleccio-valenciana-valenta-sub12-de-futbol-sala-setmana-valenta\/\">Amistoso de la <strong>Selecci\u00f3 Valenciana Valenta sub12 <\/strong>de f\u00fatbol sala <\/a>&#8211; 18:30, Pabell\u00f3n de<strong> Alfafar<\/strong><\/p>\n\n\n\n<figure class=\"wp-block-image size-large\"><img loading=\"lazy\" decoding=\"async\" width=\"1024\" height=\"683\" data-src=\"https:\/\/ffcv.es\/wp\/wp-content\/uploads\/2023\/03\/IMG_1191-2-1024x683.jpg\" alt=\"\" class=\"wp-image-115081 lazyload\" data-srcset=\"https:\/\/ffcv.es\/wp\/wp-content\/uploads\/2023\/03\/IMG_1191-2-1024x683.jpg 1024w, https:\/\/ffcv.es\/wp\/wp-content\/uploads\/2023\/03\/IMG_1191-2-300x200.jpg 300w, https:\/\/ffcv.es\/wp\/wp-content\/uploads\/2023\/03\/IMG_1191-2-768x512.jpg 768w, https:\/\/ffcv.es\/wp\/wp-content\/uploads\/2023\/03\/IMG_1191-2-1536x1024.jpg 1536w, https:\/\/ffcv.es\/wp\/wp-content\/uploads\/2023\/03\/IMG_1191-2-2048x1365.jpg 2048w, https:\/\/ffcv.es\/wp\/wp-content\/uploads\/2023\/03\/IMG_1191-2-280x187.jpg 280w, https:\/\/ffcv.es\/wp\/wp-content\/uploads\/2023\/03\/IMG_1191-2-1170x780.jpg 1170w, https:\/\/ffcv.es\/wp\/wp-content\/uploads\/2023\/03\/IMG_1191-2-scaled.jpg 1620w\" data-sizes=\"(max-width: 1024px) 100vw, 1024px\" src=\"data:image\/gif;base64,R0lGODlhAQABAAAAACH5BAEKAAEALAAAAAABAAEAAAICTAEAOw==\" style=\"--smush-placeholder-width: 1024px; --smush-placeholder-aspect-ratio: 1024\/683;\" \/><noscript><img loading=\"lazy\" decoding=\"async\" width=\"1024\" height=\"683\" src=\"https:\/\/ffcv.es\/wp\/wp-content\/uploads\/2023\/03\/IMG_1191-2-1024x683.jpg\" alt=\"\" class=\"wp-image-115081\" srcset=\"https:\/\/ffcv.es\/wp\/wp-content\/uploads\/2023\/03\/IMG_1191-2-1024x683.jpg 1024w, https:\/\/ffcv.es\/wp\/wp-content\/uploads\/2023\/03\/IMG_1191-2-300x200.jpg 300w, https:\/\/ffcv.es\/wp\/wp-content\/uploads\/2023\/03\/IMG_1191-2-768x512.jpg 768w, https:\/\/ffcv.es\/wp\/wp-content\/uploads\/2023\/03\/IMG_1191-2-1536x1024.jpg 1536w, https:\/\/ffcv.es\/wp\/wp-content\/uploads\/2023\/03\/IMG_1191-2-2048x1365.jpg 2048w, https:\/\/ffcv.es\/wp\/wp-content\/uploads\/2023\/03\/IMG_1191-2-280x187.jpg 280w, https:\/\/ffcv.es\/wp\/wp-content\/uploads\/2023\/03\/IMG_1191-2-1170x780.jpg 1170w, https:\/\/ffcv.es\/wp\/wp-content\/uploads\/2023\/03\/IMG_1191-2-scaled.jpg 1620w\" sizes=\"(max-width: 1024px) 100vw, 1024px\" \/><\/noscript><\/figure>\n\n\n\n<p><strong>5 marzo<br><\/strong>&#8211; Entrenamiento oficial de puertas abiertas de la <strong>Selecci\u00f3 Valenciana Valenta sub21 <\/strong>\u2013 18:30, Estadio Guillermo Amor de <strong>Benidorm<\/strong><br>&#8211; Sesi\u00f3n de firmas y fotos de la <strong>Selecci\u00f3 Valenciana Valenta sub21<\/strong> \u2013 19:45, Guillermo Amor de <strong>Benidorm<\/strong>.<\/p>\n\n\n\n<figure class=\"wp-block-image size-large\"><img loading=\"lazy\" decoding=\"async\" width=\"1024\" height=\"768\" data-src=\"https:\/\/ffcv.es\/wp\/wp-content\/uploads\/2024\/02\/7-mar-Sesion-firmas-Seleccio-Valenta-sub21-en-Segorbe-1024x768.jpeg\" alt=\"\" class=\"wp-image-133854 lazyload\" data-srcset=\"https:\/\/ffcv.es\/wp\/wp-content\/uploads\/2024\/02\/7-mar-Sesion-firmas-Seleccio-Valenta-sub21-en-Segorbe-1024x768.jpeg 1024w, https:\/\/ffcv.es\/wp\/wp-content\/uploads\/2024\/02\/7-mar-Sesion-firmas-Seleccio-Valenta-sub21-en-Segorbe-300x225.jpeg 300w, https:\/\/ffcv.es\/wp\/wp-content\/uploads\/2024\/02\/7-mar-Sesion-firmas-Seleccio-Valenta-sub21-en-Segorbe-768x576.jpeg 768w, https:\/\/ffcv.es\/wp\/wp-content\/uploads\/2024\/02\/7-mar-Sesion-firmas-Seleccio-Valenta-sub21-en-Segorbe-1536x1152.jpeg 1536w, https:\/\/ffcv.es\/wp\/wp-content\/uploads\/2024\/02\/7-mar-Sesion-firmas-Seleccio-Valenta-sub21-en-Segorbe-249x187.jpeg 249w, https:\/\/ffcv.es\/wp\/wp-content\/uploads\/2024\/02\/7-mar-Sesion-firmas-Seleccio-Valenta-sub21-en-Segorbe-1170x878.jpeg 1170w, https:\/\/ffcv.es\/wp\/wp-content\/uploads\/2024\/02\/7-mar-Sesion-firmas-Seleccio-Valenta-sub21-en-Segorbe-scaled.jpeg 1440w\" data-sizes=\"(max-width: 1024px) 100vw, 1024px\" src=\"data:image\/gif;base64,R0lGODlhAQABAAAAACH5BAEKAAEALAAAAAABAAEAAAICTAEAOw==\" style=\"--smush-placeholder-width: 1024px; --smush-placeholder-aspect-ratio: 1024\/768;\" \/><noscript><img loading=\"lazy\" decoding=\"async\" width=\"1024\" height=\"768\" src=\"https:\/\/ffcv.es\/wp\/wp-content\/uploads\/2024\/02\/7-mar-Sesion-firmas-Seleccio-Valenta-sub21-en-Segorbe-1024x768.jpeg\" alt=\"\" class=\"wp-image-133854\" srcset=\"https:\/\/ffcv.es\/wp\/wp-content\/uploads\/2024\/02\/7-mar-Sesion-firmas-Seleccio-Valenta-sub21-en-Segorbe-1024x768.jpeg 1024w, https:\/\/ffcv.es\/wp\/wp-content\/uploads\/2024\/02\/7-mar-Sesion-firmas-Seleccio-Valenta-sub21-en-Segorbe-300x225.jpeg 300w, https:\/\/ffcv.es\/wp\/wp-content\/uploads\/2024\/02\/7-mar-Sesion-firmas-Seleccio-Valenta-sub21-en-Segorbe-768x576.jpeg 768w, https:\/\/ffcv.es\/wp\/wp-content\/uploads\/2024\/02\/7-mar-Sesion-firmas-Seleccio-Valenta-sub21-en-Segorbe-1536x1152.jpeg 1536w, https:\/\/ffcv.es\/wp\/wp-content\/uploads\/2024\/02\/7-mar-Sesion-firmas-Seleccio-Valenta-sub21-en-Segorbe-249x187.jpeg 249w, https:\/\/ffcv.es\/wp\/wp-content\/uploads\/2024\/02\/7-mar-Sesion-firmas-Seleccio-Valenta-sub21-en-Segorbe-1170x878.jpeg 1170w, https:\/\/ffcv.es\/wp\/wp-content\/uploads\/2024\/02\/7-mar-Sesion-firmas-Seleccio-Valenta-sub21-en-Segorbe-scaled.jpeg 1440w\" sizes=\"(max-width: 1024px) 100vw, 1024px\" \/><\/noscript><\/figure>\n\n\n\n<p><strong>6 marzo<br><\/strong>&#8211; \u2018Valenta visita el teu col\u00b7le\u2019 \u2013 11:00 en Ajuntament de <strong>Benidorm<\/strong>.<\/p>\n\n\n\n<figure class=\"wp-block-image size-large\"><img loading=\"lazy\" decoding=\"async\" width=\"1024\" height=\"683\" data-src=\"https:\/\/ffcv.es\/wp\/wp-content\/uploads\/2022\/03\/IMG_5288-2-1024x683.jpg\" alt=\"\" class=\"wp-image-82033 lazyload\" data-srcset=\"https:\/\/ffcv.es\/wp\/wp-content\/uploads\/2022\/03\/IMG_5288-2-1024x683.jpg 1024w, https:\/\/ffcv.es\/wp\/wp-content\/uploads\/2022\/03\/IMG_5288-2-300x200.jpg 300w, https:\/\/ffcv.es\/wp\/wp-content\/uploads\/2022\/03\/IMG_5288-2-768x512.jpg 768w, https:\/\/ffcv.es\/wp\/wp-content\/uploads\/2022\/03\/IMG_5288-2-1536x1024.jpg 1536w, https:\/\/ffcv.es\/wp\/wp-content\/uploads\/2022\/03\/IMG_5288-2-2048x1365.jpg 2048w, https:\/\/ffcv.es\/wp\/wp-content\/uploads\/2022\/03\/IMG_5288-2-280x187.jpg 280w, https:\/\/ffcv.es\/wp\/wp-content\/uploads\/2022\/03\/IMG_5288-2-1170x780.jpg 1170w, https:\/\/ffcv.es\/wp\/wp-content\/uploads\/2022\/03\/IMG_5288-2-scaled.jpg 1620w\" data-sizes=\"(max-width: 1024px) 100vw, 1024px\" src=\"data:image\/gif;base64,R0lGODlhAQABAAAAACH5BAEKAAEALAAAAAABAAEAAAICTAEAOw==\" style=\"--smush-placeholder-width: 1024px; --smush-placeholder-aspect-ratio: 1024\/683;\" \/><noscript><img loading=\"lazy\" decoding=\"async\" width=\"1024\" height=\"683\" src=\"https:\/\/ffcv.es\/wp\/wp-content\/uploads\/2022\/03\/IMG_5288-2-1024x683.jpg\" alt=\"\" class=\"wp-image-82033\" srcset=\"https:\/\/ffcv.es\/wp\/wp-content\/uploads\/2022\/03\/IMG_5288-2-1024x683.jpg 1024w, https:\/\/ffcv.es\/wp\/wp-content\/uploads\/2022\/03\/IMG_5288-2-300x200.jpg 300w, https:\/\/ffcv.es\/wp\/wp-content\/uploads\/2022\/03\/IMG_5288-2-768x512.jpg 768w, https:\/\/ffcv.es\/wp\/wp-content\/uploads\/2022\/03\/IMG_5288-2-1536x1024.jpg 1536w, https:\/\/ffcv.es\/wp\/wp-content\/uploads\/2022\/03\/IMG_5288-2-2048x1365.jpg 2048w, https:\/\/ffcv.es\/wp\/wp-content\/uploads\/2022\/03\/IMG_5288-2-280x187.jpg 280w, https:\/\/ffcv.es\/wp\/wp-content\/uploads\/2022\/03\/IMG_5288-2-1170x780.jpg 1170w, https:\/\/ffcv.es\/wp\/wp-content\/uploads\/2022\/03\/IMG_5288-2-scaled.jpg 1620w\" sizes=\"(max-width: 1024px) 100vw, 1024px\" \/><\/noscript><\/figure>\n\n\n\n<p>&#8211; <a href=\"https:\/\/ffcv.es\/wp\/blog\/2024\/02\/29\/la-seleccio-valenciana-valenta-sub21-disputara-el-v-triangular-setmana-valenta-contra-cf-la-nucia-y-spa-alicante-convocatoria-oficial\/\">V Trofeu Setmana Valenta (<strong>Selecci\u00f3 sub21<\/strong> vs <strong>La Nuc\u00eda CF<\/strong> vs <strong>SPA Alicante<\/strong>)<\/a> &#8211; 17:00 Guillermo Amor de <strong>Benidorm<\/strong>.<\/p>\n\n\n\n<figure class=\"wp-block-image size-large\"><img loading=\"lazy\" decoding=\"async\" width=\"1024\" height=\"682\" data-src=\"https:\/\/ffcv.es\/wp\/wp-content\/uploads\/2023\/03\/WhatsApp-Image-2023-03-08-at-5.40.13-PM-1024x682.jpeg\" alt=\"\" class=\"wp-image-115098 lazyload\" data-srcset=\"https:\/\/ffcv.es\/wp\/wp-content\/uploads\/2023\/03\/WhatsApp-Image-2023-03-08-at-5.40.13-PM-1024x682.jpeg 1024w, https:\/\/ffcv.es\/wp\/wp-content\/uploads\/2023\/03\/WhatsApp-Image-2023-03-08-at-5.40.13-PM-300x200.jpeg 300w, https:\/\/ffcv.es\/wp\/wp-content\/uploads\/2023\/03\/WhatsApp-Image-2023-03-08-at-5.40.13-PM-768x512.jpeg 768w, https:\/\/ffcv.es\/wp\/wp-content\/uploads\/2023\/03\/WhatsApp-Image-2023-03-08-at-5.40.13-PM-1536x1023.jpeg 1536w, https:\/\/ffcv.es\/wp\/wp-content\/uploads\/2023\/03\/WhatsApp-Image-2023-03-08-at-5.40.13-PM-280x187.jpeg 280w, https:\/\/ffcv.es\/wp\/wp-content\/uploads\/2023\/03\/WhatsApp-Image-2023-03-08-at-5.40.13-PM-1170x780.jpeg 1170w, https:\/\/ffcv.es\/wp\/wp-content\/uploads\/2023\/03\/WhatsApp-Image-2023-03-08-at-5.40.13-PM.jpeg 1600w\" data-sizes=\"(max-width: 1024px) 100vw, 1024px\" src=\"data:image\/gif;base64,R0lGODlhAQABAAAAACH5BAEKAAEALAAAAAABAAEAAAICTAEAOw==\" style=\"--smush-placeholder-width: 1024px; --smush-placeholder-aspect-ratio: 1024\/682;\" \/><noscript><img loading=\"lazy\" decoding=\"async\" width=\"1024\" height=\"682\" src=\"https:\/\/ffcv.es\/wp\/wp-content\/uploads\/2023\/03\/WhatsApp-Image-2023-03-08-at-5.40.13-PM-1024x682.jpeg\" alt=\"\" class=\"wp-image-115098\" srcset=\"https:\/\/ffcv.es\/wp\/wp-content\/uploads\/2023\/03\/WhatsApp-Image-2023-03-08-at-5.40.13-PM-1024x682.jpeg 1024w, https:\/\/ffcv.es\/wp\/wp-content\/uploads\/2023\/03\/WhatsApp-Image-2023-03-08-at-5.40.13-PM-300x200.jpeg 300w, https:\/\/ffcv.es\/wp\/wp-content\/uploads\/2023\/03\/WhatsApp-Image-2023-03-08-at-5.40.13-PM-768x512.jpeg 768w, https:\/\/ffcv.es\/wp\/wp-content\/uploads\/2023\/03\/WhatsApp-Image-2023-03-08-at-5.40.13-PM-1536x1023.jpeg 1536w, https:\/\/ffcv.es\/wp\/wp-content\/uploads\/2023\/03\/WhatsApp-Image-2023-03-08-at-5.40.13-PM-280x187.jpeg 280w, https:\/\/ffcv.es\/wp\/wp-content\/uploads\/2023\/03\/WhatsApp-Image-2023-03-08-at-5.40.13-PM-1170x780.jpeg 1170w, https:\/\/ffcv.es\/wp\/wp-content\/uploads\/2023\/03\/WhatsApp-Image-2023-03-08-at-5.40.13-PM.jpeg 1600w\" sizes=\"(max-width: 1024px) 100vw, 1024px\" \/><\/noscript><\/figure>\n\n\n\n<p><strong>7 marzo<br><\/strong>&#8211; Partido <a href=\"https:\/\/ffcv.es\/wp\/blog\/2024\/02\/28\/convocatoria-amistoso-de-la-seleccio-valenciana-valenta-sub12-de-futbol-ante-el-ce-vila-donda\/\">amistoso de la <strong>Selecci\u00f3 Valenciana Valenta sub12 <\/strong>vs <strong>CE Vila d&#8217;Onda<\/strong> <\/a>\u2013 17:00 Municipal Ol\u00edmpic de <strong>Onda<\/strong><\/p>\n\n\n\n<p>&#8211; <a href=\"https:\/\/ffcv.es\/wp\/blog\/2024\/02\/29\/convocatoria-tecnificacion-infantil-valenta-de-la-provincia-de-castellon-en-onda-el-7-de-marzo\/\">Tecnificaci\u00f3 provincial infantil<\/a> \u2013 <strong>Onda<\/strong><\/p>\n\n\n\n<figure class=\"wp-block-image size-large\"><img loading=\"lazy\" decoding=\"async\" width=\"1024\" height=\"683\" data-src=\"https:\/\/ffcv.es\/wp\/wp-content\/uploads\/2024\/02\/30-nov-Tecnificacion-infantil-Valenta-en-Soneja-1024x683.jpeg\" alt=\"\" class=\"wp-image-133837 lazyload\" data-srcset=\"https:\/\/ffcv.es\/wp\/wp-content\/uploads\/2024\/02\/30-nov-Tecnificacion-infantil-Valenta-en-Soneja-1024x683.jpeg 1024w, https:\/\/ffcv.es\/wp\/wp-content\/uploads\/2024\/02\/30-nov-Tecnificacion-infantil-Valenta-en-Soneja-300x200.jpeg 300w, https:\/\/ffcv.es\/wp\/wp-content\/uploads\/2024\/02\/30-nov-Tecnificacion-infantil-Valenta-en-Soneja-768x512.jpeg 768w, https:\/\/ffcv.es\/wp\/wp-content\/uploads\/2024\/02\/30-nov-Tecnificacion-infantil-Valenta-en-Soneja-1536x1024.jpeg 1536w, https:\/\/ffcv.es\/wp\/wp-content\/uploads\/2024\/02\/30-nov-Tecnificacion-infantil-Valenta-en-Soneja-2048x1365.jpeg 2048w, https:\/\/ffcv.es\/wp\/wp-content\/uploads\/2024\/02\/30-nov-Tecnificacion-infantil-Valenta-en-Soneja-280x187.jpeg 280w, https:\/\/ffcv.es\/wp\/wp-content\/uploads\/2024\/02\/30-nov-Tecnificacion-infantil-Valenta-en-Soneja-1170x780.jpeg 1170w, https:\/\/ffcv.es\/wp\/wp-content\/uploads\/2024\/02\/30-nov-Tecnificacion-infantil-Valenta-en-Soneja-scaled.jpeg 1620w\" data-sizes=\"(max-width: 1024px) 100vw, 1024px\" src=\"data:image\/gif;base64,R0lGODlhAQABAAAAACH5BAEKAAEALAAAAAABAAEAAAICTAEAOw==\" style=\"--smush-placeholder-width: 1024px; --smush-placeholder-aspect-ratio: 1024\/683;\" \/><noscript><img loading=\"lazy\" decoding=\"async\" width=\"1024\" height=\"683\" src=\"https:\/\/ffcv.es\/wp\/wp-content\/uploads\/2024\/02\/30-nov-Tecnificacion-infantil-Valenta-en-Soneja-1024x683.jpeg\" alt=\"\" class=\"wp-image-133837\" srcset=\"https:\/\/ffcv.es\/wp\/wp-content\/uploads\/2024\/02\/30-nov-Tecnificacion-infantil-Valenta-en-Soneja-1024x683.jpeg 1024w, https:\/\/ffcv.es\/wp\/wp-content\/uploads\/2024\/02\/30-nov-Tecnificacion-infantil-Valenta-en-Soneja-300x200.jpeg 300w, https:\/\/ffcv.es\/wp\/wp-content\/uploads\/2024\/02\/30-nov-Tecnificacion-infantil-Valenta-en-Soneja-768x512.jpeg 768w, https:\/\/ffcv.es\/wp\/wp-content\/uploads\/2024\/02\/30-nov-Tecnificacion-infantil-Valenta-en-Soneja-1536x1024.jpeg 1536w, https:\/\/ffcv.es\/wp\/wp-content\/uploads\/2024\/02\/30-nov-Tecnificacion-infantil-Valenta-en-Soneja-2048x1365.jpeg 2048w, https:\/\/ffcv.es\/wp\/wp-content\/uploads\/2024\/02\/30-nov-Tecnificacion-infantil-Valenta-en-Soneja-280x187.jpeg 280w, https:\/\/ffcv.es\/wp\/wp-content\/uploads\/2024\/02\/30-nov-Tecnificacion-infantil-Valenta-en-Soneja-1170x780.jpeg 1170w, https:\/\/ffcv.es\/wp\/wp-content\/uploads\/2024\/02\/30-nov-Tecnificacion-infantil-Valenta-en-Soneja-scaled.jpeg 1620w\" sizes=\"(max-width: 1024px) 100vw, 1024px\" \/><\/noscript><\/figure>\n\n\n\n<p><strong>8 marzo<\/strong><\/p>\n\n\n\n<p>Partido de \u2018<strong>Estrellas Valenta<\/strong>\u2019 \u2013 20:00 Poliesportiu Dr. Lluch de <strong>Val\u00e8ncia<\/strong>.<\/p>\n\n\n\n<figure class=\"wp-block-image size-large\"><img loading=\"lazy\" decoding=\"async\" width=\"1024\" height=\"771\" data-src=\"https:\/\/ffcv.es\/wp\/wp-content\/uploads\/2024\/02\/10-mar-2022-Partit-de-les-estreles-setmana-valenta-1024x771.jpeg\" alt=\"\" class=\"wp-image-133853 lazyload\" data-srcset=\"https:\/\/ffcv.es\/wp\/wp-content\/uploads\/2024\/02\/10-mar-2022-Partit-de-les-estreles-setmana-valenta-1024x771.jpeg 1024w, https:\/\/ffcv.es\/wp\/wp-content\/uploads\/2024\/02\/10-mar-2022-Partit-de-les-estreles-setmana-valenta-300x226.jpeg 300w, https:\/\/ffcv.es\/wp\/wp-content\/uploads\/2024\/02\/10-mar-2022-Partit-de-les-estreles-setmana-valenta-768x578.jpeg 768w, https:\/\/ffcv.es\/wp\/wp-content\/uploads\/2024\/02\/10-mar-2022-Partit-de-les-estreles-setmana-valenta-1536x1157.jpeg 1536w, https:\/\/ffcv.es\/wp\/wp-content\/uploads\/2024\/02\/10-mar-2022-Partit-de-les-estreles-setmana-valenta-2048x1542.jpeg 2048w, https:\/\/ffcv.es\/wp\/wp-content\/uploads\/2024\/02\/10-mar-2022-Partit-de-les-estreles-setmana-valenta-248x187.jpeg 248w, https:\/\/ffcv.es\/wp\/wp-content\/uploads\/2024\/02\/10-mar-2022-Partit-de-les-estreles-setmana-valenta-1170x881.jpeg 1170w, https:\/\/ffcv.es\/wp\/wp-content\/uploads\/2024\/02\/10-mar-2022-Partit-de-les-estreles-setmana-valenta-scaled.jpeg 1920w\" data-sizes=\"(max-width: 1024px) 100vw, 1024px\" src=\"data:image\/gif;base64,R0lGODlhAQABAAAAACH5BAEKAAEALAAAAAABAAEAAAICTAEAOw==\" style=\"--smush-placeholder-width: 1024px; --smush-placeholder-aspect-ratio: 1024\/771;\" \/><noscript><img loading=\"lazy\" decoding=\"async\" width=\"1024\" height=\"771\" src=\"https:\/\/ffcv.es\/wp\/wp-content\/uploads\/2024\/02\/10-mar-2022-Partit-de-les-estreles-setmana-valenta-1024x771.jpeg\" alt=\"\" class=\"wp-image-133853\" srcset=\"https:\/\/ffcv.es\/wp\/wp-content\/uploads\/2024\/02\/10-mar-2022-Partit-de-les-estreles-setmana-valenta-1024x771.jpeg 1024w, https:\/\/ffcv.es\/wp\/wp-content\/uploads\/2024\/02\/10-mar-2022-Partit-de-les-estreles-setmana-valenta-300x226.jpeg 300w, https:\/\/ffcv.es\/wp\/wp-content\/uploads\/2024\/02\/10-mar-2022-Partit-de-les-estreles-setmana-valenta-768x578.jpeg 768w, https:\/\/ffcv.es\/wp\/wp-content\/uploads\/2024\/02\/10-mar-2022-Partit-de-les-estreles-setmana-valenta-1536x1157.jpeg 1536w, https:\/\/ffcv.es\/wp\/wp-content\/uploads\/2024\/02\/10-mar-2022-Partit-de-les-estreles-setmana-valenta-2048x1542.jpeg 2048w, https:\/\/ffcv.es\/wp\/wp-content\/uploads\/2024\/02\/10-mar-2022-Partit-de-les-estreles-setmana-valenta-248x187.jpeg 248w, https:\/\/ffcv.es\/wp\/wp-content\/uploads\/2024\/02\/10-mar-2022-Partit-de-les-estreles-setmana-valenta-1170x881.jpeg 1170w, https:\/\/ffcv.es\/wp\/wp-content\/uploads\/2024\/02\/10-mar-2022-Partit-de-les-estreles-setmana-valenta-scaled.jpeg 1920w\" sizes=\"(max-width: 1024px) 100vw, 1024px\" \/><\/noscript><\/figure>\n","protected":false},"excerpt":{"rendered":"<p>La Setmana Valenta 2024 llevar\u00e1 la promoci\u00f3n del f\u00fatbol y el f\u00fatbol sala Valenta por toda la Comunitat Valenciana para conmemorar el D\u00eda de la Mujer (8 de marzo). Por sexto a\u00f1o consecutivo, la Federaci\u00f3 de Futbol de la Comunitat Valenciana dedica esta semana a actos y acontecimientos para llevar el f\u00fatbol y futsal all\u00ed<\/p>\n","protected":false},"author":16,"featured_media":133849,"comment_status":"closed","ping_status":"closed","sticky":false,"template":"","format":"standard","meta":{"om_disable_all_campaigns":false,"footnotes":""},"categories":[16,3436,69,1177,1282],"tags":[124,7101,1238,1124],"class_list":["post-133851","post","type-post","status-publish","format-standard","has-post-thumbnail","hentry","category-actualidad","category-noticias-seleccio-valenta-sub21","category-noticias-ffcv","category-noticias-valenta","category-portada","tag-femenino","tag-programacion","tag-setmana-valenta","tag-valenta"],"aioseo_notices":[],"_links":{"self":[{"href":"https:\/\/ffcv.es\/wp\/wp-json\/wp\/v2\/posts\/133851"}],"collection":[{"href":"https:\/\/ffcv.es\/wp\/wp-json\/wp\/v2\/posts"}],"about":[{"href":"https:\/\/ffcv.es\/wp\/wp-json\/wp\/v2\/types\/post"}],"author":[{"embeddable":true,"href":"https:\/\/ffcv.es\/wp\/wp-json\/wp\/v2\/users\/16"}],"replies":[{"embeddable":true,"href":"https:\/\/ffcv.es\/wp\/wp-json\/wp\/v2\/comments?post=133851"}],"version-history":[{"count":4,"href":"https:\/\/ffcv.es\/wp\/wp-json\/wp\/v2\/posts\/133851\/revisions"}],"predecessor-version":[{"id":133867,"href":"https:\/\/ffcv.es\/wp\/wp-json\/wp\/v2\/posts\/133851\/revisions\/133867"}],"wp:featuredmedia":[{"embeddable":true,"href":"https:\/\/ffcv.es\/wp\/wp-json\/wp\/v2\/media\/133849"}],"wp:attachment":[{"href":"https:\/\/ffcv.es\/wp\/wp-json\/wp\/v2\/media?parent=133851"}],"wp:term":[{"taxonomy":"category","embeddable":true,"href":"https:\/\/ffcv.es\/wp\/wp-json\/wp\/v2\/categories?post=133851"},{"taxonomy":"post_tag","embeddable":true,"href":"https:\/\/ffcv.es\/wp\/wp-json\/wp\/v2\/tags?post=133851"}],"curies":[{"name":"wp","href":"https:\/\/api.w.org\/{rel}","templated":true}]}}