{"id":132750,"date":"2024-02-06T13:00:35","date_gmt":"2024-02-06T11:00:35","guid":{"rendered":"https:\/\/ffcv.es\/wp\/?p=132750"},"modified":"2024-02-06T13:00:37","modified_gmt":"2024-02-06T11:00:37","slug":"convocatoria-amistoso-de-la-seleccio-valenciana-valenta-sub12-de-futbol-ante-el-cf-foietes-en-benidorm","status":"publish","type":"post","link":"https:\/\/ffcv.es\/wp\/blog\/2024\/02\/convocatoria-amistoso-de-la-seleccio-valenciana-valenta-sub12-de-futbol-ante-el-cf-foietes-en-benidorm\/","title":{"rendered":"CONVOCATORIA:  Amistoso de la Selecci\u00f3 Valenciana Valenta sub12 de f\u00fatbol ante el CF Foietes en Benidorm"},"content":{"rendered":"\n<p>La&nbsp;<strong>Federaci\u00f3 de Futbol de la Comunitat Valenciana<\/strong>&nbsp;ha hecho p\u00fablica la lista de jugadoras convocadas para el pr\u00f3ximo amistoso de la&nbsp;<strong>Selecci\u00f3 Valenciana Valenta sub12&nbsp;<\/strong>de f\u00fatbol.<\/p>\n\n\n\n<p>La seleccionadora\u00a0<strong>Ana G\u00f3mez<\/strong>\u00a0ha convocado a 14 jugadoras para el amistoso ante el alev\u00edn masculino del<strong> CF Foietes de Benidorm<\/strong> el pr\u00f3ximo martes 13 de febrero.<\/p>\n\n\n\n<p>El partido se disputar\u00e1 en la Ciudad Deportiva &#8216;Guillermo Amor&#8217; de <strong>Benidorm<\/strong> a las 18:00 horas.<\/p>\n\n\n\n<div data-wp-interactive=\"core\/file\" class=\"wp-block-file\"><object data-wp-bind--hidden=\"!state.hasPdfPreview\"  class=\"wp-block-file__embed\" data=\"https:\/\/ffcv.es\/wp\/wp-content\/uploads\/2024\/02\/CONV.-SUB-12-VALENTA-BENIDORM.pdf\" type=\"application\/pdf\" style=\"width:100%;height:600px\" aria-label=\"Incrustado de CONV.-SUB-12-VALENTA-BENIDORM.\"><\/object><a id=\"wp-block-file--media-e8e61e34-1a86-49d6-bb8a-7622acfff693\" href=\"https:\/\/ffcv.es\/wp\/wp-content\/uploads\/2024\/02\/CONV.-SUB-12-VALENTA-BENIDORM.pdf\">CONV.-SUB-12-VALENTA-BENIDORM<\/a><a href=\"https:\/\/ffcv.es\/wp\/wp-content\/uploads\/2024\/02\/CONV.-SUB-12-VALENTA-BENIDORM.pdf\" class=\"wp-block-file__button wp-element-button\" download aria-describedby=\"wp-block-file--media-e8e61e34-1a86-49d6-bb8a-7622acfff693\">Descarga<\/a><\/div>\n\n\n\n<p>La <strong>Selecci\u00f3 Valenta sub12 <\/strong>prepara el <strong>Campeonato de Espa\u00f1a<\/strong> del pr\u00f3ximo mes de marzo con amistosos como los disputados ante el <strong>At. del Turia<\/strong> y el <strong>Almussafes CF<\/strong>.<\/p>\n\n\n\n<figure class=\"wp-block-image size-large\"><img loading=\"lazy\" decoding=\"async\" width=\"1024\" height=\"571\" data-src=\"https:\/\/ffcv.es\/wp\/wp-content\/uploads\/2024\/01\/IMG_5213-1024x571.jpg\" alt=\"\" class=\"wp-image-132337 lazyload\" data-srcset=\"https:\/\/ffcv.es\/wp\/wp-content\/uploads\/2024\/01\/IMG_5213-1024x571.jpg 1024w, https:\/\/ffcv.es\/wp\/wp-content\/uploads\/2024\/01\/IMG_5213-300x167.jpg 300w, https:\/\/ffcv.es\/wp\/wp-content\/uploads\/2024\/01\/IMG_5213-768x428.jpg 768w, https:\/\/ffcv.es\/wp\/wp-content\/uploads\/2024\/01\/IMG_5213-1536x856.jpg 1536w, https:\/\/ffcv.es\/wp\/wp-content\/uploads\/2024\/01\/IMG_5213-2048x1141.jpg 2048w, https:\/\/ffcv.es\/wp\/wp-content\/uploads\/2024\/01\/IMG_5213-280x156.jpg 280w, https:\/\/ffcv.es\/wp\/wp-content\/uploads\/2024\/01\/IMG_5213-1170x652.jpg 1170w, https:\/\/ffcv.es\/wp\/wp-content\/uploads\/2024\/01\/IMG_5213-scaled.jpg 1920w\" data-sizes=\"(max-width: 1024px) 100vw, 1024px\" src=\"data:image\/gif;base64,R0lGODlhAQABAAAAACH5BAEKAAEALAAAAAABAAEAAAICTAEAOw==\" style=\"--smush-placeholder-width: 1024px; --smush-placeholder-aspect-ratio: 1024\/571;\" \/><noscript><img loading=\"lazy\" decoding=\"async\" width=\"1024\" height=\"571\" src=\"https:\/\/ffcv.es\/wp\/wp-content\/uploads\/2024\/01\/IMG_5213-1024x571.jpg\" alt=\"\" class=\"wp-image-132337\" srcset=\"https:\/\/ffcv.es\/wp\/wp-content\/uploads\/2024\/01\/IMG_5213-1024x571.jpg 1024w, https:\/\/ffcv.es\/wp\/wp-content\/uploads\/2024\/01\/IMG_5213-300x167.jpg 300w, https:\/\/ffcv.es\/wp\/wp-content\/uploads\/2024\/01\/IMG_5213-768x428.jpg 768w, https:\/\/ffcv.es\/wp\/wp-content\/uploads\/2024\/01\/IMG_5213-1536x856.jpg 1536w, https:\/\/ffcv.es\/wp\/wp-content\/uploads\/2024\/01\/IMG_5213-2048x1141.jpg 2048w, https:\/\/ffcv.es\/wp\/wp-content\/uploads\/2024\/01\/IMG_5213-280x156.jpg 280w, https:\/\/ffcv.es\/wp\/wp-content\/uploads\/2024\/01\/IMG_5213-1170x652.jpg 1170w, https:\/\/ffcv.es\/wp\/wp-content\/uploads\/2024\/01\/IMG_5213-scaled.jpg 1920w\" sizes=\"(max-width: 1024px) 100vw, 1024px\" \/><\/noscript><figcaption class=\"wp-element-caption\">Amistoso entre la Selecci\u00f3 Valenta sub12 y el At. del Turia celebrado en Picassent el 23 de enero.<\/figcaption><\/figure>\n","protected":false},"excerpt":{"rendered":"<p>La&nbsp;Federaci\u00f3 de Futbol de la Comunitat Valenciana&nbsp;ha hecho p\u00fablica la lista de jugadoras convocadas para el pr\u00f3ximo amistoso de la&nbsp;Selecci\u00f3 Valenciana Valenta sub12&nbsp;de f\u00fatbol. La seleccionadora\u00a0Ana G\u00f3mez\u00a0ha convocado a 14 jugadoras para el amistoso ante el alev\u00edn masculino del CF Foietes de Benidorm el pr\u00f3ximo martes 13 de febrero. El partido se disputar\u00e1 en la<\/p>\n","protected":false},"author":16,"featured_media":132756,"comment_status":"closed","ping_status":"closed","sticky":false,"template":"","format":"standard","meta":{"om_disable_all_campaigns":false,"footnotes":""},"categories":[3442],"tags":[663,7038,102,6471],"class_list":["post-132750","post","type-post","status-publish","format-standard","has-post-thumbnail","hentry","category-noticias-seleccio-valenta-sub12","tag-amistosos","tag-cf-foietes","tag-convocatoria","tag-seleccio-valenciana-valenta-sub12"],"aioseo_notices":[],"_links":{"self":[{"href":"https:\/\/ffcv.es\/wp\/wp-json\/wp\/v2\/posts\/132750"}],"collection":[{"href":"https:\/\/ffcv.es\/wp\/wp-json\/wp\/v2\/posts"}],"about":[{"href":"https:\/\/ffcv.es\/wp\/wp-json\/wp\/v2\/types\/post"}],"author":[{"embeddable":true,"href":"https:\/\/ffcv.es\/wp\/wp-json\/wp\/v2\/users\/16"}],"replies":[{"embeddable":true,"href":"https:\/\/ffcv.es\/wp\/wp-json\/wp\/v2\/comments?post=132750"}],"version-history":[{"count":1,"href":"https:\/\/ffcv.es\/wp\/wp-json\/wp\/v2\/posts\/132750\/revisions"}],"predecessor-version":[{"id":132757,"href":"https:\/\/ffcv.es\/wp\/wp-json\/wp\/v2\/posts\/132750\/revisions\/132757"}],"wp:featuredmedia":[{"embeddable":true,"href":"https:\/\/ffcv.es\/wp\/wp-json\/wp\/v2\/media\/132756"}],"wp:attachment":[{"href":"https:\/\/ffcv.es\/wp\/wp-json\/wp\/v2\/media?parent=132750"}],"wp:term":[{"taxonomy":"category","embeddable":true,"href":"https:\/\/ffcv.es\/wp\/wp-json\/wp\/v2\/categories?post=132750"},{"taxonomy":"post_tag","embeddable":true,"href":"https:\/\/ffcv.es\/wp\/wp-json\/wp\/v2\/tags?post=132750"}],"curies":[{"name":"wp","href":"https:\/\/api.w.org\/{rel}","templated":true}]}}