{"id":132344,"date":"2024-02-01T14:24:55","date_gmt":"2024-02-01T12:24:55","guid":{"rendered":"https:\/\/ffcv.es\/wp\/?p=132344"},"modified":"2024-02-01T14:24:57","modified_gmt":"2024-02-01T12:24:57","slug":"la-ffcv-renueva-su-acuerdo-de-colaboracion-con-realturf-la-mayor-empresa-de-cesped-artificial-de-la-comunitat-valenciana","status":"publish","type":"post","link":"https:\/\/ffcv.es\/wp\/blog\/2024\/02\/la-ffcv-renueva-su-acuerdo-de-colaboracion-con-realturf-la-mayor-empresa-de-cesped-artificial-de-la-comunitat-valenciana\/","title":{"rendered":"La FFCV renueva su acuerdo de colaboraci\u00f3n con Realturf, la mayor empresa de c\u00e9sped artificial de la Comunitat Valenciana"},"content":{"rendered":"\n<p>La <strong>FFCV<\/strong> ha renovado su acuerdo de colaboraci\u00f3n con <strong>Realturf<\/strong>, la mayor empresa de c\u00e9sped artificial de la <strong>Comunitat Valenciana<\/strong> y una de las punteras en <strong>Espa\u00f1a<\/strong>. Las dos entidades seguir\u00e1n vinculadas en 2024 al igual que ya sucedi\u00f3 en 2023.<\/p>\n\n\n\n<p>La empresa, l\u00edder en el sector y con m\u00e1s de 20 a\u00f1os de experiencia, es una de las referentes del mercado internacional y est\u00e1 ubicada en&nbsp;<strong>Alicante<\/strong>. <\/p>\n\n\n\n<p>Adem\u00e1s,\u00a0<strong>Realturf<\/strong>\u00a0es la primera empresa licenciataria\u00a0<strong>FIFA<\/strong>\u00a0de origen espa\u00f1ol.<\/p>\n\n\n\n<figure class=\"wp-block-embed is-type-video is-provider-youtube wp-block-embed-youtube wp-embed-aspect-16-9 wp-has-aspect-ratio\"><div class=\"wp-block-embed__wrapper\">\n<iframe loading=\"lazy\" title=\"Firma del acuerdo entre la FFCV y Realturf\" width=\"500\" height=\"281\" data-src=\"https:\/\/www.youtube.com\/embed\/AxwyqVuQMq0?feature=oembed\" frameborder=\"0\" allow=\"accelerometer; autoplay; clipboard-write; encrypted-media; gyroscope; picture-in-picture; web-share\" referrerpolicy=\"strict-origin-when-cross-origin\" allowfullscreen src=\"data:image\/gif;base64,R0lGODlhAQABAAAAACH5BAEKAAEALAAAAAABAAEAAAICTAEAOw==\" class=\"lazyload\" data-load-mode=\"1\"><\/iframe>\n<\/div><figcaption class=\"wp-element-caption\">Firma del acuerdo en el Camp de Futbol &#8216;El Morer&#8217; de Oliva.<\/figcaption><\/figure>\n\n\n\n<p><strong>Juan Antonio Rodr\u00edguez<\/strong>, director ejecutivo de la empresa, y&nbsp;<strong>Rub\u00e9n Mart\u00edn<\/strong>, asesor t\u00e9cnico, acudieron a la firma por parte de&nbsp;<strong>Realturf<\/strong>.&nbsp;<\/p>\n\n\n\n<p><strong>Salva Gomar<\/strong>, presidente, y&nbsp;<strong>C\u00e9sar Calatayud<\/strong>, secretario general, estuvieron presentes por parte de la&nbsp;<strong>FFCV<\/strong>.<\/p>\n\n\n\n<h2 class=\"wp-block-heading\">Nuevo c\u00e9sped Realturf en Oliva<\/h2>\n\n\n\n<p><strong>Realturf<\/strong>, adem\u00e1s, ha instalado el nuevo c\u00e9sped artificial del estadio <strong>El Morer <\/strong>de <strong>Oliva<\/strong>, propiedad de la <strong>RFEF<\/strong>.<\/p>\n\n\n\n<p>All\u00ed, la empresa de <strong>Alicante<\/strong> ha ubicado su c\u00e9sped artificial <strong>Realturf Xtreme 60<\/strong>, uno de los m\u00e1s punteros de su amplio cat\u00e1logo y homologado por la <strong>FIFA<\/strong>.<\/p>\n\n\n\n<p>Adem\u00e1s, ha sustituido el hasta ahora habitual caucho por corcho natural. La <strong>FFCV<\/strong> ha apostado por este relleno para <strong>El Morer <\/strong>pese a su mayor coste econ\u00f3mico para buscar una mayor sostenibilidad y compromiso con el medio ambiente de la nueva instalaci\u00f3n.<\/p>\n\n\n\n<figure class=\"wp-block-gallery has-nested-images columns-default is-cropped wp-block-gallery-1 is-layout-flex wp-block-gallery-is-layout-flex\">\n<figure class=\"wp-block-image size-large\"><img loading=\"lazy\" decoding=\"async\" width=\"1024\" height=\"683\" data-id=\"132605\" data-src=\"https:\/\/ffcv.es\/wp\/wp-content\/uploads\/2024\/02\/23-ene-Firma-acuerdo-con-Realturf-en-Oliva-1024x683.jpeg\" alt=\"\" class=\"wp-image-132605 lazyload\" data-srcset=\"https:\/\/ffcv.es\/wp\/wp-content\/uploads\/2024\/02\/23-ene-Firma-acuerdo-con-Realturf-en-Oliva-1024x683.jpeg 1024w, https:\/\/ffcv.es\/wp\/wp-content\/uploads\/2024\/02\/23-ene-Firma-acuerdo-con-Realturf-en-Oliva-300x200.jpeg 300w, https:\/\/ffcv.es\/wp\/wp-content\/uploads\/2024\/02\/23-ene-Firma-acuerdo-con-Realturf-en-Oliva-768x512.jpeg 768w, https:\/\/ffcv.es\/wp\/wp-content\/uploads\/2024\/02\/23-ene-Firma-acuerdo-con-Realturf-en-Oliva-1536x1024.jpeg 1536w, https:\/\/ffcv.es\/wp\/wp-content\/uploads\/2024\/02\/23-ene-Firma-acuerdo-con-Realturf-en-Oliva-2048x1365.jpeg 2048w, https:\/\/ffcv.es\/wp\/wp-content\/uploads\/2024\/02\/23-ene-Firma-acuerdo-con-Realturf-en-Oliva-280x187.jpeg 280w, https:\/\/ffcv.es\/wp\/wp-content\/uploads\/2024\/02\/23-ene-Firma-acuerdo-con-Realturf-en-Oliva-1170x780.jpeg 1170w, https:\/\/ffcv.es\/wp\/wp-content\/uploads\/2024\/02\/23-ene-Firma-acuerdo-con-Realturf-en-Oliva-scaled.jpeg 1620w\" data-sizes=\"(max-width: 1024px) 100vw, 1024px\" src=\"data:image\/gif;base64,R0lGODlhAQABAAAAACH5BAEKAAEALAAAAAABAAEAAAICTAEAOw==\" style=\"--smush-placeholder-width: 1024px; --smush-placeholder-aspect-ratio: 1024\/683;\" \/><noscript><img loading=\"lazy\" decoding=\"async\" width=\"1024\" height=\"683\" data-id=\"132605\" src=\"https:\/\/ffcv.es\/wp\/wp-content\/uploads\/2024\/02\/23-ene-Firma-acuerdo-con-Realturf-en-Oliva-1024x683.jpeg\" alt=\"\" class=\"wp-image-132605\" srcset=\"https:\/\/ffcv.es\/wp\/wp-content\/uploads\/2024\/02\/23-ene-Firma-acuerdo-con-Realturf-en-Oliva-1024x683.jpeg 1024w, https:\/\/ffcv.es\/wp\/wp-content\/uploads\/2024\/02\/23-ene-Firma-acuerdo-con-Realturf-en-Oliva-300x200.jpeg 300w, https:\/\/ffcv.es\/wp\/wp-content\/uploads\/2024\/02\/23-ene-Firma-acuerdo-con-Realturf-en-Oliva-768x512.jpeg 768w, https:\/\/ffcv.es\/wp\/wp-content\/uploads\/2024\/02\/23-ene-Firma-acuerdo-con-Realturf-en-Oliva-1536x1024.jpeg 1536w, https:\/\/ffcv.es\/wp\/wp-content\/uploads\/2024\/02\/23-ene-Firma-acuerdo-con-Realturf-en-Oliva-2048x1365.jpeg 2048w, https:\/\/ffcv.es\/wp\/wp-content\/uploads\/2024\/02\/23-ene-Firma-acuerdo-con-Realturf-en-Oliva-280x187.jpeg 280w, https:\/\/ffcv.es\/wp\/wp-content\/uploads\/2024\/02\/23-ene-Firma-acuerdo-con-Realturf-en-Oliva-1170x780.jpeg 1170w, https:\/\/ffcv.es\/wp\/wp-content\/uploads\/2024\/02\/23-ene-Firma-acuerdo-con-Realturf-en-Oliva-scaled.jpeg 1620w\" sizes=\"(max-width: 1024px) 100vw, 1024px\" \/><\/noscript><figcaption class=\"wp-element-caption\">Rub\u00e9n Mart\u00edn, Juan A. Rodr\u00edguez, Salva Gomar y C\u00e9sar Calatayud en El Morer de Oliva.<\/figcaption><\/figure>\n\n\n\n<figure class=\"wp-block-image size-large\"><img loading=\"lazy\" decoding=\"async\" width=\"1024\" height=\"683\" data-id=\"132606\" data-src=\"https:\/\/ffcv.es\/wp\/wp-content\/uploads\/2024\/02\/23-ene-Cesped-artificial-Realturf-en-El-Morer-de-Oliva-1024x683.jpeg\" alt=\"\" class=\"wp-image-132606 lazyload\" data-srcset=\"https:\/\/ffcv.es\/wp\/wp-content\/uploads\/2024\/02\/23-ene-Cesped-artificial-Realturf-en-El-Morer-de-Oliva-1024x683.jpeg 1024w, https:\/\/ffcv.es\/wp\/wp-content\/uploads\/2024\/02\/23-ene-Cesped-artificial-Realturf-en-El-Morer-de-Oliva-300x200.jpeg 300w, https:\/\/ffcv.es\/wp\/wp-content\/uploads\/2024\/02\/23-ene-Cesped-artificial-Realturf-en-El-Morer-de-Oliva-768x512.jpeg 768w, https:\/\/ffcv.es\/wp\/wp-content\/uploads\/2024\/02\/23-ene-Cesped-artificial-Realturf-en-El-Morer-de-Oliva-1536x1024.jpeg 1536w, https:\/\/ffcv.es\/wp\/wp-content\/uploads\/2024\/02\/23-ene-Cesped-artificial-Realturf-en-El-Morer-de-Oliva-2048x1365.jpeg 2048w, https:\/\/ffcv.es\/wp\/wp-content\/uploads\/2024\/02\/23-ene-Cesped-artificial-Realturf-en-El-Morer-de-Oliva-280x187.jpeg 280w, https:\/\/ffcv.es\/wp\/wp-content\/uploads\/2024\/02\/23-ene-Cesped-artificial-Realturf-en-El-Morer-de-Oliva-1170x780.jpeg 1170w, https:\/\/ffcv.es\/wp\/wp-content\/uploads\/2024\/02\/23-ene-Cesped-artificial-Realturf-en-El-Morer-de-Oliva-scaled.jpeg 1620w\" data-sizes=\"(max-width: 1024px) 100vw, 1024px\" src=\"data:image\/gif;base64,R0lGODlhAQABAAAAACH5BAEKAAEALAAAAAABAAEAAAICTAEAOw==\" style=\"--smush-placeholder-width: 1024px; --smush-placeholder-aspect-ratio: 1024\/683;\" \/><noscript><img loading=\"lazy\" decoding=\"async\" width=\"1024\" height=\"683\" data-id=\"132606\" src=\"https:\/\/ffcv.es\/wp\/wp-content\/uploads\/2024\/02\/23-ene-Cesped-artificial-Realturf-en-El-Morer-de-Oliva-1024x683.jpeg\" alt=\"\" class=\"wp-image-132606\" srcset=\"https:\/\/ffcv.es\/wp\/wp-content\/uploads\/2024\/02\/23-ene-Cesped-artificial-Realturf-en-El-Morer-de-Oliva-1024x683.jpeg 1024w, https:\/\/ffcv.es\/wp\/wp-content\/uploads\/2024\/02\/23-ene-Cesped-artificial-Realturf-en-El-Morer-de-Oliva-300x200.jpeg 300w, https:\/\/ffcv.es\/wp\/wp-content\/uploads\/2024\/02\/23-ene-Cesped-artificial-Realturf-en-El-Morer-de-Oliva-768x512.jpeg 768w, https:\/\/ffcv.es\/wp\/wp-content\/uploads\/2024\/02\/23-ene-Cesped-artificial-Realturf-en-El-Morer-de-Oliva-1536x1024.jpeg 1536w, https:\/\/ffcv.es\/wp\/wp-content\/uploads\/2024\/02\/23-ene-Cesped-artificial-Realturf-en-El-Morer-de-Oliva-2048x1365.jpeg 2048w, https:\/\/ffcv.es\/wp\/wp-content\/uploads\/2024\/02\/23-ene-Cesped-artificial-Realturf-en-El-Morer-de-Oliva-280x187.jpeg 280w, https:\/\/ffcv.es\/wp\/wp-content\/uploads\/2024\/02\/23-ene-Cesped-artificial-Realturf-en-El-Morer-de-Oliva-1170x780.jpeg 1170w, https:\/\/ffcv.es\/wp\/wp-content\/uploads\/2024\/02\/23-ene-Cesped-artificial-Realturf-en-El-Morer-de-Oliva-scaled.jpeg 1620w\" sizes=\"(max-width: 1024px) 100vw, 1024px\" \/><\/noscript><figcaption class=\"wp-element-caption\">Nuevo c\u00e9sped de El Morer, con relleno de corcho.<\/figcaption><\/figure>\n<\/figure>\n\n\n\n<p>\u00ab<em>Hemos tenido un a\u00f1o para conocernos y ha sido muy satisfactorio porque ha sido una relaci\u00f3n muy transparente y muy clara con beneficio para la Comunitat y de los jugadores. Aparte, como alicantino y parte de la Comunitat qu\u00e9 menos que colaborar con la Federaci\u00f3 de Futbol de la Comunitat Valenciana<\/em>\u00ab, explic\u00f3 <strong>Juan Antonio Rodr\u00edguez<\/strong>, el director ejecutivo de <strong>Realturf<\/strong>.<\/p>\n\n\n\n<p>Por su parte, <strong>Rub\u00e9n Mart\u00edn <\/strong>analiz\u00f3 la implantaci\u00f3n del corcho natural en el c\u00e9sped de El Morer de <strong>Oliva<\/strong>: \u00ab<em>Es una alternativa vigente y ya testeada al caucho con la que ya trabajamos desde hace unos cuantos a\u00f1os, no nos ha pillado de nuevas<\/em>. <em>Da m\u00e1s durabilidad y con menos mantenimiento<\/em>\u00ab.<\/p>\n\n\n\n<p><strong>El presidente de la FFCV, Salva Gomar<\/strong>, agreg\u00f3: \u00ab<em>El c\u00e9sped de Realturf nos ha dado un resultado un resultado extraordinario en otros campos como en el<strong><a href=\"https:\/\/ffcv.es\/wp\/blog\/2023\/04\/11\/realturf-la-mayor-empresa-de-cesped-artificial-de-la-comunitat-valenciana-nuevo-colaborador-oficial-de-la-ffcv\/\"> Miguel Monle\u00f3n de Picassent<\/a><\/strong> donde entrenan nuestras selecciones<\/em>\u00ab.<\/p>\n\n\n\n<p><\/p>\n\n\n\n<p> <\/p>\n","protected":false},"excerpt":{"rendered":"<p>La FFCV ha renovado su acuerdo de colaboraci\u00f3n con Realturf, la mayor empresa de c\u00e9sped artificial de la Comunitat Valenciana y una de las punteras en Espa\u00f1a. Las dos entidades seguir\u00e1n vinculadas en 2024 al igual que ya sucedi\u00f3 en 2023. La empresa, l\u00edder en el sector y con m\u00e1s de 20 a\u00f1os de experiencia,<\/p>\n","protected":false},"author":15,"featured_media":132604,"comment_status":"closed","ping_status":"closed","sticky":false,"template":"","format":"standard","meta":{"om_disable_all_campaigns":false,"footnotes":""},"categories":[69,1282],"tags":[6509,632,27,7032,6507],"class_list":["post-132344","post","type-post","status-publish","format-standard","has-post-thumbnail","hentry","category-noticias-ffcv","category-portada","tag-cesped-artificial","tag-federacion-valenciana","tag-ffcv","tag-oliva","tag-realturf"],"aioseo_notices":[],"_links":{"self":[{"href":"https:\/\/ffcv.es\/wp\/wp-json\/wp\/v2\/posts\/132344"}],"collection":[{"href":"https:\/\/ffcv.es\/wp\/wp-json\/wp\/v2\/posts"}],"about":[{"href":"https:\/\/ffcv.es\/wp\/wp-json\/wp\/v2\/types\/post"}],"author":[{"embeddable":true,"href":"https:\/\/ffcv.es\/wp\/wp-json\/wp\/v2\/users\/15"}],"replies":[{"embeddable":true,"href":"https:\/\/ffcv.es\/wp\/wp-json\/wp\/v2\/comments?post=132344"}],"version-history":[{"count":2,"href":"https:\/\/ffcv.es\/wp\/wp-json\/wp\/v2\/posts\/132344\/revisions"}],"predecessor-version":[{"id":132607,"href":"https:\/\/ffcv.es\/wp\/wp-json\/wp\/v2\/posts\/132344\/revisions\/132607"}],"wp:featuredmedia":[{"embeddable":true,"href":"https:\/\/ffcv.es\/wp\/wp-json\/wp\/v2\/media\/132604"}],"wp:attachment":[{"href":"https:\/\/ffcv.es\/wp\/wp-json\/wp\/v2\/media?parent=132344"}],"wp:term":[{"taxonomy":"category","embeddable":true,"href":"https:\/\/ffcv.es\/wp\/wp-json\/wp\/v2\/categories?post=132344"},{"taxonomy":"post_tag","embeddable":true,"href":"https:\/\/ffcv.es\/wp\/wp-json\/wp\/v2\/tags?post=132344"}],"curies":[{"name":"wp","href":"https:\/\/api.w.org\/{rel}","templated":true}]}}