{"id":130478,"date":"2023-12-04T13:22:49","date_gmt":"2023-12-04T11:22:49","guid":{"rendered":"https:\/\/ffcv.es\/wp\/?p=130478"},"modified":"2023-12-04T13:22:51","modified_gmt":"2023-12-04T11:22:51","slug":"el-proximo-curso-de-entrenador-uefa-a-comenzara-el-18-de-diciembre","status":"publish","type":"post","link":"https:\/\/ffcv.es\/wp\/blog\/2023\/12\/el-proximo-curso-de-entrenador-uefa-a-comenzara-el-18-de-diciembre\/","title":{"rendered":"El pr\u00f3ximo curso de entrenador UEFA A comenzar\u00e1 el 18 de diciembre"},"content":{"rendered":"\n<p>L&#8217;<strong>Escola d&#8217;Entrenadors de la Federaci\u00f3 de Futbol de la Comunitat Valenciana<\/strong> oferta un nuevo curso de entrenador<strong> UEFA A de f\u00fatbol<\/strong>.<\/p>\n\n\n\n<p>Las inscripciones para este curso, que comenzar\u00e1 el 18 de diciembre, est\u00e1n abiertas hasta el 15 de diciembre de 2023.<\/p>\n\n\n\n<p><a href=\"https:\/\/onformacion.rfef.es\/fed\/8lkXGIQnhKT4hWA6lW0R\/curso\/hCY4hcC2NTy2nvT5oju1\">INFORMACI\u00d3N E INSCRIPCIONES<\/a><\/p>\n\n\n\n<figure class=\"wp-block-image size-large\"><img loading=\"lazy\" decoding=\"async\" width=\"1024\" height=\"634\" data-src=\"https:\/\/ffcv.es\/wp\/wp-content\/uploads\/2023\/10\/kino-18-1024x634.jpg\" alt=\"\" class=\"wp-image-127229 lazyload\" data-srcset=\"https:\/\/ffcv.es\/wp\/wp-content\/uploads\/2023\/10\/kino-18-1024x634.jpg 1024w, https:\/\/ffcv.es\/wp\/wp-content\/uploads\/2023\/10\/kino-18-300x186.jpg 300w, https:\/\/ffcv.es\/wp\/wp-content\/uploads\/2023\/10\/kino-18-768x476.jpg 768w, https:\/\/ffcv.es\/wp\/wp-content\/uploads\/2023\/10\/kino-18-1536x951.jpg 1536w, https:\/\/ffcv.es\/wp\/wp-content\/uploads\/2023\/10\/kino-18-2048x1268.jpg 2048w, https:\/\/ffcv.es\/wp\/wp-content\/uploads\/2023\/10\/kino-18-280x173.jpg 280w, https:\/\/ffcv.es\/wp\/wp-content\/uploads\/2023\/10\/kino-18-1170x725.jpg 1170w, https:\/\/ffcv.es\/wp\/wp-content\/uploads\/2023\/10\/kino-18-scaled.jpg 1744w\" data-sizes=\"(max-width: 1024px) 100vw, 1024px\" src=\"data:image\/gif;base64,R0lGODlhAQABAAAAACH5BAEKAAEALAAAAAABAAEAAAICTAEAOw==\" style=\"--smush-placeholder-width: 1024px; --smush-placeholder-aspect-ratio: 1024\/634;\" \/><noscript><img loading=\"lazy\" decoding=\"async\" width=\"1024\" height=\"634\" src=\"https:\/\/ffcv.es\/wp\/wp-content\/uploads\/2023\/10\/kino-18-1024x634.jpg\" alt=\"\" class=\"wp-image-127229\" srcset=\"https:\/\/ffcv.es\/wp\/wp-content\/uploads\/2023\/10\/kino-18-1024x634.jpg 1024w, https:\/\/ffcv.es\/wp\/wp-content\/uploads\/2023\/10\/kino-18-300x186.jpg 300w, https:\/\/ffcv.es\/wp\/wp-content\/uploads\/2023\/10\/kino-18-768x476.jpg 768w, https:\/\/ffcv.es\/wp\/wp-content\/uploads\/2023\/10\/kino-18-1536x951.jpg 1536w, https:\/\/ffcv.es\/wp\/wp-content\/uploads\/2023\/10\/kino-18-2048x1268.jpg 2048w, https:\/\/ffcv.es\/wp\/wp-content\/uploads\/2023\/10\/kino-18-280x173.jpg 280w, https:\/\/ffcv.es\/wp\/wp-content\/uploads\/2023\/10\/kino-18-1170x725.jpg 1170w, https:\/\/ffcv.es\/wp\/wp-content\/uploads\/2023\/10\/kino-18-scaled.jpg 1744w\" sizes=\"(max-width: 1024px) 100vw, 1024px\" \/><\/noscript><\/figure>\n\n\n\n<p><em>En atenci\u00f3n a lo previsto en la Disposici\u00f3n Adicional Octava del Real Decreto<br>1363\/2007, la Real Federaci\u00f3n Espa\u00f1ola de F\u00fatbol manifiesta que toda la formaic\u00f3n descrita en los apartados anteriores tiene un reconocimiento \u00fanico y exclusivo de la UEFA (en el marco de la Convenci\u00f3n de la UEFA sobre Titulaciones T\u00e9cnicas) con todas las consecuencias que a nivel de participaci\u00f3n en competiciones oficiales reconocidas por la FIFA y la UEFA y de movilidad internacional conlleva formar parte de dichas estructuras como miembro de las mismas.<\/em><\/p>\n\n\n\n<p><em>En este sentido debe se\u00f1alarse que la UEFA y la FIFA s\u00f3lo reconocen a la RFEF como el \u00fanico ente competente en Espa\u00f1a para realizar dichas formaciones sin que ning\u00fan ente no adscrito o reconocido por la RFEF pueda ofertar dichos Diplomas y Licencias con la validez a nivel internacional que prev\u00e9 la Convenci\u00f3n de la UEFA sobre Titulaciones T\u00e9cnicas.<\/em><\/p>\n\n\n\n<p><em>En cumplimiento de la Disposici\u00f3n Adicional Octava apartado 4 del Real Decreto 1363\/2007, de 24 de octubre, por el que se establece la ordenaci\u00f3n general de las ense\u00f1anzas deportivas de r\u00e9gimen especial, se informa de que los estudios que se imparten y de los diplomas o certificados que se expiden no tienen el car\u00e1cter de oficial.<\/em><\/p>\n","protected":false},"excerpt":{"rendered":"<p>L&#8217;Escola d&#8217;Entrenadors de la Federaci\u00f3 de Futbol de la Comunitat Valenciana oferta un nuevo curso de entrenador UEFA A de f\u00fatbol. Las inscripciones para este curso, que comenzar\u00e1 el 18 de diciembre, est\u00e1n abiertas hasta el 15 de diciembre de 2023. INFORMACI\u00d3N E INSCRIPCIONES En atenci\u00f3n a lo previsto en la Disposici\u00f3n Adicional Octava del<\/p>\n","protected":false},"author":16,"featured_media":29101,"comment_status":"closed","ping_status":"closed","sticky":false,"template":"","format":"standard","meta":{"om_disable_all_campaigns":false,"footnotes":""},"categories":[77,70,1098,1282],"tags":[],"class_list":["post-130478","post","type-post","status-publish","format-standard","has-post-thumbnail","hentry","category-cursos-entrenadores","category-noticias-entrenadores-noticias-arbitros","category-noticia-escuela-entrenadores","category-portada"],"aioseo_notices":[],"_links":{"self":[{"href":"https:\/\/ffcv.es\/wp\/wp-json\/wp\/v2\/posts\/130478"}],"collection":[{"href":"https:\/\/ffcv.es\/wp\/wp-json\/wp\/v2\/posts"}],"about":[{"href":"https:\/\/ffcv.es\/wp\/wp-json\/wp\/v2\/types\/post"}],"author":[{"embeddable":true,"href":"https:\/\/ffcv.es\/wp\/wp-json\/wp\/v2\/users\/16"}],"replies":[{"embeddable":true,"href":"https:\/\/ffcv.es\/wp\/wp-json\/wp\/v2\/comments?post=130478"}],"version-history":[{"count":1,"href":"https:\/\/ffcv.es\/wp\/wp-json\/wp\/v2\/posts\/130478\/revisions"}],"predecessor-version":[{"id":130485,"href":"https:\/\/ffcv.es\/wp\/wp-json\/wp\/v2\/posts\/130478\/revisions\/130485"}],"wp:featuredmedia":[{"embeddable":true,"href":"https:\/\/ffcv.es\/wp\/wp-json\/wp\/v2\/media\/29101"}],"wp:attachment":[{"href":"https:\/\/ffcv.es\/wp\/wp-json\/wp\/v2\/media?parent=130478"}],"wp:term":[{"taxonomy":"category","embeddable":true,"href":"https:\/\/ffcv.es\/wp\/wp-json\/wp\/v2\/categories?post=130478"},{"taxonomy":"post_tag","embeddable":true,"href":"https:\/\/ffcv.es\/wp\/wp-json\/wp\/v2\/tags?post=130478"}],"curies":[{"name":"wp","href":"https:\/\/api.w.org\/{rel}","templated":true}]}}