{"id":130303,"date":"2023-11-30T17:48:25","date_gmt":"2023-11-30T15:48:25","guid":{"rendered":"https:\/\/ffcv.es\/wp\/?p=130303"},"modified":"2023-11-30T17:48:25","modified_gmt":"2023-11-30T15:48:25","slug":"els-arbitres-del-cta-afronten-les-exigents-proves-intermedies-de-la-temporada-2023-24","status":"publish","type":"post","link":"https:\/\/ffcv.es\/wp\/va\/blog\/2023\/11\/els-arbitres-del-cta-afronten-les-exigents-proves-intermedies-de-la-temporada-2023-24\/","title":{"rendered":"Els \u00e0rbitres del CTA afronten les exigents proves interm\u00e8dies de la temporada 2023\/24"},"content":{"rendered":"\n<p>El pr\u00f2xim dia 8 de desembre, els col\u00b7legiats del CTA valenci\u00e0 hauran de sotmetre&#8217;s a les sempre exigents proves interm\u00e8dies de meitat de temporada.<\/p>\n\n\n\n<p>Les localitats de <strong>B\u00e9tera <\/strong>i <strong>Elx <\/strong>acolliran estos tests tant t\u00e8cnics com f\u00edsics als quals hauran de sotmetre&#8217;s necess\u00e0riament tots els col\u00b7legiats de <strong>Tercera RFEF<\/strong>, <strong>Lliga Comunitat<\/strong> i <strong>Primera <\/strong>i <strong>Segona FFCV<\/strong>.<\/p>\n\n\n\n<figure class=\"wp-block-image size-full\"><img loading=\"lazy\" decoding=\"async\" width=\"1024\" height=\"768\" data-src=\"https:\/\/ffcv.es\/wp\/wp-content\/uploads\/2023\/11\/IMG-20181207-WA0004-1024x768-1.jpg\" alt=\"\" class=\"wp-image-130305 lazyload\" data-srcset=\"https:\/\/ffcv.es\/wp\/wp-content\/uploads\/2023\/11\/IMG-20181207-WA0004-1024x768-1.jpg 1024w, https:\/\/ffcv.es\/wp\/wp-content\/uploads\/2023\/11\/IMG-20181207-WA0004-1024x768-1-300x225.jpg 300w, https:\/\/ffcv.es\/wp\/wp-content\/uploads\/2023\/11\/IMG-20181207-WA0004-1024x768-1-768x576.jpg 768w, https:\/\/ffcv.es\/wp\/wp-content\/uploads\/2023\/11\/IMG-20181207-WA0004-1024x768-1-249x187.jpg 249w\" data-sizes=\"(max-width: 1024px) 100vw, 1024px\" src=\"data:image\/gif;base64,R0lGODlhAQABAAAAACH5BAEKAAEALAAAAAABAAEAAAICTAEAOw==\" style=\"--smush-placeholder-width: 1024px; --smush-placeholder-aspect-ratio: 1024\/768;\" \/><noscript><img loading=\"lazy\" decoding=\"async\" width=\"1024\" height=\"768\" src=\"https:\/\/ffcv.es\/wp\/wp-content\/uploads\/2023\/11\/IMG-20181207-WA0004-1024x768-1.jpg\" alt=\"\" class=\"wp-image-130305\" srcset=\"https:\/\/ffcv.es\/wp\/wp-content\/uploads\/2023\/11\/IMG-20181207-WA0004-1024x768-1.jpg 1024w, https:\/\/ffcv.es\/wp\/wp-content\/uploads\/2023\/11\/IMG-20181207-WA0004-1024x768-1-300x225.jpg 300w, https:\/\/ffcv.es\/wp\/wp-content\/uploads\/2023\/11\/IMG-20181207-WA0004-1024x768-1-768x576.jpg 768w, https:\/\/ffcv.es\/wp\/wp-content\/uploads\/2023\/11\/IMG-20181207-WA0004-1024x768-1-249x187.jpg 249w\" sizes=\"(max-width: 1024px) 100vw, 1024px\" \/><\/noscript><\/figure>\n\n\n\n<p>El <strong>Resort Mas Camarena<\/strong> ser\u00e0 el marc on es desenvolupen les proves de <strong>Val\u00e8ncia<\/strong>, mentre que la <strong>Ciutat Esportiva<\/strong> municipal d&#8217;<strong>Elx<\/strong> i la Delegaci\u00f3 il\u00b7licitana de la <strong>Federaci\u00f3 de Futbol de la Comunitat Valenciana <\/strong>acolliran les d&#8217;<strong>Alacant<\/strong>.<\/p>\n\n\n\n<p>Les proves f\u00edsiques inclouen test de velocitat, coordinaci\u00f3 i capacitat de reflexos, mentre que les t\u00e8cniques insisteixen en el domini del reglament, normes de joc i codi disciplinari. Els \u00e0rbitres i \u00e0rbitres que no realitzen les proves f\u00edsiques no podran presentar-se a les proves t\u00e8cniques.<\/p>\n","protected":false},"excerpt":{"rendered":"<p>El pr\u00f2xim dia 8 de desembre, els col\u00b7legiats del CTA valenci\u00e0 hauran de sotmetre&#8217;s a les sempre exigents proves interm\u00e8dies de meitat de temporada. Les localitats de B\u00e9tera i Elx acolliran estos tests tant t\u00e8cnics com f\u00edsics als quals hauran de sotmetre&#8217;s necess\u00e0riament tots els col\u00b7legiats de Tercera RFEF, Lliga Comunitat i Primera i Segona<\/p>\n","protected":false},"author":5,"featured_media":130251,"comment_status":"closed","ping_status":"closed","sticky":false,"template":"","format":"standard","meta":{"om_disable_all_campaigns":false,"footnotes":""},"categories":[3323,4809,1684],"tags":[],"class_list":["post-130303","post","type-post","status-publish","format-standard","has-post-thumbnail","hentry","category-noticies","category-noticies-arbitres","category-noticies-ffcv"],"aioseo_notices":[],"_links":{"self":[{"href":"https:\/\/ffcv.es\/wp\/wp-json\/wp\/v2\/posts\/130303"}],"collection":[{"href":"https:\/\/ffcv.es\/wp\/wp-json\/wp\/v2\/posts"}],"about":[{"href":"https:\/\/ffcv.es\/wp\/wp-json\/wp\/v2\/types\/post"}],"author":[{"embeddable":true,"href":"https:\/\/ffcv.es\/wp\/wp-json\/wp\/v2\/users\/5"}],"replies":[{"embeddable":true,"href":"https:\/\/ffcv.es\/wp\/wp-json\/wp\/v2\/comments?post=130303"}],"version-history":[{"count":1,"href":"https:\/\/ffcv.es\/wp\/wp-json\/wp\/v2\/posts\/130303\/revisions"}],"predecessor-version":[{"id":130307,"href":"https:\/\/ffcv.es\/wp\/wp-json\/wp\/v2\/posts\/130303\/revisions\/130307"}],"wp:featuredmedia":[{"embeddable":true,"href":"https:\/\/ffcv.es\/wp\/wp-json\/wp\/v2\/media\/130251"}],"wp:attachment":[{"href":"https:\/\/ffcv.es\/wp\/wp-json\/wp\/v2\/media?parent=130303"}],"wp:term":[{"taxonomy":"category","embeddable":true,"href":"https:\/\/ffcv.es\/wp\/wp-json\/wp\/v2\/categories?post=130303"},{"taxonomy":"post_tag","embeddable":true,"href":"https:\/\/ffcv.es\/wp\/wp-json\/wp\/v2\/tags?post=130303"}],"curies":[{"name":"wp","href":"https:\/\/api.w.org\/{rel}","templated":true}]}}