{"id":12768,"date":"2017-01-26T17:21:47","date_gmt":"2017-01-26T17:21:47","guid":{"rendered":"https:\/\/ffcv.es\/wp\/?p=12768"},"modified":"2018-03-09T08:39:13","modified_gmt":"2018-03-09T08:39:13","slug":"arbitros-cursos-201718","status":"publish","type":"post","link":"https:\/\/ffcv.es\/wp\/blog\/2017\/01\/arbitros-cursos-201718\/","title":{"rendered":"El Comit\u00e9 de Arbitros lanza la oferta de Cursos 2017\/18"},"content":{"rendered":"<p>El Comit\u00e9 T\u00e9cnico de Arbitros de la FFCV anuncia la convocatoria oficial de dos nuevos Cursos que se desarrollar\u00e1n de manera simult\u00e1nea en Valencia y comenzar\u00e1n el pr\u00f3ximo 4 de septiembre.<\/p>\n<div align=\"center\"><script src=\"\/\/pagead2.googlesyndication.com\/pagead\/js\/adsbygoogle.js\" async=\"\"><\/script><!-- cabecera_paginas_adaptable --> <ins class=\"adsbygoogle\" style=\"display: block; background: none !important;\" data-ad-client=\"ca-pub-8508993344894927\" data-ad-slot=\"8273813495\" data-ad-format=\"auto\"><\/ins><script>\/\/ <![CDATA[\n(adsbygoogle = window.adsbygoogle || []).push({});\n\/\/ ]]><\/script><\/div>\n<p><a href=\"https:\/\/ffcv.es\/wp\/wp-content\/uploads\/2017\/01\/curso_arbitros.jpg\"><img loading=\"lazy\" decoding=\"async\" class=\"alignright wp-image-12789 size-medium lazyload\" data-src=\"https:\/\/ffcv.es\/wp\/wp-content\/uploads\/2017\/01\/curso_arbitros-300x63.jpg\" alt=\"curso_arbitros\" width=\"300\" height=\"63\" data-srcset=\"https:\/\/ffcv.es\/wp\/wp-content\/uploads\/2017\/01\/curso_arbitros-300x63.jpg 300w, https:\/\/ffcv.es\/wp\/wp-content\/uploads\/2017\/01\/curso_arbitros-768x162.jpg 768w, https:\/\/ffcv.es\/wp\/wp-content\/uploads\/2017\/01\/curso_arbitros-1024x215.jpg 1024w, https:\/\/ffcv.es\/wp\/wp-content\/uploads\/2017\/01\/curso_arbitros.jpg 1902w\" data-sizes=\"(max-width: 300px) 100vw, 300px\" src=\"data:image\/gif;base64,R0lGODlhAQABAAAAACH5BAEKAAEALAAAAAABAAEAAAICTAEAOw==\" style=\"--smush-placeholder-width: 300px; --smush-placeholder-aspect-ratio: 300\/63;\" \/><noscript><img loading=\"lazy\" decoding=\"async\" class=\"alignright wp-image-12789 size-medium\" src=\"https:\/\/ffcv.es\/wp\/wp-content\/uploads\/2017\/01\/curso_arbitros-300x63.jpg\" alt=\"curso_arbitros\" width=\"300\" height=\"63\" srcset=\"https:\/\/ffcv.es\/wp\/wp-content\/uploads\/2017\/01\/curso_arbitros-300x63.jpg 300w, https:\/\/ffcv.es\/wp\/wp-content\/uploads\/2017\/01\/curso_arbitros-768x162.jpg 768w, https:\/\/ffcv.es\/wp\/wp-content\/uploads\/2017\/01\/curso_arbitros-1024x215.jpg 1024w, https:\/\/ffcv.es\/wp\/wp-content\/uploads\/2017\/01\/curso_arbitros.jpg 1902w\" sizes=\"(max-width: 300px) 100vw, 300px\" \/><\/noscript><\/a>Nueva oportunidad para ser \u00e1rbitro de f\u00fatbol del Comit\u00e9 Valenciano con la convocatoria de dos cursos que arrancar\u00e1n a comienzos de la pr\u00f3xima temporada. Estoa cursos, que dar\u00e1n comienzo de manera simult\u00e1nea en la capital del T\u00faria el pr\u00f3ximo 4 de septiembre, finalizar\u00e1n el 11 de octubre y se impartir\u00e1n durante tres jornadas a la semana (lunes, mi\u00e9rcoles y viernes). El plazo de presentaci\u00f3n de solicitudes se abrir\u00e1 el 20 de febrero y finalizar\u00e1 el 22 de mayo, no habiendo l\u00edmite de plazas para la inscripci\u00f3n. Entre los requisitos para acceder a los mismos figuran el ser mayor de 14 a\u00f1os y menor de 23 en el caso de los hombres (nacidos a partir del 1\/7\/1994) y ser menor de 26 a\u00f1os en el caso de las mujeres (nacidas a partir de 1\/7\/1991), no disponer de ning\u00fan tipo de licencia federativa en ning\u00fan equipo de f\u00fatbol o f\u00fatbol sala para la siguiente temporada (2017\/18) y la preceptiva superaci\u00f3n de las pruebas f\u00edsicas requeridas. Para inscribirse en las pruebas f\u00edsicas habr\u00e1 que retirar los impresas de solicitud de ingreso en la sede del Comit\u00e9 en Valencia (c\/. Padilla, 5) o solicitarlo a trav\u00e9s del correo electr\u00f3nico (cta@ffcv.es), adjuntando certificado m\u00e9dico que acredite para realizarlas, as\u00ed como el Impreso de Autorizaci\u00f3n cumplimentado en el caso de los menores de edad.<\/p>\n<p>Las pruebas f\u00edsicas eliminatorias se realizar\u00e1n el pr\u00f3ximo d\u00eda 28 de mayo a partir de las 9:00 horas en las pistas de atletismo del Tramo III del Jard\u00edn del Turia en Valencia, remiti\u00e9ndose previamente a los interesados la informaci\u00f3n sobre la organizaci\u00f3n de las mismas a trav\u00e9s del correo electr\u00f3nico. Los aspirantes que superen las pruebas f\u00edsicas deber\u00e1n formalizar su matr\u00edcula entre el 31 de mayo y el 23 de junio de este mismo a\u00f1o.<\/p>\n<p>Una vez comenzados los cursos, ser\u00e1 requisito indispensable la asistencia m\u00ednima al 80% de las clases lectivas para poder presentarse a los ex\u00e1menes finales. Para cualquier duda sobre estos cursos pueden contactar con el Delegado de Arbitros de F\u00fatbol en Valencia a trav\u00e9s del mail jemateu@cta.ffcv.es o consultando el enlace adjunto a continuaci\u00f3n:<\/p>\n<p><a href=\"https:\/\/ffcv.es\/wp\/wp-content\/uploads\/2017\/01\/GUIA-CURSO-2017.pdf\">GUIA CURSO 2017<\/a><\/p>\n<p><em>Autor: Prensa FFCV<\/em><\/p>\n","protected":false},"excerpt":{"rendered":"<p>El Comit\u00e9 T\u00e9cnico de Arbitros de la FFCV anuncia la convocatoria oficial de dos nuevos Cursos que se desarrollar\u00e1n de manera simult\u00e1nea en Valencia y comenzar\u00e1n el pr\u00f3ximo 4 de septiembre. Nueva oportunidad para ser \u00e1rbitro de f\u00fatbol del Comit\u00e9 Valenciano con la convocatoria de dos cursos que arrancar\u00e1n a comienzos de la pr\u00f3xima temporada.<\/p>\n","protected":false},"author":5,"featured_media":12789,"comment_status":"closed","ping_status":"closed","sticky":false,"template":"","format":"standard","meta":{"om_disable_all_campaigns":false,"footnotes":""},"categories":[16,947,71],"tags":[163,85,98],"class_list":["post-12768","post","type-post","status-publish","format-standard","has-post-thumbnail","hentry","category-actualidad","category-cursos-arbitros-anteriores","category-noticias-arbitros-noticias-arbitros","tag-arbitros","tag-cursos","tag-futbol"],"aioseo_notices":[],"_links":{"self":[{"href":"https:\/\/ffcv.es\/wp\/wp-json\/wp\/v2\/posts\/12768"}],"collection":[{"href":"https:\/\/ffcv.es\/wp\/wp-json\/wp\/v2\/posts"}],"about":[{"href":"https:\/\/ffcv.es\/wp\/wp-json\/wp\/v2\/types\/post"}],"author":[{"embeddable":true,"href":"https:\/\/ffcv.es\/wp\/wp-json\/wp\/v2\/users\/5"}],"replies":[{"embeddable":true,"href":"https:\/\/ffcv.es\/wp\/wp-json\/wp\/v2\/comments?post=12768"}],"version-history":[{"count":2,"href":"https:\/\/ffcv.es\/wp\/wp-json\/wp\/v2\/posts\/12768\/revisions"}],"predecessor-version":[{"id":12790,"href":"https:\/\/ffcv.es\/wp\/wp-json\/wp\/v2\/posts\/12768\/revisions\/12790"}],"wp:featuredmedia":[{"embeddable":true,"href":"https:\/\/ffcv.es\/wp\/wp-json\/wp\/v2\/media\/12789"}],"wp:attachment":[{"href":"https:\/\/ffcv.es\/wp\/wp-json\/wp\/v2\/media?parent=12768"}],"wp:term":[{"taxonomy":"category","embeddable":true,"href":"https:\/\/ffcv.es\/wp\/wp-json\/wp\/v2\/categories?post=12768"},{"taxonomy":"post_tag","embeddable":true,"href":"https:\/\/ffcv.es\/wp\/wp-json\/wp\/v2\/tags?post=12768"}],"curies":[{"name":"wp","href":"https:\/\/api.w.org\/{rel}","templated":true}]}}