{"id":12622,"date":"2017-01-18T16:29:19","date_gmt":"2017-01-18T16:29:19","guid":{"rendered":"https:\/\/ffcv.es\/wp\/?p=12622"},"modified":"2017-01-18T16:32:08","modified_gmt":"2017-01-18T16:32:08","slug":"sala-seleccion-sub-21-femenina-entrena-burriana","status":"publish","type":"post","link":"https:\/\/ffcv.es\/wp\/blog\/2017\/01\/sala-seleccion-sub-21-femenina-entrena-burriana\/","title":{"rendered":"F\u00fatbol Sala: La Selecci\u00f3n Sub-21 Femenina entrena en Burriana"},"content":{"rendered":"<p>El Comit\u00e9 de F\u00fatbol Sala ha confirmado que la Selecci\u00f3n Femenina Sub-21 entrenar\u00e1 el pr\u00f3ximo domingo en el Pabell\u00f3n Municipal &#8216;La Bosca&#8217; de Burriana (Castell\u00f3n).<\/p>\n<div align=\"center\"><script src=\"\/\/pagead2.googlesyndication.com\/pagead\/js\/adsbygoogle.js\" async=\"\"><\/script><!-- cabecera_paginas_adaptable --> <ins class=\"adsbygoogle\" style=\"display: block; background: none !important;\" data-ad-client=\"ca-pub-8508993344894927\" data-ad-slot=\"8273813495\" data-ad-format=\"auto\"><\/ins><script>\/\/ <![CDATA[\n(adsbygoogle = window.adsbygoogle || []).push({});\n\/\/ ]]><\/script><\/div>\n<p><a href=\"https:\/\/ffcv.es\/wp\/wp-content\/uploads\/2017\/01\/IMG-20170110-WA0004.jpg\"><img loading=\"lazy\" decoding=\"async\" class=\"alignright wp-image-12627 size-medium lazyload\" data-src=\"https:\/\/ffcv.es\/wp\/wp-content\/uploads\/2017\/01\/IMG-20170110-WA0004-300x169.jpg\" alt=\"IMG-20170110-WA0004\" width=\"300\" height=\"169\" data-srcset=\"https:\/\/ffcv.es\/wp\/wp-content\/uploads\/2017\/01\/IMG-20170110-WA0004-300x169.jpg 300w, https:\/\/ffcv.es\/wp\/wp-content\/uploads\/2017\/01\/IMG-20170110-WA0004-768x432.jpg 768w, https:\/\/ffcv.es\/wp\/wp-content\/uploads\/2017\/01\/IMG-20170110-WA0004-1024x576.jpg 1024w, https:\/\/ffcv.es\/wp\/wp-content\/uploads\/2017\/01\/IMG-20170110-WA0004.jpg 1599w\" data-sizes=\"(max-width: 300px) 100vw, 300px\" src=\"data:image\/gif;base64,R0lGODlhAQABAAAAACH5BAEKAAEALAAAAAABAAEAAAICTAEAOw==\" style=\"--smush-placeholder-width: 300px; --smush-placeholder-aspect-ratio: 300\/169;\" \/><noscript><img loading=\"lazy\" decoding=\"async\" class=\"alignright wp-image-12627 size-medium\" src=\"https:\/\/ffcv.es\/wp\/wp-content\/uploads\/2017\/01\/IMG-20170110-WA0004-300x169.jpg\" alt=\"IMG-20170110-WA0004\" width=\"300\" height=\"169\" srcset=\"https:\/\/ffcv.es\/wp\/wp-content\/uploads\/2017\/01\/IMG-20170110-WA0004-300x169.jpg 300w, https:\/\/ffcv.es\/wp\/wp-content\/uploads\/2017\/01\/IMG-20170110-WA0004-768x432.jpg 768w, https:\/\/ffcv.es\/wp\/wp-content\/uploads\/2017\/01\/IMG-20170110-WA0004-1024x576.jpg 1024w, https:\/\/ffcv.es\/wp\/wp-content\/uploads\/2017\/01\/IMG-20170110-WA0004.jpg 1599w\" sizes=\"(max-width: 300px) 100vw, 300px\" \/><\/noscript><\/a>Nueva cita de la Selecci\u00f3n Auton\u00f3mica Femenina de F\u00fatbol Sala dentro de su programa de preparaci\u00f3n de cara a la disputa de la Fase Previa del Campeonato de Espa\u00f1a en categor\u00eda Sub-21. El combinado regional que dirige el seleccionador Angel Zurilla viajar\u00e1 el pr\u00f3ximo domingo a tierras castellonenses para realizar una nueva sesi\u00f3n de entrenamiento en el Pabell\u00f3n Municipal &#8216;La Bosca&#8217; de Burriana, comenzando \u00e9ste a las 17:00 horas y finalizando a las 19:00 horas.<\/p>\n<p><em>Autor: Prensa FFCV<\/em><\/p>\n","protected":false},"excerpt":{"rendered":"<p>El Comit\u00e9 de F\u00fatbol Sala ha confirmado que la Selecci\u00f3n Femenina Sub-21 entrenar\u00e1 el pr\u00f3ximo domingo en el Pabell\u00f3n Municipal &#8216;La Bosca&#8217; de Burriana (Castell\u00f3n). Nueva cita de la Selecci\u00f3n Auton\u00f3mica Femenina de F\u00fatbol Sala dentro de su programa de preparaci\u00f3n de cara a la disputa de la Fase Previa del Campeonato de Espa\u00f1a en<\/p>\n","protected":false},"author":5,"featured_media":12627,"comment_status":"closed","ping_status":"closed","sticky":false,"template":"","format":"standard","meta":{"om_disable_all_campaigns":false,"footnotes":""},"categories":[16,69,4,72],"tags":[102,124,51,86,187],"class_list":["post-12622","post","type-post","status-publish","format-standard","has-post-thumbnail","hentry","category-actualidad","category-noticias-ffcv","category-noticias-futbol-sala","category-noticias-selecciones","tag-convocatoria","tag-femenino","tag-futbol-sala","tag-selecciones","tag-sub-21"],"aioseo_notices":[],"_links":{"self":[{"href":"https:\/\/ffcv.es\/wp\/wp-json\/wp\/v2\/posts\/12622"}],"collection":[{"href":"https:\/\/ffcv.es\/wp\/wp-json\/wp\/v2\/posts"}],"about":[{"href":"https:\/\/ffcv.es\/wp\/wp-json\/wp\/v2\/types\/post"}],"author":[{"embeddable":true,"href":"https:\/\/ffcv.es\/wp\/wp-json\/wp\/v2\/users\/5"}],"replies":[{"embeddable":true,"href":"https:\/\/ffcv.es\/wp\/wp-json\/wp\/v2\/comments?post=12622"}],"version-history":[{"count":2,"href":"https:\/\/ffcv.es\/wp\/wp-json\/wp\/v2\/posts\/12622\/revisions"}],"predecessor-version":[{"id":12628,"href":"https:\/\/ffcv.es\/wp\/wp-json\/wp\/v2\/posts\/12622\/revisions\/12628"}],"wp:featuredmedia":[{"embeddable":true,"href":"https:\/\/ffcv.es\/wp\/wp-json\/wp\/v2\/media\/12627"}],"wp:attachment":[{"href":"https:\/\/ffcv.es\/wp\/wp-json\/wp\/v2\/media?parent=12622"}],"wp:term":[{"taxonomy":"category","embeddable":true,"href":"https:\/\/ffcv.es\/wp\/wp-json\/wp\/v2\/categories?post=12622"},{"taxonomy":"post_tag","embeddable":true,"href":"https:\/\/ffcv.es\/wp\/wp-json\/wp\/v2\/tags?post=12622"}],"curies":[{"name":"wp","href":"https:\/\/api.w.org\/{rel}","templated":true}]}}