{"id":125765,"date":"2023-10-05T12:10:01","date_gmt":"2023-10-05T10:10:01","guid":{"rendered":"https:\/\/ffcv.es\/wp\/?p=125765"},"modified":"2023-10-05T12:10:02","modified_gmt":"2023-10-05T10:10:02","slug":"convocatoria-amistoso-de-la-seleccio-valenciana-valenta-sub15-en-picassent","status":"publish","type":"post","link":"https:\/\/ffcv.es\/wp\/blog\/2023\/10\/convocatoria-amistoso-de-la-seleccio-valenciana-valenta-sub15-en-picassent\/","title":{"rendered":"CONVOCATORIA: Amistoso de la Selecci\u00f3 Valenciana Valenta sub15 en Picassent"},"content":{"rendered":"\n<p>La <strong>Federaci\u00f3 de Futbol de la Comunitat Valenciana<\/strong> ha hecho p\u00fablica la lista de jugadoras convocadas por la <strong>Selecci\u00f3 Valenciana Valenta sub15 de f\u00fatbol<\/strong>.<\/p>\n\n\n\n<p>Se trata de la segunda citaci\u00f3n de la temporada por parte de la seleccionadora<strong> Uge Soto<\/strong>. En este caso, para disputar un partido amistoso ante el <strong>Torrent CF<\/strong> infantil masculino.<\/p>\n\n\n\n<p>El partido se celebrar\u00e1 el martes 10 de octubre en el Camp de Futbol Miguel Monle\u00f3n de <strong>Picassent<\/strong>.<\/p>\n\n\n\n<div data-wp-interactive=\"core\/file\" class=\"wp-block-file\"><object data-wp-bind--hidden=\"!state.hasPdfPreview\"  class=\"wp-block-file__embed\" data=\"https:\/\/ffcv.es\/wp\/wp-content\/uploads\/2023\/10\/CONV.-SUB-15-FEM.-PICASSENT.pdf\" type=\"application\/pdf\" style=\"width:100%;height:600px\" aria-label=\"Incrustado de CONV.-SUB-15-FEM.-PICASSENT.\"><\/object><a id=\"wp-block-file--media-59d2cf88-85fb-4a72-abdd-9aeec9617385\" href=\"https:\/\/ffcv.es\/wp\/wp-content\/uploads\/2023\/10\/CONV.-SUB-15-FEM.-PICASSENT.pdf\">CONV.-SUB-15-FEM.-PICASSENT<\/a><a href=\"https:\/\/ffcv.es\/wp\/wp-content\/uploads\/2023\/10\/CONV.-SUB-15-FEM.-PICASSENT.pdf\" class=\"wp-block-file__button wp-element-button\" download aria-describedby=\"wp-block-file--media-59d2cf88-85fb-4a72-abdd-9aeec9617385\">Descarga<\/a><\/div>\n\n\n\n<figure class=\"wp-block-image size-large\"><img loading=\"lazy\" decoding=\"async\" width=\"1024\" height=\"768\" data-src=\"https:\/\/ffcv.es\/wp\/wp-content\/uploads\/2023\/10\/IMG_6910-1024x768.jpg\" alt=\"\" class=\"wp-image-125767 lazyload\" data-srcset=\"https:\/\/ffcv.es\/wp\/wp-content\/uploads\/2023\/10\/IMG_6910-1024x768.jpg 1024w, https:\/\/ffcv.es\/wp\/wp-content\/uploads\/2023\/10\/IMG_6910-300x225.jpg 300w, https:\/\/ffcv.es\/wp\/wp-content\/uploads\/2023\/10\/IMG_6910-768x576.jpg 768w, https:\/\/ffcv.es\/wp\/wp-content\/uploads\/2023\/10\/IMG_6910-1536x1152.jpg 1536w, https:\/\/ffcv.es\/wp\/wp-content\/uploads\/2023\/10\/IMG_6910-2048x1536.jpg 2048w, https:\/\/ffcv.es\/wp\/wp-content\/uploads\/2023\/10\/IMG_6910-249x187.jpg 249w, https:\/\/ffcv.es\/wp\/wp-content\/uploads\/2023\/10\/IMG_6910-1170x878.jpg 1170w, https:\/\/ffcv.es\/wp\/wp-content\/uploads\/2023\/10\/IMG_6910-scaled.jpg 1440w\" data-sizes=\"(max-width: 1024px) 100vw, 1024px\" src=\"data:image\/gif;base64,R0lGODlhAQABAAAAACH5BAEKAAEALAAAAAABAAEAAAICTAEAOw==\" style=\"--smush-placeholder-width: 1024px; --smush-placeholder-aspect-ratio: 1024\/768;\" \/><noscript><img loading=\"lazy\" decoding=\"async\" width=\"1024\" height=\"768\" src=\"https:\/\/ffcv.es\/wp\/wp-content\/uploads\/2023\/10\/IMG_6910-1024x768.jpg\" alt=\"\" class=\"wp-image-125767\" srcset=\"https:\/\/ffcv.es\/wp\/wp-content\/uploads\/2023\/10\/IMG_6910-1024x768.jpg 1024w, https:\/\/ffcv.es\/wp\/wp-content\/uploads\/2023\/10\/IMG_6910-300x225.jpg 300w, https:\/\/ffcv.es\/wp\/wp-content\/uploads\/2023\/10\/IMG_6910-768x576.jpg 768w, https:\/\/ffcv.es\/wp\/wp-content\/uploads\/2023\/10\/IMG_6910-1536x1152.jpg 1536w, https:\/\/ffcv.es\/wp\/wp-content\/uploads\/2023\/10\/IMG_6910-2048x1536.jpg 2048w, https:\/\/ffcv.es\/wp\/wp-content\/uploads\/2023\/10\/IMG_6910-249x187.jpg 249w, https:\/\/ffcv.es\/wp\/wp-content\/uploads\/2023\/10\/IMG_6910-1170x878.jpg 1170w, https:\/\/ffcv.es\/wp\/wp-content\/uploads\/2023\/10\/IMG_6910-scaled.jpg 1440w\" sizes=\"(max-width: 1024px) 100vw, 1024px\" \/><\/noscript><figcaption class=\"wp-element-caption\">Jugadoras que participaron en el primer entrenamiento de la temporada en Picassent el pasado 3 de octubre. <\/figcaption><\/figure>\n","protected":false},"excerpt":{"rendered":"<p>La Federaci\u00f3 de Futbol de la Comunitat Valenciana ha hecho p\u00fablica la lista de jugadoras convocadas por la Selecci\u00f3 Valenciana Valenta sub15 de f\u00fatbol. Se trata de la segunda citaci\u00f3n de la temporada por parte de la seleccionadora Uge Soto. En este caso, para disputar un partido amistoso ante el Torrent CF infantil masculino. El<\/p>\n","protected":false},"author":16,"featured_media":80989,"comment_status":"closed","ping_status":"closed","sticky":false,"template":"","format":"standard","meta":{"om_disable_all_campaigns":false,"footnotes":""},"categories":[3440,72,1177],"tags":[],"class_list":["post-125765","post","type-post","status-publish","format-standard","has-post-thumbnail","hentry","category-noticias-seleccion-valenta-sub14","category-noticias-selecciones","category-noticias-valenta"],"aioseo_notices":[],"_links":{"self":[{"href":"https:\/\/ffcv.es\/wp\/wp-json\/wp\/v2\/posts\/125765"}],"collection":[{"href":"https:\/\/ffcv.es\/wp\/wp-json\/wp\/v2\/posts"}],"about":[{"href":"https:\/\/ffcv.es\/wp\/wp-json\/wp\/v2\/types\/post"}],"author":[{"embeddable":true,"href":"https:\/\/ffcv.es\/wp\/wp-json\/wp\/v2\/users\/16"}],"replies":[{"embeddable":true,"href":"https:\/\/ffcv.es\/wp\/wp-json\/wp\/v2\/comments?post=125765"}],"version-history":[{"count":1,"href":"https:\/\/ffcv.es\/wp\/wp-json\/wp\/v2\/posts\/125765\/revisions"}],"predecessor-version":[{"id":125769,"href":"https:\/\/ffcv.es\/wp\/wp-json\/wp\/v2\/posts\/125765\/revisions\/125769"}],"wp:featuredmedia":[{"embeddable":true,"href":"https:\/\/ffcv.es\/wp\/wp-json\/wp\/v2\/media\/80989"}],"wp:attachment":[{"href":"https:\/\/ffcv.es\/wp\/wp-json\/wp\/v2\/media?parent=125765"}],"wp:term":[{"taxonomy":"category","embeddable":true,"href":"https:\/\/ffcv.es\/wp\/wp-json\/wp\/v2\/categories?post=125765"},{"taxonomy":"post_tag","embeddable":true,"href":"https:\/\/ffcv.es\/wp\/wp-json\/wp\/v2\/tags?post=125765"}],"curies":[{"name":"wp","href":"https:\/\/api.w.org\/{rel}","templated":true}]}}