{"id":120224,"date":"2023-09-08T14:02:00","date_gmt":"2023-09-08T12:02:00","guid":{"rendered":"https:\/\/ffcv.es\/wp\/?p=120224"},"modified":"2023-09-08T14:13:28","modified_gmt":"2023-09-08T12:13:28","slug":"estos-son-los-grupos-de-preferent-infantil-para-la-temporada-2023-2024","status":"publish","type":"post","link":"https:\/\/ffcv.es\/wp\/blog\/2023\/09\/estos-son-los-grupos-de-preferent-infantil-para-la-temporada-2023-2024\/","title":{"rendered":"Estos son los grupos y calendarios de Preferent Infantil para la temporada 2023\/2024"},"content":{"rendered":"\n<p>La<strong> Federaci\u00f3 de Futbol de la Comunitat Valenciana<\/strong> ha hecho p\u00fablicos los cuatro grupos de la categor\u00eda <strong>Preferent Infantil<\/strong> correspondientes a la temporada 2023\/2024.<\/p>\n\n\n\n<p>La competici\u00f3n en esta categor\u00eda comenzar\u00e1 el fin de semana del 24 de septiembre.<\/p>\n\n\n\n<h2 class=\"wp-block-heading\">Grup 1<\/h2>\n\n\n\n<div data-wp-interactive=\"core\/file\" class=\"wp-block-file\"><object data-wp-bind--hidden=\"!state.hasPdfPreview\"  class=\"wp-block-file__embed\" data=\"https:\/\/ffcv.es\/wp\/wp-content\/uploads\/2023\/09\/Preferent-Infantil-1.pdf\" type=\"application\/pdf\" style=\"width:100%;height:600px\" aria-label=\"Incrustado de Preferent-Infantil-1.\"><\/object><a id=\"wp-block-file--media-82acb883-8e81-482a-8103-11fb04caf0d1\" href=\"https:\/\/ffcv.es\/wp\/wp-content\/uploads\/2023\/09\/Preferent-Infantil-1.pdf\">Preferent-Infantil-1<\/a><a href=\"https:\/\/ffcv.es\/wp\/wp-content\/uploads\/2023\/09\/Preferent-Infantil-1.pdf\" class=\"wp-block-file__button wp-element-button\" download aria-describedby=\"wp-block-file--media-82acb883-8e81-482a-8103-11fb04caf0d1\">Descarga<\/a><\/div>\n\n\n\n<figure class=\"wp-block-image size-large\"><img loading=\"lazy\" decoding=\"async\" width=\"819\" height=\"1024\" data-src=\"https:\/\/ffcv.es\/wp\/wp-content\/uploads\/2023\/09\/1-819x1024.jpeg\" alt=\"\" class=\"wp-image-124315 lazyload\" data-srcset=\"https:\/\/ffcv.es\/wp\/wp-content\/uploads\/2023\/09\/1-819x1024.jpeg 819w, https:\/\/ffcv.es\/wp\/wp-content\/uploads\/2023\/09\/1-240x300.jpeg 240w, https:\/\/ffcv.es\/wp\/wp-content\/uploads\/2023\/09\/1-768x960.jpeg 768w, https:\/\/ffcv.es\/wp\/wp-content\/uploads\/2023\/09\/1-1229x1536.jpeg 1229w, https:\/\/ffcv.es\/wp\/wp-content\/uploads\/2023\/09\/1-150x187.jpeg 150w, https:\/\/ffcv.es\/wp\/wp-content\/uploads\/2023\/09\/1-1170x1463.jpeg 1170w, https:\/\/ffcv.es\/wp\/wp-content\/uploads\/2023\/09\/1.jpeg 864w\" data-sizes=\"(max-width: 819px) 100vw, 819px\" src=\"data:image\/gif;base64,R0lGODlhAQABAAAAACH5BAEKAAEALAAAAAABAAEAAAICTAEAOw==\" style=\"--smush-placeholder-width: 819px; --smush-placeholder-aspect-ratio: 819\/1024;\" \/><noscript><img loading=\"lazy\" decoding=\"async\" width=\"819\" height=\"1024\" src=\"https:\/\/ffcv.es\/wp\/wp-content\/uploads\/2023\/09\/1-819x1024.jpeg\" alt=\"\" class=\"wp-image-124315\" srcset=\"https:\/\/ffcv.es\/wp\/wp-content\/uploads\/2023\/09\/1-819x1024.jpeg 819w, https:\/\/ffcv.es\/wp\/wp-content\/uploads\/2023\/09\/1-240x300.jpeg 240w, https:\/\/ffcv.es\/wp\/wp-content\/uploads\/2023\/09\/1-768x960.jpeg 768w, https:\/\/ffcv.es\/wp\/wp-content\/uploads\/2023\/09\/1-1229x1536.jpeg 1229w, https:\/\/ffcv.es\/wp\/wp-content\/uploads\/2023\/09\/1-150x187.jpeg 150w, https:\/\/ffcv.es\/wp\/wp-content\/uploads\/2023\/09\/1-1170x1463.jpeg 1170w, https:\/\/ffcv.es\/wp\/wp-content\/uploads\/2023\/09\/1.jpeg 864w\" sizes=\"(max-width: 819px) 100vw, 819px\" \/><\/noscript><\/figure>\n\n\n\n<h2 class=\"wp-block-heading\">Grup 2<\/h2>\n\n\n\n<div data-wp-interactive=\"core\/file\" class=\"wp-block-file\"><object data-wp-bind--hidden=\"!state.hasPdfPreview\"  class=\"wp-block-file__embed\" data=\"https:\/\/ffcv.es\/wp\/wp-content\/uploads\/2023\/09\/Preferent-Infantil-2.pdf\" type=\"application\/pdf\" style=\"width:100%;height:600px\" aria-label=\"Incrustado de Preferent-Infantil-2.\"><\/object><a id=\"wp-block-file--media-9eb8ba05-7f68-4688-9c5a-5a4c4bc76f16\" href=\"https:\/\/ffcv.es\/wp\/wp-content\/uploads\/2023\/09\/Preferent-Infantil-2.pdf\">Preferent-Infantil-2<\/a><a href=\"https:\/\/ffcv.es\/wp\/wp-content\/uploads\/2023\/09\/Preferent-Infantil-2.pdf\" class=\"wp-block-file__button wp-element-button\" download aria-describedby=\"wp-block-file--media-9eb8ba05-7f68-4688-9c5a-5a4c4bc76f16\">Descarga<\/a><\/div>\n\n\n\n<figure class=\"wp-block-image size-large\"><img loading=\"lazy\" decoding=\"async\" width=\"819\" height=\"1024\" data-src=\"https:\/\/ffcv.es\/wp\/wp-content\/uploads\/2023\/07\/2-2-819x1024.png\" alt=\"\" class=\"wp-image-120229 lazyload\" data-srcset=\"https:\/\/ffcv.es\/wp\/wp-content\/uploads\/2023\/07\/2-2-819x1024.png 819w, https:\/\/ffcv.es\/wp\/wp-content\/uploads\/2023\/07\/2-2-240x300.png 240w, https:\/\/ffcv.es\/wp\/wp-content\/uploads\/2023\/07\/2-2-768x960.png 768w, https:\/\/ffcv.es\/wp\/wp-content\/uploads\/2023\/07\/2-2-1229x1536.png 1229w, https:\/\/ffcv.es\/wp\/wp-content\/uploads\/2023\/07\/2-2-1638x2048.png 1638w, https:\/\/ffcv.es\/wp\/wp-content\/uploads\/2023\/07\/2-2-150x187.png 150w, https:\/\/ffcv.es\/wp\/wp-content\/uploads\/2023\/07\/2-2-1170x1463.png 1170w, https:\/\/ffcv.es\/wp\/wp-content\/uploads\/2023\/07\/2-2.png 864w\" data-sizes=\"(max-width: 819px) 100vw, 819px\" src=\"data:image\/gif;base64,R0lGODlhAQABAAAAACH5BAEKAAEALAAAAAABAAEAAAICTAEAOw==\" style=\"--smush-placeholder-width: 819px; --smush-placeholder-aspect-ratio: 819\/1024;\" \/><noscript><img loading=\"lazy\" decoding=\"async\" width=\"819\" height=\"1024\" src=\"https:\/\/ffcv.es\/wp\/wp-content\/uploads\/2023\/07\/2-2-819x1024.png\" alt=\"\" class=\"wp-image-120229\" srcset=\"https:\/\/ffcv.es\/wp\/wp-content\/uploads\/2023\/07\/2-2-819x1024.png 819w, https:\/\/ffcv.es\/wp\/wp-content\/uploads\/2023\/07\/2-2-240x300.png 240w, https:\/\/ffcv.es\/wp\/wp-content\/uploads\/2023\/07\/2-2-768x960.png 768w, https:\/\/ffcv.es\/wp\/wp-content\/uploads\/2023\/07\/2-2-1229x1536.png 1229w, https:\/\/ffcv.es\/wp\/wp-content\/uploads\/2023\/07\/2-2-1638x2048.png 1638w, https:\/\/ffcv.es\/wp\/wp-content\/uploads\/2023\/07\/2-2-150x187.png 150w, https:\/\/ffcv.es\/wp\/wp-content\/uploads\/2023\/07\/2-2-1170x1463.png 1170w, https:\/\/ffcv.es\/wp\/wp-content\/uploads\/2023\/07\/2-2.png 864w\" sizes=\"(max-width: 819px) 100vw, 819px\" \/><\/noscript><\/figure>\n\n\n\n<h2 class=\"wp-block-heading\">Grup 3<\/h2>\n\n\n\n<div data-wp-interactive=\"core\/file\" class=\"wp-block-file\"><object data-wp-bind--hidden=\"!state.hasPdfPreview\"  class=\"wp-block-file__embed\" data=\"https:\/\/ffcv.es\/wp\/wp-content\/uploads\/2023\/09\/Preferent-Infantil-3.pdf\" type=\"application\/pdf\" style=\"width:100%;height:600px\" aria-label=\"Incrustado de Preferent-Infantil-3.\"><\/object><a id=\"wp-block-file--media-eee60eac-06af-4c7f-a726-a7e10abdc971\" href=\"https:\/\/ffcv.es\/wp\/wp-content\/uploads\/2023\/09\/Preferent-Infantil-3.pdf\">Preferent-Infantil-3<\/a><a href=\"https:\/\/ffcv.es\/wp\/wp-content\/uploads\/2023\/09\/Preferent-Infantil-3.pdf\" class=\"wp-block-file__button wp-element-button\" download aria-describedby=\"wp-block-file--media-eee60eac-06af-4c7f-a726-a7e10abdc971\">Descarga<\/a><\/div>\n\n\n\n<figure class=\"wp-block-image size-large\"><img loading=\"lazy\" decoding=\"async\" width=\"819\" height=\"1024\" data-src=\"https:\/\/ffcv.es\/wp\/wp-content\/uploads\/2023\/07\/3-3-819x1024.png\" alt=\"\" class=\"wp-image-120230 lazyload\" data-srcset=\"https:\/\/ffcv.es\/wp\/wp-content\/uploads\/2023\/07\/3-3-819x1024.png 819w, https:\/\/ffcv.es\/wp\/wp-content\/uploads\/2023\/07\/3-3-240x300.png 240w, https:\/\/ffcv.es\/wp\/wp-content\/uploads\/2023\/07\/3-3-768x960.png 768w, https:\/\/ffcv.es\/wp\/wp-content\/uploads\/2023\/07\/3-3-1229x1536.png 1229w, https:\/\/ffcv.es\/wp\/wp-content\/uploads\/2023\/07\/3-3-1638x2048.png 1638w, https:\/\/ffcv.es\/wp\/wp-content\/uploads\/2023\/07\/3-3-150x187.png 150w, https:\/\/ffcv.es\/wp\/wp-content\/uploads\/2023\/07\/3-3-1170x1463.png 1170w, https:\/\/ffcv.es\/wp\/wp-content\/uploads\/2023\/07\/3-3.png 864w\" data-sizes=\"(max-width: 819px) 100vw, 819px\" src=\"data:image\/gif;base64,R0lGODlhAQABAAAAACH5BAEKAAEALAAAAAABAAEAAAICTAEAOw==\" style=\"--smush-placeholder-width: 819px; --smush-placeholder-aspect-ratio: 819\/1024;\" \/><noscript><img loading=\"lazy\" decoding=\"async\" width=\"819\" height=\"1024\" src=\"https:\/\/ffcv.es\/wp\/wp-content\/uploads\/2023\/07\/3-3-819x1024.png\" alt=\"\" class=\"wp-image-120230\" srcset=\"https:\/\/ffcv.es\/wp\/wp-content\/uploads\/2023\/07\/3-3-819x1024.png 819w, https:\/\/ffcv.es\/wp\/wp-content\/uploads\/2023\/07\/3-3-240x300.png 240w, https:\/\/ffcv.es\/wp\/wp-content\/uploads\/2023\/07\/3-3-768x960.png 768w, https:\/\/ffcv.es\/wp\/wp-content\/uploads\/2023\/07\/3-3-1229x1536.png 1229w, https:\/\/ffcv.es\/wp\/wp-content\/uploads\/2023\/07\/3-3-1638x2048.png 1638w, https:\/\/ffcv.es\/wp\/wp-content\/uploads\/2023\/07\/3-3-150x187.png 150w, https:\/\/ffcv.es\/wp\/wp-content\/uploads\/2023\/07\/3-3-1170x1463.png 1170w, https:\/\/ffcv.es\/wp\/wp-content\/uploads\/2023\/07\/3-3.png 864w\" sizes=\"(max-width: 819px) 100vw, 819px\" \/><\/noscript><\/figure>\n\n\n\n<h2 class=\"wp-block-heading\">Grup 4<\/h2>\n\n\n\n<div data-wp-interactive=\"core\/file\" class=\"wp-block-file\"><object data-wp-bind--hidden=\"!state.hasPdfPreview\"  class=\"wp-block-file__embed\" data=\"https:\/\/ffcv.es\/wp\/wp-content\/uploads\/2023\/09\/Preferent-Infantil-4.pdf\" type=\"application\/pdf\" style=\"width:100%;height:600px\" aria-label=\"Incrustado de Preferent-Infantil-4.\"><\/object><a id=\"wp-block-file--media-9987b051-1c79-446a-ae59-f050dd6fc8fd\" href=\"https:\/\/ffcv.es\/wp\/wp-content\/uploads\/2023\/09\/Preferent-Infantil-4.pdf\">Preferent-Infantil-4<\/a><a href=\"https:\/\/ffcv.es\/wp\/wp-content\/uploads\/2023\/09\/Preferent-Infantil-4.pdf\" class=\"wp-block-file__button wp-element-button\" download aria-describedby=\"wp-block-file--media-9987b051-1c79-446a-ae59-f050dd6fc8fd\">Descarga<\/a><\/div>\n\n\n\n<figure class=\"wp-block-image size-large\"><img loading=\"lazy\" decoding=\"async\" width=\"819\" height=\"1024\" data-src=\"https:\/\/ffcv.es\/wp\/wp-content\/uploads\/2023\/07\/4-2-819x1024.png\" alt=\"\" class=\"wp-image-120231 lazyload\" data-srcset=\"https:\/\/ffcv.es\/wp\/wp-content\/uploads\/2023\/07\/4-2-819x1024.png 819w, https:\/\/ffcv.es\/wp\/wp-content\/uploads\/2023\/07\/4-2-240x300.png 240w, https:\/\/ffcv.es\/wp\/wp-content\/uploads\/2023\/07\/4-2-768x960.png 768w, https:\/\/ffcv.es\/wp\/wp-content\/uploads\/2023\/07\/4-2-1229x1536.png 1229w, https:\/\/ffcv.es\/wp\/wp-content\/uploads\/2023\/07\/4-2-1638x2048.png 1638w, https:\/\/ffcv.es\/wp\/wp-content\/uploads\/2023\/07\/4-2-150x187.png 150w, https:\/\/ffcv.es\/wp\/wp-content\/uploads\/2023\/07\/4-2-1170x1463.png 1170w, https:\/\/ffcv.es\/wp\/wp-content\/uploads\/2023\/07\/4-2.png 864w\" data-sizes=\"(max-width: 819px) 100vw, 819px\" src=\"data:image\/gif;base64,R0lGODlhAQABAAAAACH5BAEKAAEALAAAAAABAAEAAAICTAEAOw==\" style=\"--smush-placeholder-width: 819px; --smush-placeholder-aspect-ratio: 819\/1024;\" \/><noscript><img loading=\"lazy\" decoding=\"async\" width=\"819\" height=\"1024\" src=\"https:\/\/ffcv.es\/wp\/wp-content\/uploads\/2023\/07\/4-2-819x1024.png\" alt=\"\" class=\"wp-image-120231\" srcset=\"https:\/\/ffcv.es\/wp\/wp-content\/uploads\/2023\/07\/4-2-819x1024.png 819w, https:\/\/ffcv.es\/wp\/wp-content\/uploads\/2023\/07\/4-2-240x300.png 240w, https:\/\/ffcv.es\/wp\/wp-content\/uploads\/2023\/07\/4-2-768x960.png 768w, https:\/\/ffcv.es\/wp\/wp-content\/uploads\/2023\/07\/4-2-1229x1536.png 1229w, https:\/\/ffcv.es\/wp\/wp-content\/uploads\/2023\/07\/4-2-1638x2048.png 1638w, https:\/\/ffcv.es\/wp\/wp-content\/uploads\/2023\/07\/4-2-150x187.png 150w, https:\/\/ffcv.es\/wp\/wp-content\/uploads\/2023\/07\/4-2-1170x1463.png 1170w, https:\/\/ffcv.es\/wp\/wp-content\/uploads\/2023\/07\/4-2.png 864w\" sizes=\"(max-width: 819px) 100vw, 819px\" \/><\/noscript><\/figure>\n","protected":false},"excerpt":{"rendered":"<p>La Federaci\u00f3 de Futbol de la Comunitat Valenciana ha hecho p\u00fablicos los cuatro grupos de la categor\u00eda Preferent Infantil correspondientes a la temporada 2023\/2024. La competici\u00f3n en esta categor\u00eda comenzar\u00e1 el fin de semana del 24 de septiembre. Grup 1 Grup 2 Grup 3 Grup 4<\/p>\n","protected":false},"author":16,"featured_media":120227,"comment_status":"closed","ping_status":"closed","sticky":false,"template":"","format":"standard","meta":{"om_disable_all_campaigns":false,"footnotes":""},"categories":[5656],"tags":[103,3316,6716],"class_list":["post-120224","post","type-post","status-publish","format-standard","has-post-thumbnail","hentry","category-grupos-ffcv","tag-grupos","tag-preferent-infantil","tag-temporada-2023-2024"],"aioseo_notices":[],"_links":{"self":[{"href":"https:\/\/ffcv.es\/wp\/wp-json\/wp\/v2\/posts\/120224"}],"collection":[{"href":"https:\/\/ffcv.es\/wp\/wp-json\/wp\/v2\/posts"}],"about":[{"href":"https:\/\/ffcv.es\/wp\/wp-json\/wp\/v2\/types\/post"}],"author":[{"embeddable":true,"href":"https:\/\/ffcv.es\/wp\/wp-json\/wp\/v2\/users\/16"}],"replies":[{"embeddable":true,"href":"https:\/\/ffcv.es\/wp\/wp-json\/wp\/v2\/comments?post=120224"}],"version-history":[{"count":3,"href":"https:\/\/ffcv.es\/wp\/wp-json\/wp\/v2\/posts\/120224\/revisions"}],"predecessor-version":[{"id":124321,"href":"https:\/\/ffcv.es\/wp\/wp-json\/wp\/v2\/posts\/120224\/revisions\/124321"}],"wp:featuredmedia":[{"embeddable":true,"href":"https:\/\/ffcv.es\/wp\/wp-json\/wp\/v2\/media\/120227"}],"wp:attachment":[{"href":"https:\/\/ffcv.es\/wp\/wp-json\/wp\/v2\/media?parent=120224"}],"wp:term":[{"taxonomy":"category","embeddable":true,"href":"https:\/\/ffcv.es\/wp\/wp-json\/wp\/v2\/categories?post=120224"},{"taxonomy":"post_tag","embeddable":true,"href":"https:\/\/ffcv.es\/wp\/wp-json\/wp\/v2\/tags?post=120224"}],"curies":[{"name":"wp","href":"https:\/\/api.w.org\/{rel}","templated":true}]}}