{"id":117718,"date":"2023-05-08T12:20:41","date_gmt":"2023-05-08T10:20:41","guid":{"rendered":"https:\/\/ffcv.es\/wp\/?p=117718"},"modified":"2023-05-08T12:20:42","modified_gmt":"2023-05-08T10:20:42","slug":"ampliado-el-plazo-de-matricula-para-el-curso-nacional-c-de-futbol-sala-apuntate-aqui","status":"publish","type":"post","link":"https:\/\/ffcv.es\/wp\/blog\/2023\/05\/ampliado-el-plazo-de-matricula-para-el-curso-nacional-c-de-futbol-sala-apuntate-aqui\/","title":{"rendered":"Ampliado el plazo de matr\u00edcula para el curso Nacional C de f\u00fatbol sala- AP\u00daNTATE AQU\u00cd"},"content":{"rendered":"\n<p>La <strong>Escola d&#8217;Entrenadors de la Federaci\u00f3 de Futbol de la Comunitat Valenciana<\/strong> comunica que se ha ampliado el plazo de inscripci\u00f3n para el curso de entrenador <strong>Nacional C de f\u00fatbol sala<\/strong>.<\/p>\n\n\n\n<p>Hasta el d\u00eda 15 de mayo de 2023 podr\u00e1s apuntarte a este curso, que comenzar\u00e1 el 22 de mayo de 2023.<\/p>\n\n\n\n<h2 class=\"wp-block-heading\">Inscripciones<\/h2>\n\n\n\n<p>Toda la informaci\u00f3n sobre este curso y el formulario de inscripci\u00f3n para apuntarte, lo encontrar\u00e1s aqu\u00ed:<\/p>\n\n\n\n<ul class=\"wp-block-list\">\n<li><a href=\"https:\/\/rfef.misquad.es\/istudy_detalle_curso_web.php?id_curso=3655\" target=\"_blank\" rel=\"noreferrer noopener\">NACIONAL C<\/a><\/li>\n<\/ul>\n\n\n\n<figure class=\"wp-block-image size-full\"><img loading=\"lazy\" decoding=\"async\" width=\"640\" height=\"360\" data-src=\"https:\/\/ffcv.es\/wp\/wp-content\/uploads\/2019\/01\/cropped-Esquema-entrenador-futbol-small-dark.jpg\" alt=\"\" class=\"wp-image-35620 lazyload\" data-srcset=\"https:\/\/ffcv.es\/wp\/wp-content\/uploads\/2019\/01\/cropped-Esquema-entrenador-futbol-small-dark.jpg 640w, https:\/\/ffcv.es\/wp\/wp-content\/uploads\/2019\/01\/cropped-Esquema-entrenador-futbol-small-dark-300x169.jpg 300w, https:\/\/ffcv.es\/wp\/wp-content\/uploads\/2019\/01\/cropped-Esquema-entrenador-futbol-small-dark-280x158.jpg 280w\" data-sizes=\"(max-width: 640px) 100vw, 640px\" src=\"data:image\/gif;base64,R0lGODlhAQABAAAAACH5BAEKAAEALAAAAAABAAEAAAICTAEAOw==\" style=\"--smush-placeholder-width: 640px; --smush-placeholder-aspect-ratio: 640\/360;\" \/><noscript><img loading=\"lazy\" decoding=\"async\" width=\"640\" height=\"360\" src=\"https:\/\/ffcv.es\/wp\/wp-content\/uploads\/2019\/01\/cropped-Esquema-entrenador-futbol-small-dark.jpg\" alt=\"\" class=\"wp-image-35620\" srcset=\"https:\/\/ffcv.es\/wp\/wp-content\/uploads\/2019\/01\/cropped-Esquema-entrenador-futbol-small-dark.jpg 640w, https:\/\/ffcv.es\/wp\/wp-content\/uploads\/2019\/01\/cropped-Esquema-entrenador-futbol-small-dark-300x169.jpg 300w, https:\/\/ffcv.es\/wp\/wp-content\/uploads\/2019\/01\/cropped-Esquema-entrenador-futbol-small-dark-280x158.jpg 280w\" sizes=\"(max-width: 640px) 100vw, 640px\" \/><\/noscript><\/figure>\n\n\n\n<p><em>En atenci\u00f3n a lo previsto en la Disposici\u00f3n Adicional Octava del Real Decreto<br>1363\/2007, la Real Federaci\u00f3n Espa\u00f1ola de F\u00fatbol manifiesta que toda la formaic\u00f3n descrita en los apartados anteriores tiene un reconocimiento \u00fanico y exclusivo de la UEFA (en el marco de la Convenci\u00f3n de la UEFA sobre Titulaciones T\u00e9cnicas) con todas las consecuencias que a nivel de participaci\u00f3n en competiciones oficiales reconocidas por la FIFA y la UEFA y de movilidad internacional conlleva formar parte de dichas estructuras como miembro de las mismas.<\/em><\/p>\n\n\n\n<p><em>En este sentido debe se\u00f1alarse que la UEFA y la FIFA s\u00f3lo reconocen a la RFEF como el \u00fanico ente competente en Espa\u00f1a para realizar dichas formaciones sin que ning\u00fan ente no adscrito o reconocido por la RFEF pueda ofertar dichos Diplomas y Licencias con la validez a nivel internacional que prev\u00e9 la Convenci\u00f3n de la UEFA sobre Titulaciones T\u00e9cnicas.<\/em><\/p>\n\n\n\n<p><em>En cumplimiento de la Disposici\u00f3n Adicional Octava apartado 4 del Real Decreto 1363\/2007, de 24 de octubre, por el que se establece la ordenaci\u00f3n general de las ense\u00f1anzas deportivas de r\u00e9gimen especial, se informa de que los estudios que se imparten y de los diplomas o certificados que se expiden no tienen el car\u00e1cter de oficial.<\/em><\/p>\n","protected":false},"excerpt":{"rendered":"<p>La Escola d&#8217;Entrenadors de la Federaci\u00f3 de Futbol de la Comunitat Valenciana comunica que se ha ampliado el plazo de inscripci\u00f3n para el curso de entrenador Nacional C de f\u00fatbol sala. Hasta el d\u00eda 15 de mayo de 2023 podr\u00e1s apuntarte a este curso, que comenzar\u00e1 el 22 de mayo de 2023. Inscripciones Toda la<\/p>\n","protected":false},"author":16,"featured_media":117616,"comment_status":"closed","ping_status":"closed","sticky":false,"template":"","format":"standard","meta":{"om_disable_all_campaigns":false,"footnotes":""},"categories":[15,77],"tags":[],"class_list":["post-117718","post","type-post","status-publish","format-standard","has-post-thumbnail","hentry","category-cursos","category-cursos-entrenadores"],"aioseo_notices":[],"_links":{"self":[{"href":"https:\/\/ffcv.es\/wp\/wp-json\/wp\/v2\/posts\/117718"}],"collection":[{"href":"https:\/\/ffcv.es\/wp\/wp-json\/wp\/v2\/posts"}],"about":[{"href":"https:\/\/ffcv.es\/wp\/wp-json\/wp\/v2\/types\/post"}],"author":[{"embeddable":true,"href":"https:\/\/ffcv.es\/wp\/wp-json\/wp\/v2\/users\/16"}],"replies":[{"embeddable":true,"href":"https:\/\/ffcv.es\/wp\/wp-json\/wp\/v2\/comments?post=117718"}],"version-history":[{"count":1,"href":"https:\/\/ffcv.es\/wp\/wp-json\/wp\/v2\/posts\/117718\/revisions"}],"predecessor-version":[{"id":117719,"href":"https:\/\/ffcv.es\/wp\/wp-json\/wp\/v2\/posts\/117718\/revisions\/117719"}],"wp:featuredmedia":[{"embeddable":true,"href":"https:\/\/ffcv.es\/wp\/wp-json\/wp\/v2\/media\/117616"}],"wp:attachment":[{"href":"https:\/\/ffcv.es\/wp\/wp-json\/wp\/v2\/media?parent=117718"}],"wp:term":[{"taxonomy":"category","embeddable":true,"href":"https:\/\/ffcv.es\/wp\/wp-json\/wp\/v2\/categories?post=117718"},{"taxonomy":"post_tag","embeddable":true,"href":"https:\/\/ffcv.es\/wp\/wp-json\/wp\/v2\/tags?post=117718"}],"curies":[{"name":"wp","href":"https:\/\/api.w.org\/{rel}","templated":true}]}}