{"id":11734,"date":"2016-11-29T09:52:35","date_gmt":"2016-11-29T09:52:35","guid":{"rendered":"https:\/\/ffcv.es\/wp\/?p=11734"},"modified":"2016-12-05T11:28:32","modified_gmt":"2016-12-05T11:28:32","slug":"exito-tradicional-gala-premios-ffcv","status":"publish","type":"post","link":"https:\/\/ffcv.es\/wp\/blog\/2016\/11\/exito-tradicional-gala-premios-ffcv\/","title":{"rendered":"Exito de la tradicional Gala anual de Premios de FFCV"},"content":{"rendered":"<p>La Federaci\u00f3n de F\u00fatbol de la Comunidad Valenciana celebr\u00f3 ayer con gran \u00e9xito la tradicional Gala de Entrega de Premios y Trofeos correspondiente a la pasada campa\u00f1a deportiva 2015\/16.<\/p>\n<div align=\"center\"><script src=\"\/\/pagead2.googlesyndication.com\/pagead\/js\/adsbygoogle.js\" async=\"\"><\/script><!-- cabecera_paginas_adaptable --> <ins class=\"adsbygoogle\" style=\"display: block; background: none !important;\" data-ad-client=\"ca-pub-8508993344894927\" data-ad-slot=\"8273813495\" data-ad-format=\"auto\"><\/ins><script>\/\/ <![CDATA[\n(adsbygoogle = window.adsbygoogle || []).push({});\n\/\/ ]]><\/script><\/div>\n<p><a href=\"https:\/\/ffcv.es\/wp\/wp-content\/uploads\/2016\/11\/presi.jpg\"><img loading=\"lazy\" decoding=\"async\" class=\"alignright wp-image-11737 size-medium lazyload\" data-src=\"https:\/\/ffcv.es\/wp\/wp-content\/uploads\/2016\/11\/presi-300x204.jpg\" alt=\"presi\" width=\"300\" height=\"204\" data-srcset=\"https:\/\/ffcv.es\/wp\/wp-content\/uploads\/2016\/11\/presi-300x204.jpg 300w, https:\/\/ffcv.es\/wp\/wp-content\/uploads\/2016\/11\/presi-768x522.jpg 768w, https:\/\/ffcv.es\/wp\/wp-content\/uploads\/2016\/11\/presi-1024x696.jpg 1024w, https:\/\/ffcv.es\/wp\/wp-content\/uploads\/2016\/11\/presi.jpg 1276w\" data-sizes=\"(max-width: 300px) 100vw, 300px\" src=\"data:image\/gif;base64,R0lGODlhAQABAAAAACH5BAEKAAEALAAAAAABAAEAAAICTAEAOw==\" style=\"--smush-placeholder-width: 300px; --smush-placeholder-aspect-ratio: 300\/204;\" \/><noscript><img loading=\"lazy\" decoding=\"async\" class=\"alignright wp-image-11737 size-medium\" src=\"https:\/\/ffcv.es\/wp\/wp-content\/uploads\/2016\/11\/presi-300x204.jpg\" alt=\"presi\" width=\"300\" height=\"204\" srcset=\"https:\/\/ffcv.es\/wp\/wp-content\/uploads\/2016\/11\/presi-300x204.jpg 300w, https:\/\/ffcv.es\/wp\/wp-content\/uploads\/2016\/11\/presi-768x522.jpg 768w, https:\/\/ffcv.es\/wp\/wp-content\/uploads\/2016\/11\/presi-1024x696.jpg 1024w, https:\/\/ffcv.es\/wp\/wp-content\/uploads\/2016\/11\/presi.jpg 1276w\" sizes=\"(max-width: 300px) 100vw, 300px\" \/><\/noscript><\/a>El Palacio de Congresos de la capital del Turia acogi\u00f3 en la tarde de ayer la celebraci\u00f3n de la Gala anual de Premios de la FFCV, un acto en el que la instituci\u00f3n federativa entreg\u00f3 los trofeos de Campe\u00f3n a los equipos aficionados y juveniles de la pasada temporada y reconoci\u00f3 los m\u00e9ritos de diferentes estamentos como clubs, directivos, entrenadores, \u00e1rbitros y tambi\u00e9n jugadores que alcanzaron la internacionalidad con la Selecci\u00f3n Espa\u00f1ola en diferentes categor\u00edas. A la misma asistieron el presidente de la FFCV, Vicente Mu\u00f1oz Castell\u00f3, junto con buena parte de su Junta Directiva, los presidentes de los Comit\u00e9s de Arbitros y Entrenadores, Jos\u00e9 Miller y Jos\u00e9 Mart\u00ednez, el presidente del Levante UD, Quico Catal\u00e1n, y su presidente de honor, Francisco Fenollosa, la concejal de Deportes de Valencia, Maite Girau, y el director gerente de la Fundaci\u00f3n Deportiva Municipal, Jos\u00e9 Vicente Berlanga, entre otros muchos invitados.<\/p>\n<p><a href=\"https:\/\/ffcv.es\/wp\/wp-content\/uploads\/2016\/11\/sala.jpg\"><img loading=\"lazy\" decoding=\"async\" class=\"alignright wp-image-11738 size-medium lazyload\" data-src=\"https:\/\/ffcv.es\/wp\/wp-content\/uploads\/2016\/11\/sala-300x175.jpg\" alt=\"sala\" width=\"300\" height=\"175\" data-srcset=\"https:\/\/ffcv.es\/wp\/wp-content\/uploads\/2016\/11\/sala-300x175.jpg 300w, https:\/\/ffcv.es\/wp\/wp-content\/uploads\/2016\/11\/sala-768x448.jpg 768w, https:\/\/ffcv.es\/wp\/wp-content\/uploads\/2016\/11\/sala-1024x597.jpg 1024w, https:\/\/ffcv.es\/wp\/wp-content\/uploads\/2016\/11\/sala.jpg 1276w\" data-sizes=\"(max-width: 300px) 100vw, 300px\" src=\"data:image\/gif;base64,R0lGODlhAQABAAAAACH5BAEKAAEALAAAAAABAAEAAAICTAEAOw==\" style=\"--smush-placeholder-width: 300px; --smush-placeholder-aspect-ratio: 300\/175;\" \/><noscript><img loading=\"lazy\" decoding=\"async\" class=\"alignright wp-image-11738 size-medium\" src=\"https:\/\/ffcv.es\/wp\/wp-content\/uploads\/2016\/11\/sala-300x175.jpg\" alt=\"sala\" width=\"300\" height=\"175\" srcset=\"https:\/\/ffcv.es\/wp\/wp-content\/uploads\/2016\/11\/sala-300x175.jpg 300w, https:\/\/ffcv.es\/wp\/wp-content\/uploads\/2016\/11\/sala-768x448.jpg 768w, https:\/\/ffcv.es\/wp\/wp-content\/uploads\/2016\/11\/sala-1024x597.jpg 1024w, https:\/\/ffcv.es\/wp\/wp-content\/uploads\/2016\/11\/sala.jpg 1276w\" sizes=\"(max-width: 300px) 100vw, 300px\" \/><\/noscript><\/a>M\u00e1s de 500 asistentes disfrutaron de una gala diferente en un marco excepcional en la que se pudo ver un resumen de las mejores im\u00e1genes de la pasada temporada y en la que el m\u00e1ximo mandatario federativo agradeci\u00f3 en su discurso la masiva respuesta de los clubes a la convocatoria, destacando <em>\u00abla buena salud del deporte valenciano\u00bb<\/em>; por su parte, la responsable del deporte municipal en Valencia afirm\u00f3 sentirse <em>\u00abhonrada por participar en la Gala del f\u00fatbol auton\u00f3mico\u00bb<\/em>, felicitando al tiempo a todos los ganadores de sus ligas y a los distinguidos por la FFCV. Conducida por el periodista Paco Lloret y amenizada por el mago y mentalista Dar\u00edo Piera, la Gala dio comienzo con la entrega de los trofeos acreditativos a los equipos campeones de las ligas en categor\u00eda Regional Juvenil, Regional y Auton\u00f3mica Femenina, Regional Amateur y Liga Preferente, quienes paulatinamente fueron accediendo al escenario entre aplausos para recoger sus copas e inmortalizar el momento.<\/p>\n<p><a href=\"https:\/\/ffcv.es\/wp\/wp-content\/uploads\/2016\/11\/jugadores-internacionales.jpg\"><img loading=\"lazy\" decoding=\"async\" class=\"alignright wp-image-11739 size-medium lazyload\" data-src=\"https:\/\/ffcv.es\/wp\/wp-content\/uploads\/2016\/11\/jugadores-internacionales-300x178.jpg\" alt=\"jugadores-internacionales\" width=\"300\" height=\"178\" data-srcset=\"https:\/\/ffcv.es\/wp\/wp-content\/uploads\/2016\/11\/jugadores-internacionales-300x178.jpg 300w, https:\/\/ffcv.es\/wp\/wp-content\/uploads\/2016\/11\/jugadores-internacionales-768x456.jpg 768w, https:\/\/ffcv.es\/wp\/wp-content\/uploads\/2016\/11\/jugadores-internacionales-1024x608.jpg 1024w, https:\/\/ffcv.es\/wp\/wp-content\/uploads\/2016\/11\/jugadores-internacionales-370x220.jpg 370w\" data-sizes=\"(max-width: 300px) 100vw, 300px\" src=\"data:image\/gif;base64,R0lGODlhAQABAAAAACH5BAEKAAEALAAAAAABAAEAAAICTAEAOw==\" style=\"--smush-placeholder-width: 300px; --smush-placeholder-aspect-ratio: 300\/178;\" \/><noscript><img loading=\"lazy\" decoding=\"async\" class=\"alignright wp-image-11739 size-medium\" src=\"https:\/\/ffcv.es\/wp\/wp-content\/uploads\/2016\/11\/jugadores-internacionales-300x178.jpg\" alt=\"jugadores-internacionales\" width=\"300\" height=\"178\" srcset=\"https:\/\/ffcv.es\/wp\/wp-content\/uploads\/2016\/11\/jugadores-internacionales-300x178.jpg 300w, https:\/\/ffcv.es\/wp\/wp-content\/uploads\/2016\/11\/jugadores-internacionales-768x456.jpg 768w, https:\/\/ffcv.es\/wp\/wp-content\/uploads\/2016\/11\/jugadores-internacionales-1024x608.jpg 1024w, https:\/\/ffcv.es\/wp\/wp-content\/uploads\/2016\/11\/jugadores-internacionales-370x220.jpg 370w\" sizes=\"(max-width: 300px) 100vw, 300px\" \/><\/noscript><\/a>Tras ello, lleg\u00f3 la hora de los Premios que anualmente concede la FFCV a los clubes, directivos, t\u00e9cnicos y jugadores m\u00e1s destacados del f\u00fatbol y el f\u00fatbol sala de Castell\u00f3n, Valencia y Alicante, comenzando con las Copas a la Deportividad y siguiendo con el reconocimiento a t\u00e9cnicos como David Guti\u00e9rrez (Atl\u00e9tico Saguntino), Eduardo Revert (Silla CF) o Jes\u00fas Oliva (Valencia F\u00e9minas CF), para a continuaci\u00f3n premiar la labor de los \u00e1rbitros del Comit\u00e9 valenciano Daniel Yuste, Francisco Rom\u00e1n Cintas, Domingo Fuentes y Jos\u00e9 Javier S\u00e1nchez. La FFCV quiso premiar igualmente a los clubes que celebraban su 25, 50 \u00f3 75 aniversario con una placa especial, momento que Mu\u00f1oz Castell\u00f3 aprovech\u00f3 para reconocer y destacar <em>\u00abel enorme esfuerzo y trabajo de los directivos que permite que la historia de nuestros clubes siga adelante\u00bb<\/em>. Tras la entrega de la Placa a Medios de Comunicaci\u00f3n a Francisco Garc\u00eda &#8216;Polit&#8217; por su dedicaci\u00f3n al f\u00fatbol base lleg\u00f3 uno de los momentos m\u00e1s emotivos de la Gala con el homenaje al entrenador y delegado del CF Ayelo Aitor Cebri\u00e1n, que recibi\u00f3 una Menci\u00f3n Especial a la Deportividad.<\/p>\n<p><a href=\"https:\/\/ffcv.es\/wp\/wp-content\/uploads\/2016\/11\/sanchez-garcia.jpg\"><img loading=\"lazy\" decoding=\"async\" class=\"alignright wp-image-11740 size-medium lazyload\" data-src=\"https:\/\/ffcv.es\/wp\/wp-content\/uploads\/2016\/11\/sanchez-garcia-300x215.jpg\" alt=\"sanchez-garcia\" width=\"300\" height=\"215\" data-srcset=\"https:\/\/ffcv.es\/wp\/wp-content\/uploads\/2016\/11\/sanchez-garcia-300x215.jpg 300w, https:\/\/ffcv.es\/wp\/wp-content\/uploads\/2016\/11\/sanchez-garcia-768x551.jpg 768w, https:\/\/ffcv.es\/wp\/wp-content\/uploads\/2016\/11\/sanchez-garcia-1024x734.jpg 1024w, https:\/\/ffcv.es\/wp\/wp-content\/uploads\/2016\/11\/sanchez-garcia.jpg 1134w\" data-sizes=\"(max-width: 300px) 100vw, 300px\" src=\"data:image\/gif;base64,R0lGODlhAQABAAAAACH5BAEKAAEALAAAAAABAAEAAAICTAEAOw==\" style=\"--smush-placeholder-width: 300px; --smush-placeholder-aspect-ratio: 300\/215;\" \/><noscript><img loading=\"lazy\" decoding=\"async\" class=\"alignright wp-image-11740 size-medium\" src=\"https:\/\/ffcv.es\/wp\/wp-content\/uploads\/2016\/11\/sanchez-garcia-300x215.jpg\" alt=\"sanchez-garcia\" width=\"300\" height=\"215\" srcset=\"https:\/\/ffcv.es\/wp\/wp-content\/uploads\/2016\/11\/sanchez-garcia-300x215.jpg 300w, https:\/\/ffcv.es\/wp\/wp-content\/uploads\/2016\/11\/sanchez-garcia-768x551.jpg 768w, https:\/\/ffcv.es\/wp\/wp-content\/uploads\/2016\/11\/sanchez-garcia-1024x734.jpg 1024w, https:\/\/ffcv.es\/wp\/wp-content\/uploads\/2016\/11\/sanchez-garcia.jpg 1134w\" sizes=\"(max-width: 300px) 100vw, 300px\" \/><\/noscript><\/a>Los jugadores que alcanzaron la internacionalidad con Espa\u00f1a en la pasada temporada tambi\u00e9n disfrutaron de protagonismo en la tarde, destacando especialmente la presencia de la recientemente mundialista Eva Mar\u00eda Navarro (Sporting Plaza de Argel). La entrega de las Medallas de la FFCV cerr\u00f3 el acto en el Palacio de Congresos de Valencia, siendo las de Plata para reconocer el m\u00e9rito y trayectoria deportiva de diversos jugadores y la de Oro para el directivo del Novelda CF Juan Francisco S\u00e1nchez, quien agradeci\u00f3 el galard\u00f3n dedic\u00e1ndoselo <em>\u00aba todos aquellos que luchan desde sus pueblos por que perviva y siga adelante el f\u00fatbol a nivel local\u00bb<\/em>.<\/p>\n<p><a href=\"https:\/\/ffcv.es\/wp\/disfruta-las-mejores-imagenes-la-gala-premios\/\">Galer\u00eda de im\u00e1genes<\/a><\/p>\n<p><a href=\"https:\/\/ffcv.es\/wp\/wp-content\/uploads\/2016\/11\/TROFEOSORDENADOS.doc\">Lista de Trofeos<\/a><\/p>\n<p><a href=\"https:\/\/ffcv.es\/wp\/wp-content\/uploads\/2016\/11\/PREMIOS-2015-16.doc\">Premios 2015-16<\/a><\/p>\n<p><em>Autor: Prensa FFCV<\/em><\/p>\n","protected":false},"excerpt":{"rendered":"<p>La Federaci\u00f3n de F\u00fatbol de la Comunidad Valenciana celebr\u00f3 ayer con gran \u00e9xito la tradicional Gala de Entrega de Premios y Trofeos correspondiente a la pasada campa\u00f1a deportiva 2015\/16. El Palacio de Congresos de la capital del Turia acogi\u00f3 en la tarde de ayer la celebraci\u00f3n de la Gala anual de Premios de la FFCV,<\/p>\n","protected":false},"author":5,"featured_media":11739,"comment_status":"closed","ping_status":"closed","sticky":false,"template":"","format":"standard","meta":{"om_disable_all_campaigns":false,"footnotes":""},"categories":[16,69],"tags":[141,164,98,51,156,150,91],"class_list":["post-11734","post","type-post","status-publish","format-standard","has-post-thumbnail","hentry","category-actualidad","category-noticias-ffcv","tag-alicante","tag-castellon","tag-futbol","tag-futbol-sala","tag-gala","tag-premios","tag-valencia"],"aioseo_notices":[],"_links":{"self":[{"href":"https:\/\/ffcv.es\/wp\/wp-json\/wp\/v2\/posts\/11734"}],"collection":[{"href":"https:\/\/ffcv.es\/wp\/wp-json\/wp\/v2\/posts"}],"about":[{"href":"https:\/\/ffcv.es\/wp\/wp-json\/wp\/v2\/types\/post"}],"author":[{"embeddable":true,"href":"https:\/\/ffcv.es\/wp\/wp-json\/wp\/v2\/users\/5"}],"replies":[{"embeddable":true,"href":"https:\/\/ffcv.es\/wp\/wp-json\/wp\/v2\/comments?post=11734"}],"version-history":[{"count":2,"href":"https:\/\/ffcv.es\/wp\/wp-json\/wp\/v2\/posts\/11734\/revisions"}],"predecessor-version":[{"id":11980,"href":"https:\/\/ffcv.es\/wp\/wp-json\/wp\/v2\/posts\/11734\/revisions\/11980"}],"wp:featuredmedia":[{"embeddable":true,"href":"https:\/\/ffcv.es\/wp\/wp-json\/wp\/v2\/media\/11739"}],"wp:attachment":[{"href":"https:\/\/ffcv.es\/wp\/wp-json\/wp\/v2\/media?parent=11734"}],"wp:term":[{"taxonomy":"category","embeddable":true,"href":"https:\/\/ffcv.es\/wp\/wp-json\/wp\/v2\/categories?post=11734"},{"taxonomy":"post_tag","embeddable":true,"href":"https:\/\/ffcv.es\/wp\/wp-json\/wp\/v2\/tags?post=11734"}],"curies":[{"name":"wp","href":"https:\/\/api.w.org\/{rel}","templated":true}]}}