{"id":116339,"date":"2023-04-11T11:40:07","date_gmt":"2023-04-11T09:40:07","guid":{"rendered":"https:\/\/ffcv.es\/wp\/?p=116339"},"modified":"2023-04-11T11:40:12","modified_gmt":"2023-04-11T09:40:12","slug":"convocatoria-amistoso-de-la-seleccio-valenciana-valenta-sub15-de-futbol-en-petrer","status":"publish","type":"post","link":"https:\/\/ffcv.es\/wp\/blog\/2023\/04\/convocatoria-amistoso-de-la-seleccio-valenciana-valenta-sub15-de-futbol-en-petrer\/","title":{"rendered":"CONVOCATORIA: Amistoso de la Selecci\u00f3 Valenciana Valenta sub15 de f\u00fatbol en Petrer"},"content":{"rendered":"\n<p>La<strong> Selecci\u00f3 Valenciana Valenta sub15 <\/strong>de f\u00fatbol disputar\u00e1 el pr\u00f3ximo martes 18 de abril un partido amistoso en <strong>Petrer<\/strong> ante el <strong>UD Petrelense <\/strong>infantil masculino.<\/p>\n\n\n\n<p>La seleccionadora <strong>Uge Soto<\/strong> ha convocado a 19 jugadoras para este compromiso que comenzar\u00e1 a las 18:15 horas.<\/p>\n\n\n\n<p>El Camp Municipal &#8216;El Barxell&#8217; de <strong>Petrer<\/strong> ser\u00e1 el escenario del duelo preparatorio de la Fase Final Plata del <strong>Campeonato de Espa\u00f1a<\/strong> del pr\u00f3ximo mes de junio. <\/p>\n\n\n\n<div data-wp-interactive=\"core\/file\" class=\"wp-block-file\"><object data-wp-bind--hidden=\"!state.hasPdfPreview\"  class=\"wp-block-file__embed\" data=\"https:\/\/ffcv.es\/wp\/wp-content\/uploads\/2023\/04\/CONV.-SUB-15-FEM.-PETRER.pdf\" type=\"application\/pdf\" style=\"width:100%;height:600px\" aria-label=\"Incrustado de CONV.-SUB-15-FEM.-PETRER.\"><\/object><a id=\"wp-block-file--media-6e48d4f1-6ae7-4314-934e-a58cbd7a9933\" href=\"https:\/\/ffcv.es\/wp\/wp-content\/uploads\/2023\/04\/CONV.-SUB-15-FEM.-PETRER.pdf\">CONV.-SUB-15-FEM.-PETRER<\/a><a href=\"https:\/\/ffcv.es\/wp\/wp-content\/uploads\/2023\/04\/CONV.-SUB-15-FEM.-PETRER.pdf\" class=\"wp-block-file__button wp-element-button\" download aria-describedby=\"wp-block-file--media-6e48d4f1-6ae7-4314-934e-a58cbd7a9933\">Descarga<\/a><\/div>\n\n\n\n<p>Este combinado auton\u00f3mico se clasific\u00f3 para disputar la semifinal en la <strong>Fase Final Plata<\/strong> en la segunda fase del <strong>Campeonato Nacional de Selecciones Auton\u00f3micas<\/strong> celebrado en <strong>Almer\u00eda<\/strong>. <\/p>\n\n\n\n<figure class=\"wp-block-image size-large\"><img loading=\"lazy\" decoding=\"async\" width=\"1024\" height=\"620\" data-src=\"https:\/\/ffcv.es\/wp\/wp-content\/uploads\/2023\/02\/IMG_6810-2-1024x620.jpg\" alt=\"\" class=\"wp-image-114725 lazyload\" data-srcset=\"https:\/\/ffcv.es\/wp\/wp-content\/uploads\/2023\/02\/IMG_6810-2-1024x620.jpg 1024w, https:\/\/ffcv.es\/wp\/wp-content\/uploads\/2023\/02\/IMG_6810-2-300x182.jpg 300w, https:\/\/ffcv.es\/wp\/wp-content\/uploads\/2023\/02\/IMG_6810-2-768x465.jpg 768w, https:\/\/ffcv.es\/wp\/wp-content\/uploads\/2023\/02\/IMG_6810-2-1536x930.jpg 1536w, https:\/\/ffcv.es\/wp\/wp-content\/uploads\/2023\/02\/IMG_6810-2-2048x1240.jpg 2048w, https:\/\/ffcv.es\/wp\/wp-content\/uploads\/2023\/02\/IMG_6810-2-280x169.jpg 280w, https:\/\/ffcv.es\/wp\/wp-content\/uploads\/2023\/02\/IMG_6810-2-1170x708.jpg 1170w, https:\/\/ffcv.es\/wp\/wp-content\/uploads\/2023\/02\/IMG_6810-2-scaled.jpg 1785w\" data-sizes=\"(max-width: 1024px) 100vw, 1024px\" src=\"data:image\/gif;base64,R0lGODlhAQABAAAAACH5BAEKAAEALAAAAAABAAEAAAICTAEAOw==\" style=\"--smush-placeholder-width: 1024px; --smush-placeholder-aspect-ratio: 1024\/620;\" \/><noscript><img loading=\"lazy\" decoding=\"async\" width=\"1024\" height=\"620\" src=\"https:\/\/ffcv.es\/wp\/wp-content\/uploads\/2023\/02\/IMG_6810-2-1024x620.jpg\" alt=\"\" class=\"wp-image-114725\" srcset=\"https:\/\/ffcv.es\/wp\/wp-content\/uploads\/2023\/02\/IMG_6810-2-1024x620.jpg 1024w, https:\/\/ffcv.es\/wp\/wp-content\/uploads\/2023\/02\/IMG_6810-2-300x182.jpg 300w, https:\/\/ffcv.es\/wp\/wp-content\/uploads\/2023\/02\/IMG_6810-2-768x465.jpg 768w, https:\/\/ffcv.es\/wp\/wp-content\/uploads\/2023\/02\/IMG_6810-2-1536x930.jpg 1536w, https:\/\/ffcv.es\/wp\/wp-content\/uploads\/2023\/02\/IMG_6810-2-2048x1240.jpg 2048w, https:\/\/ffcv.es\/wp\/wp-content\/uploads\/2023\/02\/IMG_6810-2-280x169.jpg 280w, https:\/\/ffcv.es\/wp\/wp-content\/uploads\/2023\/02\/IMG_6810-2-1170x708.jpg 1170w, https:\/\/ffcv.es\/wp\/wp-content\/uploads\/2023\/02\/IMG_6810-2-scaled.jpg 1785w\" sizes=\"(max-width: 1024px) 100vw, 1024px\" \/><\/noscript><\/figure>\n","protected":false},"excerpt":{"rendered":"<p>La Selecci\u00f3 Valenciana Valenta sub15 de f\u00fatbol disputar\u00e1 el pr\u00f3ximo martes 18 de abril un partido amistoso en Petrer ante el UD Petrelense infantil masculino. La seleccionadora Uge Soto ha convocado a 19 jugadoras para este compromiso que comenzar\u00e1 a las 18:15 horas. El Camp Municipal &#8216;El Barxell&#8217; de Petrer ser\u00e1 el escenario del duelo<\/p>\n","protected":false},"author":16,"featured_media":114726,"comment_status":"closed","ping_status":"closed","sticky":false,"template":"","format":"standard","meta":{"om_disable_all_campaigns":false,"footnotes":""},"categories":[3440,72,1177,1282],"tags":[3780,6367,702,1205,3557,6463],"class_list":["post-116339","post","type-post","status-publish","format-standard","has-post-thumbnail","hentry","category-noticias-seleccion-valenta-sub14","category-noticias-selecciones","category-noticias-valenta","category-portada","tag-almeria","tag-fase-plata","tag-galicia","tag-seleccio-valenciana","tag-seleccio-valenta-sub15","tag-uge-soto"],"aioseo_notices":[],"_links":{"self":[{"href":"https:\/\/ffcv.es\/wp\/wp-json\/wp\/v2\/posts\/116339"}],"collection":[{"href":"https:\/\/ffcv.es\/wp\/wp-json\/wp\/v2\/posts"}],"about":[{"href":"https:\/\/ffcv.es\/wp\/wp-json\/wp\/v2\/types\/post"}],"author":[{"embeddable":true,"href":"https:\/\/ffcv.es\/wp\/wp-json\/wp\/v2\/users\/16"}],"replies":[{"embeddable":true,"href":"https:\/\/ffcv.es\/wp\/wp-json\/wp\/v2\/comments?post=116339"}],"version-history":[{"count":1,"href":"https:\/\/ffcv.es\/wp\/wp-json\/wp\/v2\/posts\/116339\/revisions"}],"predecessor-version":[{"id":116341,"href":"https:\/\/ffcv.es\/wp\/wp-json\/wp\/v2\/posts\/116339\/revisions\/116341"}],"wp:featuredmedia":[{"embeddable":true,"href":"https:\/\/ffcv.es\/wp\/wp-json\/wp\/v2\/media\/114726"}],"wp:attachment":[{"href":"https:\/\/ffcv.es\/wp\/wp-json\/wp\/v2\/media?parent=116339"}],"wp:term":[{"taxonomy":"category","embeddable":true,"href":"https:\/\/ffcv.es\/wp\/wp-json\/wp\/v2\/categories?post=116339"},{"taxonomy":"post_tag","embeddable":true,"href":"https:\/\/ffcv.es\/wp\/wp-json\/wp\/v2\/tags?post=116339"}],"curies":[{"name":"wp","href":"https:\/\/api.w.org\/{rel}","templated":true}]}}