{"id":11508,"date":"2016-11-10T09:08:03","date_gmt":"2016-11-10T09:08:03","guid":{"rendered":"https:\/\/ffcv.es\/wp\/?p=11508"},"modified":"2016-11-10T09:08:03","modified_gmt":"2016-11-10T09:08:03","slug":"fallecimiento-jugador-rumbo-juanma-gomez","status":"publish","type":"post","link":"https:\/\/ffcv.es\/wp\/blog\/2016\/11\/fallecimiento-jugador-rumbo-juanma-gomez\/","title":{"rendered":"Duelo por el fallecimiento del jugador del CD Rumbo Juanma G\u00f3mez"},"content":{"rendered":"<p>La tragedia vuelve a te\u00f1ir de luto el f\u00fatbol regional valenciano con el fallecimiento, la pasada madrugada, del joven jugador y entrenador del CD El Rumbo Juanma G\u00f3mez.<\/p>\n<p><a href=\"https:\/\/ffcv.es\/wp\/wp-content\/uploads\/2016\/11\/oVhri596_400x400.jpg\"><img loading=\"lazy\" decoding=\"async\" class=\"alignright wp-image-11509 size-medium lazyload\" data-src=\"https:\/\/ffcv.es\/wp\/wp-content\/uploads\/2016\/11\/oVhri596_400x400-300x300.jpg\" alt=\"ovhri596_400x400\" width=\"300\" height=\"300\" data-srcset=\"https:\/\/ffcv.es\/wp\/wp-content\/uploads\/2016\/11\/oVhri596_400x400-300x300.jpg 300w, https:\/\/ffcv.es\/wp\/wp-content\/uploads\/2016\/11\/oVhri596_400x400-150x150.jpg 150w, https:\/\/ffcv.es\/wp\/wp-content\/uploads\/2016\/11\/oVhri596_400x400-32x32.jpg 32w, https:\/\/ffcv.es\/wp\/wp-content\/uploads\/2016\/11\/oVhri596_400x400-120x120.jpg 120w, https:\/\/ffcv.es\/wp\/wp-content\/uploads\/2016\/11\/oVhri596_400x400-175x175.jpg 175w, https:\/\/ffcv.es\/wp\/wp-content\/uploads\/2016\/11\/oVhri596_400x400.jpg 400w, https:\/\/ffcv.es\/wp\/wp-content\/uploads\/2016\/11\/oVhri596_400x400-85x85.jpg 85w\" data-sizes=\"(max-width: 300px) 100vw, 300px\" src=\"data:image\/gif;base64,R0lGODlhAQABAAAAACH5BAEKAAEALAAAAAABAAEAAAICTAEAOw==\" style=\"--smush-placeholder-width: 300px; --smush-placeholder-aspect-ratio: 300\/300;\" \/><noscript><img loading=\"lazy\" decoding=\"async\" class=\"alignright wp-image-11509 size-medium\" src=\"https:\/\/ffcv.es\/wp\/wp-content\/uploads\/2016\/11\/oVhri596_400x400-300x300.jpg\" alt=\"ovhri596_400x400\" width=\"300\" height=\"300\" srcset=\"https:\/\/ffcv.es\/wp\/wp-content\/uploads\/2016\/11\/oVhri596_400x400-300x300.jpg 300w, https:\/\/ffcv.es\/wp\/wp-content\/uploads\/2016\/11\/oVhri596_400x400-150x150.jpg 150w, https:\/\/ffcv.es\/wp\/wp-content\/uploads\/2016\/11\/oVhri596_400x400-32x32.jpg 32w, https:\/\/ffcv.es\/wp\/wp-content\/uploads\/2016\/11\/oVhri596_400x400-120x120.jpg 120w, https:\/\/ffcv.es\/wp\/wp-content\/uploads\/2016\/11\/oVhri596_400x400-175x175.jpg 175w, https:\/\/ffcv.es\/wp\/wp-content\/uploads\/2016\/11\/oVhri596_400x400.jpg 400w, https:\/\/ffcv.es\/wp\/wp-content\/uploads\/2016\/11\/oVhri596_400x400-85x85.jpg 85w\" sizes=\"(max-width: 300px) 100vw, 300px\" \/><\/noscript><\/a>El presidente de la Federaci\u00f3n de F\u00fatbol de la Comunidad Valenciana, Vicente Mu\u00f1oz Castell\u00f3, desea testimoniar nuestras m\u00e1s sentidas condolencias a la familia y allegados por el repentino fallecimiento del jugador del CD El Rumbo y tambi\u00e9n entrenador de su Escuela Juanma G\u00f3mez. El lateral derecho de apenas 21 a\u00f1os del equipo Amateur de Primera Regional hubo de ser ingresado la pasada semana al sufrir un derrame cerebral antes de comenzar una sesi\u00f3n de entrenamiento, y desde entonces permanec\u00eda en coma inducido en el hospital. A pesar de la evoluci\u00f3n vista en los \u00faltimos d\u00edas, el club ha comunicado esta ma\u00f1ana por desgracia que durante la pasada madrugada el jugador hab\u00eda fallecido. Duro golpe para la gran familia deportiva del CD El Rumbo. Descanse en paz.<\/p>\n<p><em>Autor: Prensa FFCV<\/em><\/p>\n","protected":false},"excerpt":{"rendered":"<p>La tragedia vuelve a te\u00f1ir de luto el f\u00fatbol regional valenciano con el fallecimiento, la pasada madrugada, del joven jugador y entrenador del CD El Rumbo Juanma G\u00f3mez. El presidente de la Federaci\u00f3n de F\u00fatbol de la Comunidad Valenciana, Vicente Mu\u00f1oz Castell\u00f3, desea testimoniar nuestras m\u00e1s sentidas condolencias a la familia y allegados por el<\/p>\n","protected":false},"author":5,"featured_media":11509,"comment_status":"closed","ping_status":"closed","sticky":false,"template":"","format":"standard","meta":{"om_disable_all_campaigns":false,"footnotes":""},"categories":[16,69],"tags":[98,224],"class_list":["post-11508","post","type-post","status-publish","format-standard","has-post-thumbnail","hentry","category-actualidad","category-noticias-ffcv","tag-futbol","tag-obituario"],"aioseo_notices":[],"_links":{"self":[{"href":"https:\/\/ffcv.es\/wp\/wp-json\/wp\/v2\/posts\/11508"}],"collection":[{"href":"https:\/\/ffcv.es\/wp\/wp-json\/wp\/v2\/posts"}],"about":[{"href":"https:\/\/ffcv.es\/wp\/wp-json\/wp\/v2\/types\/post"}],"author":[{"embeddable":true,"href":"https:\/\/ffcv.es\/wp\/wp-json\/wp\/v2\/users\/5"}],"replies":[{"embeddable":true,"href":"https:\/\/ffcv.es\/wp\/wp-json\/wp\/v2\/comments?post=11508"}],"version-history":[{"count":1,"href":"https:\/\/ffcv.es\/wp\/wp-json\/wp\/v2\/posts\/11508\/revisions"}],"predecessor-version":[{"id":11510,"href":"https:\/\/ffcv.es\/wp\/wp-json\/wp\/v2\/posts\/11508\/revisions\/11510"}],"wp:featuredmedia":[{"embeddable":true,"href":"https:\/\/ffcv.es\/wp\/wp-json\/wp\/v2\/media\/11509"}],"wp:attachment":[{"href":"https:\/\/ffcv.es\/wp\/wp-json\/wp\/v2\/media?parent=11508"}],"wp:term":[{"taxonomy":"category","embeddable":true,"href":"https:\/\/ffcv.es\/wp\/wp-json\/wp\/v2\/categories?post=11508"},{"taxonomy":"post_tag","embeddable":true,"href":"https:\/\/ffcv.es\/wp\/wp-json\/wp\/v2\/tags?post=11508"}],"curies":[{"name":"wp","href":"https:\/\/api.w.org\/{rel}","templated":true}]}}