{"id":114562,"date":"2023-02-22T11:47:42","date_gmt":"2023-02-22T09:47:42","guid":{"rendered":"https:\/\/ffcv.es\/wp\/?p=114562"},"modified":"2023-02-22T11:47:46","modified_gmt":"2023-02-22T09:47:46","slug":"convocatoria-amistoso-de-la-seleccio-valenciana-valenta-sub12-de-futbol-ante-el-cf-ciudad-de-alcoy-alevin","status":"publish","type":"post","link":"https:\/\/ffcv.es\/wp\/blog\/2023\/02\/convocatoria-amistoso-de-la-seleccio-valenciana-valenta-sub12-de-futbol-ante-el-cf-ciudad-de-alcoy-alevin\/","title":{"rendered":"CONVOCATORIA: Amistoso de la Selecci\u00f3 Valenciana Valenta sub12 de f\u00fatbol ante el CF Ciudad de Alcoy alev\u00edn"},"content":{"rendered":"\n<p>La<strong> Federaci\u00f3 de Futbol de la Comunitat Valenciana<\/strong> ha hecho p\u00fablica la octava convocatoria de la temporada de la <strong>Selecci\u00f3 Valenciana Valenta sub12<\/strong> de f\u00fatbol.<\/p>\n\n\n\n<p>La seleccionadora <strong>Ana G\u00f3mez<\/strong> ha citado a 17 jugadoras para el partido que disputar\u00e1 ante el <strong>CF Ciudad de Alcoy<\/strong> alev\u00edn el jueves 2 de marzo.<\/p>\n\n\n\n<p>El encuentro amistoso se celebrar\u00e1 en el Polideportivo Municipal &#8216;Francisco Laporta&#8217; de <strong>Alcoy<\/strong> (<strong>Alicante<\/strong>).<\/p>\n\n\n\n<div class=\"wp-block-group\"><div class=\"wp-block-group__inner-container is-layout-constrained wp-block-group-is-layout-constrained\">\n<div data-wp-interactive=\"core\/file\" class=\"wp-block-file\"><object data-wp-bind--hidden=\"!state.hasPdfPreview\"  class=\"wp-block-file__embed\" data=\"https:\/\/ffcv.es\/wp\/wp-content\/uploads\/2023\/02\/CONV.-SUB-12-FEM.-ALCOY.pdf\" type=\"application\/pdf\" style=\"width:100%;height:600px\" aria-label=\"Incrustado de CONV.-SUB-12-FEM.-ALCOY.\"><\/object><a id=\"wp-block-file--media-987c6409-166f-4556-8c90-b00656e939ed\" href=\"https:\/\/ffcv.es\/wp\/wp-content\/uploads\/2023\/02\/CONV.-SUB-12-FEM.-ALCOY.pdf\">CONV.-SUB-12-FEM.-ALCOY<\/a><a href=\"https:\/\/ffcv.es\/wp\/wp-content\/uploads\/2023\/02\/CONV.-SUB-12-FEM.-ALCOY.pdf\" class=\"wp-block-file__button wp-element-button\" download aria-describedby=\"wp-block-file--media-987c6409-166f-4556-8c90-b00656e939ed\">Descarga<\/a><\/div>\n<\/div><\/div>\n\n\n\n<p>El pasado 16 de febrero, la sub12 disput\u00f3 un amistoso ante el <strong>Foios Atl\u00e9tic CF<\/strong> alev\u00edn masculino en el Polideportivo Municipal de <strong>Foios<\/strong> (<strong>Valencia<\/strong>).<\/p>\n\n\n\n<figure class=\"wp-block-image size-large\"><img loading=\"lazy\" decoding=\"async\" width=\"1024\" height=\"683\" data-src=\"https:\/\/ffcv.es\/wp\/wp-content\/uploads\/2023\/02\/16-feb-Ana-Gomez-1024x683.jpeg\" alt=\"\" class=\"wp-image-114565 lazyload\" data-srcset=\"https:\/\/ffcv.es\/wp\/wp-content\/uploads\/2023\/02\/16-feb-Ana-Gomez-1024x683.jpeg 1024w, https:\/\/ffcv.es\/wp\/wp-content\/uploads\/2023\/02\/16-feb-Ana-Gomez-300x200.jpeg 300w, https:\/\/ffcv.es\/wp\/wp-content\/uploads\/2023\/02\/16-feb-Ana-Gomez-768x512.jpeg 768w, https:\/\/ffcv.es\/wp\/wp-content\/uploads\/2023\/02\/16-feb-Ana-Gomez-1536x1024.jpeg 1536w, https:\/\/ffcv.es\/wp\/wp-content\/uploads\/2023\/02\/16-feb-Ana-Gomez-2048x1365.jpeg 2048w, https:\/\/ffcv.es\/wp\/wp-content\/uploads\/2023\/02\/16-feb-Ana-Gomez-280x187.jpeg 280w, https:\/\/ffcv.es\/wp\/wp-content\/uploads\/2023\/02\/16-feb-Ana-Gomez-1170x780.jpeg 1170w, https:\/\/ffcv.es\/wp\/wp-content\/uploads\/2023\/02\/16-feb-Ana-Gomez-scaled.jpeg 1920w\" data-sizes=\"(max-width: 1024px) 100vw, 1024px\" src=\"data:image\/gif;base64,R0lGODlhAQABAAAAACH5BAEKAAEALAAAAAABAAEAAAICTAEAOw==\" style=\"--smush-placeholder-width: 1024px; --smush-placeholder-aspect-ratio: 1024\/683;\" \/><noscript><img loading=\"lazy\" decoding=\"async\" width=\"1024\" height=\"683\" src=\"https:\/\/ffcv.es\/wp\/wp-content\/uploads\/2023\/02\/16-feb-Ana-Gomez-1024x683.jpeg\" alt=\"\" class=\"wp-image-114565\" srcset=\"https:\/\/ffcv.es\/wp\/wp-content\/uploads\/2023\/02\/16-feb-Ana-Gomez-1024x683.jpeg 1024w, https:\/\/ffcv.es\/wp\/wp-content\/uploads\/2023\/02\/16-feb-Ana-Gomez-300x200.jpeg 300w, https:\/\/ffcv.es\/wp\/wp-content\/uploads\/2023\/02\/16-feb-Ana-Gomez-768x512.jpeg 768w, https:\/\/ffcv.es\/wp\/wp-content\/uploads\/2023\/02\/16-feb-Ana-Gomez-1536x1024.jpeg 1536w, https:\/\/ffcv.es\/wp\/wp-content\/uploads\/2023\/02\/16-feb-Ana-Gomez-2048x1365.jpeg 2048w, https:\/\/ffcv.es\/wp\/wp-content\/uploads\/2023\/02\/16-feb-Ana-Gomez-280x187.jpeg 280w, https:\/\/ffcv.es\/wp\/wp-content\/uploads\/2023\/02\/16-feb-Ana-Gomez-1170x780.jpeg 1170w, https:\/\/ffcv.es\/wp\/wp-content\/uploads\/2023\/02\/16-feb-Ana-Gomez-scaled.jpeg 1920w\" sizes=\"(max-width: 1024px) 100vw, 1024px\" \/><\/noscript><figcaption class=\"wp-element-caption\">Ana G\u00f3mez durante el amistoso ante el Foios Atl\u00e8tic CF. <\/figcaption><\/figure>\n","protected":false},"excerpt":{"rendered":"<p>La Federaci\u00f3 de Futbol de la Comunitat Valenciana ha hecho p\u00fablica la octava convocatoria de la temporada de la Selecci\u00f3 Valenciana Valenta sub12 de f\u00fatbol. La seleccionadora Ana G\u00f3mez ha citado a 17 jugadoras para el partido que disputar\u00e1 ante el CF Ciudad de Alcoy alev\u00edn el jueves 2 de marzo. El encuentro amistoso se<\/p>\n","protected":false},"author":16,"featured_media":114564,"comment_status":"closed","ping_status":"closed","sticky":false,"template":"","format":"standard","meta":{"om_disable_all_campaigns":false,"footnotes":""},"categories":[3442,1177],"tags":[98,86,1368,1124],"class_list":["post-114562","post","type-post","status-publish","format-standard","has-post-thumbnail","hentry","category-noticias-seleccio-valenta-sub12","category-noticias-valenta","tag-futbol","tag-selecciones","tag-sub12","tag-valenta"],"aioseo_notices":[],"_links":{"self":[{"href":"https:\/\/ffcv.es\/wp\/wp-json\/wp\/v2\/posts\/114562"}],"collection":[{"href":"https:\/\/ffcv.es\/wp\/wp-json\/wp\/v2\/posts"}],"about":[{"href":"https:\/\/ffcv.es\/wp\/wp-json\/wp\/v2\/types\/post"}],"author":[{"embeddable":true,"href":"https:\/\/ffcv.es\/wp\/wp-json\/wp\/v2\/users\/16"}],"replies":[{"embeddable":true,"href":"https:\/\/ffcv.es\/wp\/wp-json\/wp\/v2\/comments?post=114562"}],"version-history":[{"count":1,"href":"https:\/\/ffcv.es\/wp\/wp-json\/wp\/v2\/posts\/114562\/revisions"}],"predecessor-version":[{"id":114567,"href":"https:\/\/ffcv.es\/wp\/wp-json\/wp\/v2\/posts\/114562\/revisions\/114567"}],"wp:featuredmedia":[{"embeddable":true,"href":"https:\/\/ffcv.es\/wp\/wp-json\/wp\/v2\/media\/114564"}],"wp:attachment":[{"href":"https:\/\/ffcv.es\/wp\/wp-json\/wp\/v2\/media?parent=114562"}],"wp:term":[{"taxonomy":"category","embeddable":true,"href":"https:\/\/ffcv.es\/wp\/wp-json\/wp\/v2\/categories?post=114562"},{"taxonomy":"post_tag","embeddable":true,"href":"https:\/\/ffcv.es\/wp\/wp-json\/wp\/v2\/tags?post=114562"}],"curies":[{"name":"wp","href":"https:\/\/api.w.org\/{rel}","templated":true}]}}