{"id":114266,"date":"2023-02-15T16:55:56","date_gmt":"2023-02-15T14:55:56","guid":{"rendered":"https:\/\/ffcv.es\/wp\/?p=114266"},"modified":"2023-02-15T16:55:59","modified_gmt":"2023-02-15T14:55:59","slug":"ponencia-de-miguel-angel-munoz-en-utiel-el-proximo-28-de-febrero","status":"publish","type":"post","link":"https:\/\/ffcv.es\/wp\/blog\/2023\/02\/ponencia-de-miguel-angel-munoz-en-utiel-el-proximo-28-de-febrero\/","title":{"rendered":"Ponencia de Miguel \u00c1ngel Mu\u00f1oz en Utiel el pr\u00f3ximo 28 de febrero"},"content":{"rendered":"\n<p><strong>Miguel \u00c1ngel Mu\u00f1oz, <\/strong>analista de f\u00fatbol especializado en <em>big data<\/em>, ofrecer\u00e1 una ponencia en <strong>Utiel<\/strong> el pr\u00f3ximo 28 de febrero, organizada por el <strong>Comit\u00e9 T\u00e8cnic d&#8217;Entrenadors <\/strong>de la <strong>FFCV<\/strong> y el <strong>CD Utiel<\/strong>.<\/p>\n\n\n\n<p>&#8216;<em>Adaptaci\u00f3n del modelo de trabajo a diferentes competiciones<\/em>&#8216; es el t\u00edtulo de la conferencia que se celebrar\u00e1 en la Casa de la Cultura de <strong>Utiel<\/strong>. <\/p>\n\n\n\n<p>La ponencia tendr\u00e1 un aforo limitado y te puedes inscribir pinchando <a href=\"https:\/\/ffcv.es\/wp\/ponencias\/\" target=\"_blank\" rel=\"noreferrer noopener\">en este ENLACE<\/a>.<\/p>\n\n\n\n<p><strong>Miguel \u00c1ngel <\/strong>es hermano de <strong>Xisco Mu\u00f1oz<\/strong> y forma parte de su cuerpo t\u00e9cnico como entrenador asistente.<\/p>\n\n\n\n<figure class=\"wp-block-gallery has-nested-images columns-default is-cropped wp-block-gallery-1 is-layout-flex wp-block-gallery-is-layout-flex\">\n<figure class=\"wp-block-image size-large\"><img loading=\"lazy\" decoding=\"async\" width=\"1024\" height=\"733\" data-id=\"114269\" data-src=\"https:\/\/ffcv.es\/wp\/wp-content\/uploads\/2023\/02\/de3a6e29-52a9-49b9-ae8d-a3875db4f22d-1024x733.jpg\" alt=\"\" class=\"wp-image-114269 lazyload\" data-srcset=\"https:\/\/ffcv.es\/wp\/wp-content\/uploads\/2023\/02\/de3a6e29-52a9-49b9-ae8d-a3875db4f22d-1024x733.jpg 1024w, https:\/\/ffcv.es\/wp\/wp-content\/uploads\/2023\/02\/de3a6e29-52a9-49b9-ae8d-a3875db4f22d-300x215.jpg 300w, https:\/\/ffcv.es\/wp\/wp-content\/uploads\/2023\/02\/de3a6e29-52a9-49b9-ae8d-a3875db4f22d-768x550.jpg 768w, https:\/\/ffcv.es\/wp\/wp-content\/uploads\/2023\/02\/de3a6e29-52a9-49b9-ae8d-a3875db4f22d-261x187.jpg 261w, https:\/\/ffcv.es\/wp\/wp-content\/uploads\/2023\/02\/de3a6e29-52a9-49b9-ae8d-a3875db4f22d.jpg 1120w\" data-sizes=\"(max-width: 1024px) 100vw, 1024px\" src=\"data:image\/gif;base64,R0lGODlhAQABAAAAACH5BAEKAAEALAAAAAABAAEAAAICTAEAOw==\" style=\"--smush-placeholder-width: 1024px; --smush-placeholder-aspect-ratio: 1024\/733;\" \/><noscript><img loading=\"lazy\" decoding=\"async\" width=\"1024\" height=\"733\" data-id=\"114269\" src=\"https:\/\/ffcv.es\/wp\/wp-content\/uploads\/2023\/02\/de3a6e29-52a9-49b9-ae8d-a3875db4f22d-1024x733.jpg\" alt=\"\" class=\"wp-image-114269\" srcset=\"https:\/\/ffcv.es\/wp\/wp-content\/uploads\/2023\/02\/de3a6e29-52a9-49b9-ae8d-a3875db4f22d-1024x733.jpg 1024w, https:\/\/ffcv.es\/wp\/wp-content\/uploads\/2023\/02\/de3a6e29-52a9-49b9-ae8d-a3875db4f22d-300x215.jpg 300w, https:\/\/ffcv.es\/wp\/wp-content\/uploads\/2023\/02\/de3a6e29-52a9-49b9-ae8d-a3875db4f22d-768x550.jpg 768w, https:\/\/ffcv.es\/wp\/wp-content\/uploads\/2023\/02\/de3a6e29-52a9-49b9-ae8d-a3875db4f22d-261x187.jpg 261w, https:\/\/ffcv.es\/wp\/wp-content\/uploads\/2023\/02\/de3a6e29-52a9-49b9-ae8d-a3875db4f22d.jpg 1120w\" sizes=\"(max-width: 1024px) 100vw, 1024px\" \/><\/noscript><figcaption class=\"wp-element-caption\">Miguel \u00c1ngel junto a su hermano Xisco. <\/figcaption><\/figure>\n\n\n\n<figure class=\"wp-block-image size-large\"><img loading=\"lazy\" decoding=\"async\" width=\"1024\" height=\"762\" data-id=\"114268\" data-src=\"https:\/\/ffcv.es\/wp\/wp-content\/uploads\/2023\/02\/325822B3-960A-4F9B-B473-F86ABFF2EC8B-1024x762.jpg\" alt=\"\" class=\"wp-image-114268 lazyload\" data-srcset=\"https:\/\/ffcv.es\/wp\/wp-content\/uploads\/2023\/02\/325822B3-960A-4F9B-B473-F86ABFF2EC8B-1024x762.jpg 1024w, https:\/\/ffcv.es\/wp\/wp-content\/uploads\/2023\/02\/325822B3-960A-4F9B-B473-F86ABFF2EC8B-300x223.jpg 300w, https:\/\/ffcv.es\/wp\/wp-content\/uploads\/2023\/02\/325822B3-960A-4F9B-B473-F86ABFF2EC8B-768x572.jpg 768w, https:\/\/ffcv.es\/wp\/wp-content\/uploads\/2023\/02\/325822B3-960A-4F9B-B473-F86ABFF2EC8B-1536x1144.jpg 1536w, https:\/\/ffcv.es\/wp\/wp-content\/uploads\/2023\/02\/325822B3-960A-4F9B-B473-F86ABFF2EC8B-2048x1525.jpg 2048w, https:\/\/ffcv.es\/wp\/wp-content\/uploads\/2023\/02\/325822B3-960A-4F9B-B473-F86ABFF2EC8B-251x187.jpg 251w, https:\/\/ffcv.es\/wp\/wp-content\/uploads\/2023\/02\/325822B3-960A-4F9B-B473-F86ABFF2EC8B-1170x871.jpg 1170w, https:\/\/ffcv.es\/wp\/wp-content\/uploads\/2023\/02\/325822B3-960A-4F9B-B473-F86ABFF2EC8B-scaled.jpg 1450w\" data-sizes=\"(max-width: 1024px) 100vw, 1024px\" src=\"data:image\/gif;base64,R0lGODlhAQABAAAAACH5BAEKAAEALAAAAAABAAEAAAICTAEAOw==\" style=\"--smush-placeholder-width: 1024px; --smush-placeholder-aspect-ratio: 1024\/762;\" \/><noscript><img loading=\"lazy\" decoding=\"async\" width=\"1024\" height=\"762\" data-id=\"114268\" src=\"https:\/\/ffcv.es\/wp\/wp-content\/uploads\/2023\/02\/325822B3-960A-4F9B-B473-F86ABFF2EC8B-1024x762.jpg\" alt=\"\" class=\"wp-image-114268\" srcset=\"https:\/\/ffcv.es\/wp\/wp-content\/uploads\/2023\/02\/325822B3-960A-4F9B-B473-F86ABFF2EC8B-1024x762.jpg 1024w, https:\/\/ffcv.es\/wp\/wp-content\/uploads\/2023\/02\/325822B3-960A-4F9B-B473-F86ABFF2EC8B-300x223.jpg 300w, https:\/\/ffcv.es\/wp\/wp-content\/uploads\/2023\/02\/325822B3-960A-4F9B-B473-F86ABFF2EC8B-768x572.jpg 768w, https:\/\/ffcv.es\/wp\/wp-content\/uploads\/2023\/02\/325822B3-960A-4F9B-B473-F86ABFF2EC8B-1536x1144.jpg 1536w, https:\/\/ffcv.es\/wp\/wp-content\/uploads\/2023\/02\/325822B3-960A-4F9B-B473-F86ABFF2EC8B-2048x1525.jpg 2048w, https:\/\/ffcv.es\/wp\/wp-content\/uploads\/2023\/02\/325822B3-960A-4F9B-B473-F86ABFF2EC8B-251x187.jpg 251w, https:\/\/ffcv.es\/wp\/wp-content\/uploads\/2023\/02\/325822B3-960A-4F9B-B473-F86ABFF2EC8B-1170x871.jpg 1170w, https:\/\/ffcv.es\/wp\/wp-content\/uploads\/2023\/02\/325822B3-960A-4F9B-B473-F86ABFF2EC8B-scaled.jpg 1450w\" sizes=\"(max-width: 1024px) 100vw, 1024px\" \/><\/noscript><\/figure>\n<\/figure>\n\n\n\n<p>Es experto en <em>big data <\/em>aplicado al an\u00e1lisis en f\u00fatbol y ha impartido cursos de esta tem\u00e1tica<\/p>\n\n\n\n<p>Han compartido experiencias en numerosos pa\u00edses. Su \u00e9xito m\u00e1s reciente lo vivieron en la liga inglesa, donde ascendieron al <strong>Watford<\/strong> a la <strong>Premier League <\/strong>en 2021.<\/p>\n\n\n\n<p>Adem\u00e1s, <strong>Mu\u00f1oz<\/strong> form\u00f3 parte del cuerpo t\u00e9cnico de <strong>Marcelino<\/strong> en el <strong>Valencia CF<\/strong>, en la campa\u00f1a en la que se proclam\u00f3 campe\u00f3n de Copa del Rey en 2019, as\u00ed como de la <strong>SD Huesca<\/strong> y del <strong>Anorthosis Famagusta<\/strong>, de la Primera Divisi\u00f3n de <strong>Chipre<\/strong>, junto a <strong>Xisco<\/strong>.<\/p>\n\n\n\n<figure class=\"wp-block-gallery has-nested-images columns-default is-cropped wp-block-gallery-2 is-layout-flex wp-block-gallery-is-layout-flex\">\n<figure class=\"wp-block-image size-large\"><img loading=\"lazy\" decoding=\"async\" width=\"1024\" height=\"682\" data-id=\"114270\" data-src=\"https:\/\/ffcv.es\/wp\/wp-content\/uploads\/2023\/02\/PHOTO-2018-07-11-14-06-51-1024x682.jpg\" alt=\"\" class=\"wp-image-114270 lazyload\" data-srcset=\"https:\/\/ffcv.es\/wp\/wp-content\/uploads\/2023\/02\/PHOTO-2018-07-11-14-06-51-1024x682.jpg 1024w, https:\/\/ffcv.es\/wp\/wp-content\/uploads\/2023\/02\/PHOTO-2018-07-11-14-06-51-300x200.jpg 300w, https:\/\/ffcv.es\/wp\/wp-content\/uploads\/2023\/02\/PHOTO-2018-07-11-14-06-51-768x512.jpg 768w, https:\/\/ffcv.es\/wp\/wp-content\/uploads\/2023\/02\/PHOTO-2018-07-11-14-06-51-1536x1023.jpg 1536w, https:\/\/ffcv.es\/wp\/wp-content\/uploads\/2023\/02\/PHOTO-2018-07-11-14-06-51-280x187.jpg 280w, https:\/\/ffcv.es\/wp\/wp-content\/uploads\/2023\/02\/PHOTO-2018-07-11-14-06-51-1170x780.jpg 1170w, https:\/\/ffcv.es\/wp\/wp-content\/uploads\/2023\/02\/PHOTO-2018-07-11-14-06-51.jpg 1600w\" data-sizes=\"(max-width: 1024px) 100vw, 1024px\" src=\"data:image\/gif;base64,R0lGODlhAQABAAAAACH5BAEKAAEALAAAAAABAAEAAAICTAEAOw==\" style=\"--smush-placeholder-width: 1024px; --smush-placeholder-aspect-ratio: 1024\/682;\" \/><noscript><img loading=\"lazy\" decoding=\"async\" width=\"1024\" height=\"682\" data-id=\"114270\" src=\"https:\/\/ffcv.es\/wp\/wp-content\/uploads\/2023\/02\/PHOTO-2018-07-11-14-06-51-1024x682.jpg\" alt=\"\" class=\"wp-image-114270\" srcset=\"https:\/\/ffcv.es\/wp\/wp-content\/uploads\/2023\/02\/PHOTO-2018-07-11-14-06-51-1024x682.jpg 1024w, https:\/\/ffcv.es\/wp\/wp-content\/uploads\/2023\/02\/PHOTO-2018-07-11-14-06-51-300x200.jpg 300w, https:\/\/ffcv.es\/wp\/wp-content\/uploads\/2023\/02\/PHOTO-2018-07-11-14-06-51-768x512.jpg 768w, https:\/\/ffcv.es\/wp\/wp-content\/uploads\/2023\/02\/PHOTO-2018-07-11-14-06-51-1536x1023.jpg 1536w, https:\/\/ffcv.es\/wp\/wp-content\/uploads\/2023\/02\/PHOTO-2018-07-11-14-06-51-280x187.jpg 280w, https:\/\/ffcv.es\/wp\/wp-content\/uploads\/2023\/02\/PHOTO-2018-07-11-14-06-51-1170x780.jpg 1170w, https:\/\/ffcv.es\/wp\/wp-content\/uploads\/2023\/02\/PHOTO-2018-07-11-14-06-51.jpg 1600w\" sizes=\"(max-width: 1024px) 100vw, 1024px\" \/><\/noscript><figcaption class=\"wp-element-caption\">Con Marcelino y Rub\u00e9n Ur\u00eda en Paterna.<\/figcaption><\/figure>\n\n\n\n<figure class=\"wp-block-image size-large\"><img loading=\"lazy\" decoding=\"async\" width=\"727\" height=\"1024\" data-id=\"114271\" data-src=\"https:\/\/ffcv.es\/wp\/wp-content\/uploads\/2023\/02\/2019-comas-vcf-506-727x1024.jpg\" alt=\"\" class=\"wp-image-114271 lazyload\" data-srcset=\"https:\/\/ffcv.es\/wp\/wp-content\/uploads\/2023\/02\/2019-comas-vcf-506-727x1024.jpg 727w, https:\/\/ffcv.es\/wp\/wp-content\/uploads\/2023\/02\/2019-comas-vcf-506-213x300.jpg 213w, https:\/\/ffcv.es\/wp\/wp-content\/uploads\/2023\/02\/2019-comas-vcf-506-768x1082.jpg 768w, https:\/\/ffcv.es\/wp\/wp-content\/uploads\/2023\/02\/2019-comas-vcf-506-1091x1536.jpg 1091w, https:\/\/ffcv.es\/wp\/wp-content\/uploads\/2023\/02\/2019-comas-vcf-506-1454x2048.jpg 1454w, https:\/\/ffcv.es\/wp\/wp-content\/uploads\/2023\/02\/2019-comas-vcf-506-133x187.jpg 133w, https:\/\/ffcv.es\/wp\/wp-content\/uploads\/2023\/02\/2019-comas-vcf-506-1170x1648.jpg 1170w, https:\/\/ffcv.es\/wp\/wp-content\/uploads\/2023\/02\/2019-comas-vcf-506-scaled.jpg 1363w\" data-sizes=\"(max-width: 727px) 100vw, 727px\" src=\"data:image\/gif;base64,R0lGODlhAQABAAAAACH5BAEKAAEALAAAAAABAAEAAAICTAEAOw==\" style=\"--smush-placeholder-width: 727px; --smush-placeholder-aspect-ratio: 727\/1024;\" \/><noscript><img loading=\"lazy\" decoding=\"async\" width=\"727\" height=\"1024\" data-id=\"114271\" src=\"https:\/\/ffcv.es\/wp\/wp-content\/uploads\/2023\/02\/2019-comas-vcf-506-727x1024.jpg\" alt=\"\" class=\"wp-image-114271\" srcset=\"https:\/\/ffcv.es\/wp\/wp-content\/uploads\/2023\/02\/2019-comas-vcf-506-727x1024.jpg 727w, https:\/\/ffcv.es\/wp\/wp-content\/uploads\/2023\/02\/2019-comas-vcf-506-213x300.jpg 213w, https:\/\/ffcv.es\/wp\/wp-content\/uploads\/2023\/02\/2019-comas-vcf-506-768x1082.jpg 768w, https:\/\/ffcv.es\/wp\/wp-content\/uploads\/2023\/02\/2019-comas-vcf-506-1091x1536.jpg 1091w, https:\/\/ffcv.es\/wp\/wp-content\/uploads\/2023\/02\/2019-comas-vcf-506-1454x2048.jpg 1454w, https:\/\/ffcv.es\/wp\/wp-content\/uploads\/2023\/02\/2019-comas-vcf-506-133x187.jpg 133w, https:\/\/ffcv.es\/wp\/wp-content\/uploads\/2023\/02\/2019-comas-vcf-506-1170x1648.jpg 1170w, https:\/\/ffcv.es\/wp\/wp-content\/uploads\/2023\/02\/2019-comas-vcf-506-scaled.jpg 1363w\" sizes=\"(max-width: 727px) 100vw, 727px\" \/><\/noscript><figcaption class=\"wp-element-caption\">Campe\u00f3n de Copa del Rey 2019 con el Valencia CF. <\/figcaption><\/figure>\n\n\n\n<figure class=\"wp-block-image size-large\"><img loading=\"lazy\" decoding=\"async\" width=\"1024\" height=\"683\" data-id=\"114272\" data-src=\"https:\/\/ffcv.es\/wp\/wp-content\/uploads\/2023\/02\/IMG_9615-1024x683.jpg\" alt=\"\" class=\"wp-image-114272 lazyload\" data-srcset=\"https:\/\/ffcv.es\/wp\/wp-content\/uploads\/2023\/02\/IMG_9615-1024x683.jpg 1024w, https:\/\/ffcv.es\/wp\/wp-content\/uploads\/2023\/02\/IMG_9615-300x200.jpg 300w, https:\/\/ffcv.es\/wp\/wp-content\/uploads\/2023\/02\/IMG_9615-768x512.jpg 768w, https:\/\/ffcv.es\/wp\/wp-content\/uploads\/2023\/02\/IMG_9615-1536x1024.jpg 1536w, https:\/\/ffcv.es\/wp\/wp-content\/uploads\/2023\/02\/IMG_9615-280x187.jpg 280w, https:\/\/ffcv.es\/wp\/wp-content\/uploads\/2023\/02\/IMG_9615-1170x780.jpg 1170w, https:\/\/ffcv.es\/wp\/wp-content\/uploads\/2023\/02\/IMG_9615-scaled.jpg 1620w\" data-sizes=\"(max-width: 1024px) 100vw, 1024px\" src=\"data:image\/gif;base64,R0lGODlhAQABAAAAACH5BAEKAAEALAAAAAABAAEAAAICTAEAOw==\" style=\"--smush-placeholder-width: 1024px; --smush-placeholder-aspect-ratio: 1024\/683;\" \/><noscript><img loading=\"lazy\" decoding=\"async\" width=\"1024\" height=\"683\" data-id=\"114272\" src=\"https:\/\/ffcv.es\/wp\/wp-content\/uploads\/2023\/02\/IMG_9615-1024x683.jpg\" alt=\"\" class=\"wp-image-114272\" srcset=\"https:\/\/ffcv.es\/wp\/wp-content\/uploads\/2023\/02\/IMG_9615-1024x683.jpg 1024w, https:\/\/ffcv.es\/wp\/wp-content\/uploads\/2023\/02\/IMG_9615-300x200.jpg 300w, https:\/\/ffcv.es\/wp\/wp-content\/uploads\/2023\/02\/IMG_9615-768x512.jpg 768w, https:\/\/ffcv.es\/wp\/wp-content\/uploads\/2023\/02\/IMG_9615-1536x1024.jpg 1536w, https:\/\/ffcv.es\/wp\/wp-content\/uploads\/2023\/02\/IMG_9615-280x187.jpg 280w, https:\/\/ffcv.es\/wp\/wp-content\/uploads\/2023\/02\/IMG_9615-1170x780.jpg 1170w, https:\/\/ffcv.es\/wp\/wp-content\/uploads\/2023\/02\/IMG_9615-scaled.jpg 1620w\" sizes=\"(max-width: 1024px) 100vw, 1024px\" \/><\/noscript><figcaption class=\"wp-element-caption\">T\u00e9cnico asistente de la SD Huesca.<\/figcaption><\/figure>\n<\/figure>\n","protected":false},"excerpt":{"rendered":"<p>Miguel \u00c1ngel Mu\u00f1oz, analista de f\u00fatbol especializado en big data, ofrecer\u00e1 una ponencia en Utiel el pr\u00f3ximo 28 de febrero, organizada por el Comit\u00e9 T\u00e8cnic d&#8217;Entrenadors de la FFCV y el CD Utiel. &#8216;Adaptaci\u00f3n del modelo de trabajo a diferentes competiciones&#8216; es el t\u00edtulo de la conferencia que se celebrar\u00e1 en la Casa de la<\/p>\n","protected":false},"author":16,"featured_media":114293,"comment_status":"closed","ping_status":"closed","sticky":false,"template":"","format":"standard","meta":{"om_disable_all_campaigns":false,"footnotes":""},"categories":[70,1098,1282],"tags":[3425,581,3643],"class_list":["post-114266","post","type-post","status-publish","format-standard","has-post-thumbnail","hentry","category-noticias-entrenadores-noticias-arbitros","category-noticia-escuela-entrenadores","category-portada","tag-entrenadores-ffcv","tag-ponencia","tag-utiel"],"aioseo_notices":[],"_links":{"self":[{"href":"https:\/\/ffcv.es\/wp\/wp-json\/wp\/v2\/posts\/114266"}],"collection":[{"href":"https:\/\/ffcv.es\/wp\/wp-json\/wp\/v2\/posts"}],"about":[{"href":"https:\/\/ffcv.es\/wp\/wp-json\/wp\/v2\/types\/post"}],"author":[{"embeddable":true,"href":"https:\/\/ffcv.es\/wp\/wp-json\/wp\/v2\/users\/16"}],"replies":[{"embeddable":true,"href":"https:\/\/ffcv.es\/wp\/wp-json\/wp\/v2\/comments?post=114266"}],"version-history":[{"count":1,"href":"https:\/\/ffcv.es\/wp\/wp-json\/wp\/v2\/posts\/114266\/revisions"}],"predecessor-version":[{"id":114273,"href":"https:\/\/ffcv.es\/wp\/wp-json\/wp\/v2\/posts\/114266\/revisions\/114273"}],"wp:featuredmedia":[{"embeddable":true,"href":"https:\/\/ffcv.es\/wp\/wp-json\/wp\/v2\/media\/114293"}],"wp:attachment":[{"href":"https:\/\/ffcv.es\/wp\/wp-json\/wp\/v2\/media?parent=114266"}],"wp:term":[{"taxonomy":"category","embeddable":true,"href":"https:\/\/ffcv.es\/wp\/wp-json\/wp\/v2\/categories?post=114266"},{"taxonomy":"post_tag","embeddable":true,"href":"https:\/\/ffcv.es\/wp\/wp-json\/wp\/v2\/tags?post=114266"}],"curies":[{"name":"wp","href":"https:\/\/api.w.org\/{rel}","templated":true}]}}