{"id":113720,"date":"2023-02-01T16:54:26","date_gmt":"2023-02-01T14:54:26","guid":{"rendered":"https:\/\/ffcv.es\/wp\/?p=113720"},"modified":"2023-02-01T16:54:29","modified_gmt":"2023-02-01T14:54:29","slug":"mateu-lahoz-presente-en-el-seminario-de-uefa-en-roma-con-la-elite-del-arbitraje-europeo","status":"publish","type":"post","link":"https:\/\/ffcv.es\/wp\/blog\/2023\/02\/mateu-lahoz-presente-en-el-seminario-de-uefa-en-roma-con-la-elite-del-arbitraje-europeo\/","title":{"rendered":"Mateu Lahoz, presente en el seminario de UEFA en Roma con la \u00e9lite del arbitraje europeo"},"content":{"rendered":"\n<p>El colegiado valenciano se encuentra en la capital italiana participando en el seminario de <strong>UEFA <\/strong>para los mejores \u00e1rbitros del continente.<\/p>\n\n\n\n<p>Dentro del grupo <strong>UEFA Elite <\/strong>de \u00e1rbitros principales, <strong>Espa\u00f1a <\/strong>est\u00e1 representada por un total cuatro colegiados siendo el \u00fanico pa\u00eds\u00a0-junto a <strong>Alemania<\/strong>&#8211; con tantos \u00e1rbitros en la m\u00e1xima categor\u00eda. Uno de ellos es el miembro del <strong>Comit\u00e9 T\u00e9cnico de Arbitros<\/strong> de la <strong>Federaci\u00f3 de Futbol de la Comunitat Valenciana Antonio Miguel Mateu Lahoz<\/strong>.<\/p>\n\n\n\n<figure class=\"wp-block-image size-large\"><img loading=\"lazy\" decoding=\"async\" width=\"1024\" height=\"649\" data-src=\"https:\/\/ffcv.es\/wp\/wp-content\/uploads\/2023\/02\/mateu_estreno_mundial_190618_0-1024x649.jpg\" alt=\"\" class=\"wp-image-113722 lazyload\" data-srcset=\"https:\/\/ffcv.es\/wp\/wp-content\/uploads\/2023\/02\/mateu_estreno_mundial_190618_0-1024x649.jpg 1024w, https:\/\/ffcv.es\/wp\/wp-content\/uploads\/2023\/02\/mateu_estreno_mundial_190618_0-300x190.jpg 300w, https:\/\/ffcv.es\/wp\/wp-content\/uploads\/2023\/02\/mateu_estreno_mundial_190618_0-768x486.jpg 768w, https:\/\/ffcv.es\/wp\/wp-content\/uploads\/2023\/02\/mateu_estreno_mundial_190618_0-280x177.jpg 280w, https:\/\/ffcv.es\/wp\/wp-content\/uploads\/2023\/02\/mateu_estreno_mundial_190618_0.jpg 1170w\" data-sizes=\"(max-width: 1024px) 100vw, 1024px\" src=\"data:image\/gif;base64,R0lGODlhAQABAAAAACH5BAEKAAEALAAAAAABAAEAAAICTAEAOw==\" style=\"--smush-placeholder-width: 1024px; --smush-placeholder-aspect-ratio: 1024\/649;\" \/><noscript><img loading=\"lazy\" decoding=\"async\" width=\"1024\" height=\"649\" src=\"https:\/\/ffcv.es\/wp\/wp-content\/uploads\/2023\/02\/mateu_estreno_mundial_190618_0-1024x649.jpg\" alt=\"\" class=\"wp-image-113722\" srcset=\"https:\/\/ffcv.es\/wp\/wp-content\/uploads\/2023\/02\/mateu_estreno_mundial_190618_0-1024x649.jpg 1024w, https:\/\/ffcv.es\/wp\/wp-content\/uploads\/2023\/02\/mateu_estreno_mundial_190618_0-300x190.jpg 300w, https:\/\/ffcv.es\/wp\/wp-content\/uploads\/2023\/02\/mateu_estreno_mundial_190618_0-768x486.jpg 768w, https:\/\/ffcv.es\/wp\/wp-content\/uploads\/2023\/02\/mateu_estreno_mundial_190618_0-280x177.jpg 280w, https:\/\/ffcv.es\/wp\/wp-content\/uploads\/2023\/02\/mateu_estreno_mundial_190618_0.jpg 1170w\" sizes=\"(max-width: 1024px) 100vw, 1024px\" \/><\/noscript><\/figure>\n\n\n\n<p>El seminario de formaci\u00f3n que se est\u00e1 llevando a cabo en <strong>Roma <\/strong>est\u00e1 destinado a los colegiados que van a protagonizar el arbitraje de las rondas finales de <strong>Champions League, Europa League<\/strong> y <strong>Conference League<\/strong>. Junto a <strong>Mateu <\/strong>tambi\u00e9n participan en representaci\u00f3n de la <strong>RFEF Del Cerro Grande, Gil Manzano <\/strong>y <strong>S\u00e1nchez Mart\u00ednez<\/strong>, as\u00ed como la colegiada <strong>Marta Huerta de Aza<\/strong>.<\/p>\n","protected":false},"excerpt":{"rendered":"<p>El colegiado valenciano se encuentra en la capital italiana participando en el seminario de UEFA para los mejores \u00e1rbitros del continente. Dentro del grupo UEFA Elite de \u00e1rbitros principales, Espa\u00f1a est\u00e1 representada por un total cuatro colegiados siendo el \u00fanico pa\u00eds\u00a0-junto a Alemania&#8211; con tantos \u00e1rbitros en la m\u00e1xima categor\u00eda. Uno de ellos es el<\/p>\n","protected":false},"author":5,"featured_media":113721,"comment_status":"closed","ping_status":"closed","sticky":false,"template":"","format":"standard","meta":{"om_disable_all_campaigns":false,"footnotes":""},"categories":[16,71,69],"tags":[858,188,767,137,123],"class_list":["post-113720","post","type-post","status-publish","format-standard","has-post-thumbnail","hentry","category-actualidad","category-noticias-arbitros-noticias-arbitros","category-noticias-ffcv","tag-arbitraje","tag-cta","tag-mateu-lahoz","tag-rfef","tag-uefa"],"aioseo_notices":[],"_links":{"self":[{"href":"https:\/\/ffcv.es\/wp\/wp-json\/wp\/v2\/posts\/113720"}],"collection":[{"href":"https:\/\/ffcv.es\/wp\/wp-json\/wp\/v2\/posts"}],"about":[{"href":"https:\/\/ffcv.es\/wp\/wp-json\/wp\/v2\/types\/post"}],"author":[{"embeddable":true,"href":"https:\/\/ffcv.es\/wp\/wp-json\/wp\/v2\/users\/5"}],"replies":[{"embeddable":true,"href":"https:\/\/ffcv.es\/wp\/wp-json\/wp\/v2\/comments?post=113720"}],"version-history":[{"count":1,"href":"https:\/\/ffcv.es\/wp\/wp-json\/wp\/v2\/posts\/113720\/revisions"}],"predecessor-version":[{"id":113723,"href":"https:\/\/ffcv.es\/wp\/wp-json\/wp\/v2\/posts\/113720\/revisions\/113723"}],"wp:featuredmedia":[{"embeddable":true,"href":"https:\/\/ffcv.es\/wp\/wp-json\/wp\/v2\/media\/113721"}],"wp:attachment":[{"href":"https:\/\/ffcv.es\/wp\/wp-json\/wp\/v2\/media?parent=113720"}],"wp:term":[{"taxonomy":"category","embeddable":true,"href":"https:\/\/ffcv.es\/wp\/wp-json\/wp\/v2\/categories?post=113720"},{"taxonomy":"post_tag","embeddable":true,"href":"https:\/\/ffcv.es\/wp\/wp-json\/wp\/v2\/tags?post=113720"}],"curies":[{"name":"wp","href":"https:\/\/api.w.org\/{rel}","templated":true}]}}