{"id":113257,"date":"2023-01-23T11:26:48","date_gmt":"2023-01-23T09:26:48","guid":{"rendered":"https:\/\/ffcv.es\/wp\/?p=113257"},"modified":"2023-01-23T11:26:52","modified_gmt":"2023-01-23T09:26:52","slug":"doce-nuevos-benjamines-clasificados-en-la-tercera-jornada-de-la-xii-copa-federacion-de-futbol-base","status":"publish","type":"post","link":"https:\/\/ffcv.es\/wp\/blog\/2023\/01\/doce-nuevos-benjamines-clasificados-en-la-tercera-jornada-de-la-xii-copa-federacion-de-futbol-base\/","title":{"rendered":"Doce nuevos benjamines clasificados en la tercera jornada de la XII Copa Federaci\u00f3n de F\u00fatbol Base"},"content":{"rendered":"\n<p>Intensa jornada de <strong>Copa Federaci\u00f3n <\/strong>en la que hasta doce equipos de categor\u00eda Benjam\u00edn consiguieron la clasificaci\u00f3n para la siguiente fase.<\/p>\n\n\n\n<figure class=\"wp-block-image size-large\"><img loading=\"lazy\" decoding=\"async\" width=\"1024\" height=\"768\" data-src=\"https:\/\/ffcv.es\/wp\/wp-content\/uploads\/2023\/01\/IMG_0263-1024x768.jpg\" alt=\"\" class=\"wp-image-113274 lazyload\" data-srcset=\"https:\/\/ffcv.es\/wp\/wp-content\/uploads\/2023\/01\/IMG_0263-1024x768.jpg 1024w, https:\/\/ffcv.es\/wp\/wp-content\/uploads\/2023\/01\/IMG_0263-300x225.jpg 300w, https:\/\/ffcv.es\/wp\/wp-content\/uploads\/2023\/01\/IMG_0263-768x576.jpg 768w, https:\/\/ffcv.es\/wp\/wp-content\/uploads\/2023\/01\/IMG_0263-249x187.jpg 249w, https:\/\/ffcv.es\/wp\/wp-content\/uploads\/2023\/01\/IMG_0263.jpg 1030w\" data-sizes=\"(max-width: 1024px) 100vw, 1024px\" src=\"data:image\/gif;base64,R0lGODlhAQABAAAAACH5BAEKAAEALAAAAAABAAEAAAICTAEAOw==\" style=\"--smush-placeholder-width: 1024px; --smush-placeholder-aspect-ratio: 1024\/768;\" \/><noscript><img loading=\"lazy\" decoding=\"async\" width=\"1024\" height=\"768\" src=\"https:\/\/ffcv.es\/wp\/wp-content\/uploads\/2023\/01\/IMG_0263-1024x768.jpg\" alt=\"\" class=\"wp-image-113274\" srcset=\"https:\/\/ffcv.es\/wp\/wp-content\/uploads\/2023\/01\/IMG_0263-1024x768.jpg 1024w, https:\/\/ffcv.es\/wp\/wp-content\/uploads\/2023\/01\/IMG_0263-300x225.jpg 300w, https:\/\/ffcv.es\/wp\/wp-content\/uploads\/2023\/01\/IMG_0263-768x576.jpg 768w, https:\/\/ffcv.es\/wp\/wp-content\/uploads\/2023\/01\/IMG_0263-249x187.jpg 249w, https:\/\/ffcv.es\/wp\/wp-content\/uploads\/2023\/01\/IMG_0263.jpg 1030w\" sizes=\"(max-width: 1024px) 100vw, 1024px\" \/><\/noscript><\/figure>\n\n\n\n<p>La\u00a0<strong>Copa Federaci\u00f3n<\/strong>\u00a0de F\u00fatbol 8 celebr\u00f3 el pasado fin de semana la tercera jornada de la primera fase de la categor\u00eda Benjam\u00edn con un total de doce equipos clasificados para la segunda fase. Tras la matinal de domingo y su correspondiente fase de grupos entre los participantes, la tarde defini\u00f3 los enfrentamientos definitivos, de los que surgieron los siguientes clasificados:<\/p>\n\n\n\n<figure class=\"wp-block-gallery has-nested-images columns-default is-cropped wp-block-gallery-1 is-layout-flex wp-block-gallery-is-layout-flex\">\n<figure class=\"wp-block-image size-large\"><img loading=\"lazy\" decoding=\"async\" width=\"1024\" height=\"768\" data-id=\"113266\" data-src=\"https:\/\/ffcv.es\/wp\/wp-content\/uploads\/2023\/01\/BENJAMIN-1oANO-CF-INTER-SAN-JOSE-VALENCIA-B-1024x768.jpg\" alt=\"\" class=\"wp-image-113266 lazyload\" data-srcset=\"https:\/\/ffcv.es\/wp\/wp-content\/uploads\/2023\/01\/BENJAMIN-1oANO-CF-INTER-SAN-JOSE-VALENCIA-B-1024x768.jpg 1024w, https:\/\/ffcv.es\/wp\/wp-content\/uploads\/2023\/01\/BENJAMIN-1oANO-CF-INTER-SAN-JOSE-VALENCIA-B-300x225.jpg 300w, https:\/\/ffcv.es\/wp\/wp-content\/uploads\/2023\/01\/BENJAMIN-1oANO-CF-INTER-SAN-JOSE-VALENCIA-B-768x576.jpg 768w, https:\/\/ffcv.es\/wp\/wp-content\/uploads\/2023\/01\/BENJAMIN-1oANO-CF-INTER-SAN-JOSE-VALENCIA-B-249x187.jpg 249w, https:\/\/ffcv.es\/wp\/wp-content\/uploads\/2023\/01\/BENJAMIN-1oANO-CF-INTER-SAN-JOSE-VALENCIA-B.jpg 1030w\" data-sizes=\"(max-width: 1024px) 100vw, 1024px\" src=\"data:image\/gif;base64,R0lGODlhAQABAAAAACH5BAEKAAEALAAAAAABAAEAAAICTAEAOw==\" style=\"--smush-placeholder-width: 1024px; --smush-placeholder-aspect-ratio: 1024\/768;\" \/><noscript><img loading=\"lazy\" decoding=\"async\" width=\"1024\" height=\"768\" data-id=\"113266\" src=\"https:\/\/ffcv.es\/wp\/wp-content\/uploads\/2023\/01\/BENJAMIN-1oANO-CF-INTER-SAN-JOSE-VALENCIA-B-1024x768.jpg\" alt=\"\" class=\"wp-image-113266\" srcset=\"https:\/\/ffcv.es\/wp\/wp-content\/uploads\/2023\/01\/BENJAMIN-1oANO-CF-INTER-SAN-JOSE-VALENCIA-B-1024x768.jpg 1024w, https:\/\/ffcv.es\/wp\/wp-content\/uploads\/2023\/01\/BENJAMIN-1oANO-CF-INTER-SAN-JOSE-VALENCIA-B-300x225.jpg 300w, https:\/\/ffcv.es\/wp\/wp-content\/uploads\/2023\/01\/BENJAMIN-1oANO-CF-INTER-SAN-JOSE-VALENCIA-B-768x576.jpg 768w, https:\/\/ffcv.es\/wp\/wp-content\/uploads\/2023\/01\/BENJAMIN-1oANO-CF-INTER-SAN-JOSE-VALENCIA-B-249x187.jpg 249w, https:\/\/ffcv.es\/wp\/wp-content\/uploads\/2023\/01\/BENJAMIN-1oANO-CF-INTER-SAN-JOSE-VALENCIA-B.jpg 1030w\" sizes=\"(max-width: 1024px) 100vw, 1024px\" \/><\/noscript><\/figure>\n\n\n\n<figure class=\"wp-block-image size-large\"><img loading=\"lazy\" decoding=\"async\" width=\"1024\" height=\"768\" data-id=\"113261\" data-src=\"https:\/\/ffcv.es\/wp\/wp-content\/uploads\/2023\/01\/BENJAMIN-1o-ANO-SPORTING-XIRIVELLA-D-1024x768.jpg\" alt=\"\" class=\"wp-image-113261 lazyload\" data-srcset=\"https:\/\/ffcv.es\/wp\/wp-content\/uploads\/2023\/01\/BENJAMIN-1o-ANO-SPORTING-XIRIVELLA-D-1024x768.jpg 1024w, https:\/\/ffcv.es\/wp\/wp-content\/uploads\/2023\/01\/BENJAMIN-1o-ANO-SPORTING-XIRIVELLA-D-300x225.jpg 300w, https:\/\/ffcv.es\/wp\/wp-content\/uploads\/2023\/01\/BENJAMIN-1o-ANO-SPORTING-XIRIVELLA-D-768x576.jpg 768w, https:\/\/ffcv.es\/wp\/wp-content\/uploads\/2023\/01\/BENJAMIN-1o-ANO-SPORTING-XIRIVELLA-D-249x187.jpg 249w, https:\/\/ffcv.es\/wp\/wp-content\/uploads\/2023\/01\/BENJAMIN-1o-ANO-SPORTING-XIRIVELLA-D.jpg 1030w\" data-sizes=\"(max-width: 1024px) 100vw, 1024px\" src=\"data:image\/gif;base64,R0lGODlhAQABAAAAACH5BAEKAAEALAAAAAABAAEAAAICTAEAOw==\" style=\"--smush-placeholder-width: 1024px; --smush-placeholder-aspect-ratio: 1024\/768;\" \/><noscript><img loading=\"lazy\" decoding=\"async\" width=\"1024\" height=\"768\" data-id=\"113261\" src=\"https:\/\/ffcv.es\/wp\/wp-content\/uploads\/2023\/01\/BENJAMIN-1o-ANO-SPORTING-XIRIVELLA-D-1024x768.jpg\" alt=\"\" class=\"wp-image-113261\" srcset=\"https:\/\/ffcv.es\/wp\/wp-content\/uploads\/2023\/01\/BENJAMIN-1o-ANO-SPORTING-XIRIVELLA-D-1024x768.jpg 1024w, https:\/\/ffcv.es\/wp\/wp-content\/uploads\/2023\/01\/BENJAMIN-1o-ANO-SPORTING-XIRIVELLA-D-300x225.jpg 300w, https:\/\/ffcv.es\/wp\/wp-content\/uploads\/2023\/01\/BENJAMIN-1o-ANO-SPORTING-XIRIVELLA-D-768x576.jpg 768w, https:\/\/ffcv.es\/wp\/wp-content\/uploads\/2023\/01\/BENJAMIN-1o-ANO-SPORTING-XIRIVELLA-D-249x187.jpg 249w, https:\/\/ffcv.es\/wp\/wp-content\/uploads\/2023\/01\/BENJAMIN-1o-ANO-SPORTING-XIRIVELLA-D.jpg 1030w\" sizes=\"(max-width: 1024px) 100vw, 1024px\" \/><\/noscript><\/figure>\n\n\n\n<figure class=\"wp-block-image size-large\"><img loading=\"lazy\" decoding=\"async\" width=\"1024\" height=\"768\" data-id=\"113264\" data-src=\"https:\/\/ffcv.es\/wp\/wp-content\/uploads\/2023\/01\/BENJAMIN-1o-ANO-PATACONA-CF-B-1024x768.jpg\" alt=\"\" class=\"wp-image-113264 lazyload\" data-srcset=\"https:\/\/ffcv.es\/wp\/wp-content\/uploads\/2023\/01\/BENJAMIN-1o-ANO-PATACONA-CF-B-1024x768.jpg 1024w, https:\/\/ffcv.es\/wp\/wp-content\/uploads\/2023\/01\/BENJAMIN-1o-ANO-PATACONA-CF-B-300x225.jpg 300w, https:\/\/ffcv.es\/wp\/wp-content\/uploads\/2023\/01\/BENJAMIN-1o-ANO-PATACONA-CF-B-768x576.jpg 768w, https:\/\/ffcv.es\/wp\/wp-content\/uploads\/2023\/01\/BENJAMIN-1o-ANO-PATACONA-CF-B-249x187.jpg 249w, https:\/\/ffcv.es\/wp\/wp-content\/uploads\/2023\/01\/BENJAMIN-1o-ANO-PATACONA-CF-B.jpg 1030w\" data-sizes=\"(max-width: 1024px) 100vw, 1024px\" src=\"data:image\/gif;base64,R0lGODlhAQABAAAAACH5BAEKAAEALAAAAAABAAEAAAICTAEAOw==\" style=\"--smush-placeholder-width: 1024px; --smush-placeholder-aspect-ratio: 1024\/768;\" \/><noscript><img loading=\"lazy\" decoding=\"async\" width=\"1024\" height=\"768\" data-id=\"113264\" src=\"https:\/\/ffcv.es\/wp\/wp-content\/uploads\/2023\/01\/BENJAMIN-1o-ANO-PATACONA-CF-B-1024x768.jpg\" alt=\"\" class=\"wp-image-113264\" srcset=\"https:\/\/ffcv.es\/wp\/wp-content\/uploads\/2023\/01\/BENJAMIN-1o-ANO-PATACONA-CF-B-1024x768.jpg 1024w, https:\/\/ffcv.es\/wp\/wp-content\/uploads\/2023\/01\/BENJAMIN-1o-ANO-PATACONA-CF-B-300x225.jpg 300w, https:\/\/ffcv.es\/wp\/wp-content\/uploads\/2023\/01\/BENJAMIN-1o-ANO-PATACONA-CF-B-768x576.jpg 768w, https:\/\/ffcv.es\/wp\/wp-content\/uploads\/2023\/01\/BENJAMIN-1o-ANO-PATACONA-CF-B-249x187.jpg 249w, https:\/\/ffcv.es\/wp\/wp-content\/uploads\/2023\/01\/BENJAMIN-1o-ANO-PATACONA-CF-B.jpg 1030w\" sizes=\"(max-width: 1024px) 100vw, 1024px\" \/><\/noscript><\/figure>\n\n\n\n<figure class=\"wp-block-image size-large\"><img loading=\"lazy\" decoding=\"async\" width=\"1024\" height=\"720\" data-id=\"113263\" data-src=\"https:\/\/ffcv.es\/wp\/wp-content\/uploads\/2023\/01\/BENJAMIN-1o-ANO-FUNDACION-VALENCIA-CF-B-1024x720.jpg\" alt=\"\" class=\"wp-image-113263 lazyload\" data-srcset=\"https:\/\/ffcv.es\/wp\/wp-content\/uploads\/2023\/01\/BENJAMIN-1o-ANO-FUNDACION-VALENCIA-CF-B-1024x720.jpg 1024w, https:\/\/ffcv.es\/wp\/wp-content\/uploads\/2023\/01\/BENJAMIN-1o-ANO-FUNDACION-VALENCIA-CF-B-300x211.jpg 300w, https:\/\/ffcv.es\/wp\/wp-content\/uploads\/2023\/01\/BENJAMIN-1o-ANO-FUNDACION-VALENCIA-CF-B-768x540.jpg 768w, https:\/\/ffcv.es\/wp\/wp-content\/uploads\/2023\/01\/BENJAMIN-1o-ANO-FUNDACION-VALENCIA-CF-B-266x187.jpg 266w, https:\/\/ffcv.es\/wp\/wp-content\/uploads\/2023\/01\/BENJAMIN-1o-ANO-FUNDACION-VALENCIA-CF-B.jpg 1030w\" data-sizes=\"(max-width: 1024px) 100vw, 1024px\" src=\"data:image\/gif;base64,R0lGODlhAQABAAAAACH5BAEKAAEALAAAAAABAAEAAAICTAEAOw==\" style=\"--smush-placeholder-width: 1024px; --smush-placeholder-aspect-ratio: 1024\/720;\" \/><noscript><img loading=\"lazy\" decoding=\"async\" width=\"1024\" height=\"720\" data-id=\"113263\" src=\"https:\/\/ffcv.es\/wp\/wp-content\/uploads\/2023\/01\/BENJAMIN-1o-ANO-FUNDACION-VALENCIA-CF-B-1024x720.jpg\" alt=\"\" class=\"wp-image-113263\" srcset=\"https:\/\/ffcv.es\/wp\/wp-content\/uploads\/2023\/01\/BENJAMIN-1o-ANO-FUNDACION-VALENCIA-CF-B-1024x720.jpg 1024w, https:\/\/ffcv.es\/wp\/wp-content\/uploads\/2023\/01\/BENJAMIN-1o-ANO-FUNDACION-VALENCIA-CF-B-300x211.jpg 300w, https:\/\/ffcv.es\/wp\/wp-content\/uploads\/2023\/01\/BENJAMIN-1o-ANO-FUNDACION-VALENCIA-CF-B-768x540.jpg 768w, https:\/\/ffcv.es\/wp\/wp-content\/uploads\/2023\/01\/BENJAMIN-1o-ANO-FUNDACION-VALENCIA-CF-B-266x187.jpg 266w, https:\/\/ffcv.es\/wp\/wp-content\/uploads\/2023\/01\/BENJAMIN-1o-ANO-FUNDACION-VALENCIA-CF-B.jpg 1030w\" sizes=\"(max-width: 1024px) 100vw, 1024px\" \/><\/noscript><\/figure>\n\n\n\n<figure class=\"wp-block-image size-large\"><img loading=\"lazy\" decoding=\"async\" width=\"1024\" height=\"768\" data-id=\"113262\" data-src=\"https:\/\/ffcv.es\/wp\/wp-content\/uploads\/2023\/01\/BENJAMIN-1o-ANO-CF-CRACKS-D-1024x768.jpg\" alt=\"\" class=\"wp-image-113262 lazyload\" data-srcset=\"https:\/\/ffcv.es\/wp\/wp-content\/uploads\/2023\/01\/BENJAMIN-1o-ANO-CF-CRACKS-D-1024x768.jpg 1024w, https:\/\/ffcv.es\/wp\/wp-content\/uploads\/2023\/01\/BENJAMIN-1o-ANO-CF-CRACKS-D-300x225.jpg 300w, https:\/\/ffcv.es\/wp\/wp-content\/uploads\/2023\/01\/BENJAMIN-1o-ANO-CF-CRACKS-D-768x576.jpg 768w, https:\/\/ffcv.es\/wp\/wp-content\/uploads\/2023\/01\/BENJAMIN-1o-ANO-CF-CRACKS-D-249x187.jpg 249w, https:\/\/ffcv.es\/wp\/wp-content\/uploads\/2023\/01\/BENJAMIN-1o-ANO-CF-CRACKS-D.jpg 1030w\" data-sizes=\"(max-width: 1024px) 100vw, 1024px\" src=\"data:image\/gif;base64,R0lGODlhAQABAAAAACH5BAEKAAEALAAAAAABAAEAAAICTAEAOw==\" style=\"--smush-placeholder-width: 1024px; --smush-placeholder-aspect-ratio: 1024\/768;\" \/><noscript><img loading=\"lazy\" decoding=\"async\" width=\"1024\" height=\"768\" data-id=\"113262\" src=\"https:\/\/ffcv.es\/wp\/wp-content\/uploads\/2023\/01\/BENJAMIN-1o-ANO-CF-CRACKS-D-1024x768.jpg\" alt=\"\" class=\"wp-image-113262\" srcset=\"https:\/\/ffcv.es\/wp\/wp-content\/uploads\/2023\/01\/BENJAMIN-1o-ANO-CF-CRACKS-D-1024x768.jpg 1024w, https:\/\/ffcv.es\/wp\/wp-content\/uploads\/2023\/01\/BENJAMIN-1o-ANO-CF-CRACKS-D-300x225.jpg 300w, https:\/\/ffcv.es\/wp\/wp-content\/uploads\/2023\/01\/BENJAMIN-1o-ANO-CF-CRACKS-D-768x576.jpg 768w, https:\/\/ffcv.es\/wp\/wp-content\/uploads\/2023\/01\/BENJAMIN-1o-ANO-CF-CRACKS-D-249x187.jpg 249w, https:\/\/ffcv.es\/wp\/wp-content\/uploads\/2023\/01\/BENJAMIN-1o-ANO-CF-CRACKS-D.jpg 1030w\" sizes=\"(max-width: 1024px) 100vw, 1024px\" \/><\/noscript><\/figure>\n\n\n\n<figure class=\"wp-block-image size-large\"><img loading=\"lazy\" decoding=\"async\" width=\"1024\" height=\"768\" data-id=\"113265\" data-src=\"https:\/\/ffcv.es\/wp\/wp-content\/uploads\/2023\/01\/BENJAMIN-1o-ANO-CD-ACERO-B-1024x768.jpg\" alt=\"\" class=\"wp-image-113265 lazyload\" data-srcset=\"https:\/\/ffcv.es\/wp\/wp-content\/uploads\/2023\/01\/BENJAMIN-1o-ANO-CD-ACERO-B-1024x768.jpg 1024w, https:\/\/ffcv.es\/wp\/wp-content\/uploads\/2023\/01\/BENJAMIN-1o-ANO-CD-ACERO-B-300x225.jpg 300w, https:\/\/ffcv.es\/wp\/wp-content\/uploads\/2023\/01\/BENJAMIN-1o-ANO-CD-ACERO-B-768x576.jpg 768w, https:\/\/ffcv.es\/wp\/wp-content\/uploads\/2023\/01\/BENJAMIN-1o-ANO-CD-ACERO-B-249x187.jpg 249w, https:\/\/ffcv.es\/wp\/wp-content\/uploads\/2023\/01\/BENJAMIN-1o-ANO-CD-ACERO-B.jpg 1030w\" data-sizes=\"(max-width: 1024px) 100vw, 1024px\" src=\"data:image\/gif;base64,R0lGODlhAQABAAAAACH5BAEKAAEALAAAAAABAAEAAAICTAEAOw==\" style=\"--smush-placeholder-width: 1024px; --smush-placeholder-aspect-ratio: 1024\/768;\" \/><noscript><img loading=\"lazy\" decoding=\"async\" width=\"1024\" height=\"768\" data-id=\"113265\" src=\"https:\/\/ffcv.es\/wp\/wp-content\/uploads\/2023\/01\/BENJAMIN-1o-ANO-CD-ACERO-B-1024x768.jpg\" alt=\"\" class=\"wp-image-113265\" srcset=\"https:\/\/ffcv.es\/wp\/wp-content\/uploads\/2023\/01\/BENJAMIN-1o-ANO-CD-ACERO-B-1024x768.jpg 1024w, https:\/\/ffcv.es\/wp\/wp-content\/uploads\/2023\/01\/BENJAMIN-1o-ANO-CD-ACERO-B-300x225.jpg 300w, https:\/\/ffcv.es\/wp\/wp-content\/uploads\/2023\/01\/BENJAMIN-1o-ANO-CD-ACERO-B-768x576.jpg 768w, https:\/\/ffcv.es\/wp\/wp-content\/uploads\/2023\/01\/BENJAMIN-1o-ANO-CD-ACERO-B-249x187.jpg 249w, https:\/\/ffcv.es\/wp\/wp-content\/uploads\/2023\/01\/BENJAMIN-1o-ANO-CD-ACERO-B.jpg 1030w\" sizes=\"(max-width: 1024px) 100vw, 1024px\" \/><\/noscript><\/figure>\n<\/figure>\n\n\n\n<p><span style=\"text-decoration: underline\"><em>Primer a\u00f1o<\/em><\/span><\/p>\n\n\n\n<ul class=\"wp-block-list\">\n<li><strong>Fundaci\u00f3n VCF &#8216;B&#8217;<\/strong><\/li>\n\n\n\n<li><strong>CF Cracks &#8216;D&#8217;<\/strong><\/li>\n\n\n\n<li><strong>CF Inter San Jos\u00e9 Valencia &#8216;B&#8217;<\/strong><\/li>\n\n\n\n<li><strong>CD Acero &#8216;B&#8217;<\/strong><\/li>\n\n\n\n<li><strong>Patacona CF &#8216;B&#8217;<\/strong><\/li>\n\n\n\n<li><strong>Sporting Xirivella &#8216;D&#8217;<\/strong><\/li>\n<\/ul>\n\n\n\n<figure class=\"wp-block-gallery has-nested-images columns-default is-cropped wp-block-gallery-2 is-layout-flex wp-block-gallery-is-layout-flex\">\n<figure class=\"wp-block-image size-large\"><img loading=\"lazy\" decoding=\"async\" width=\"1024\" height=\"768\" data-id=\"113271\" data-src=\"https:\/\/ffcv.es\/wp\/wp-content\/uploads\/2023\/01\/BENJAMIN-2oANO-UD-ALZIRA-A-1024x768.jpg\" alt=\"\" class=\"wp-image-113271 lazyload\" data-srcset=\"https:\/\/ffcv.es\/wp\/wp-content\/uploads\/2023\/01\/BENJAMIN-2oANO-UD-ALZIRA-A-1024x768.jpg 1024w, https:\/\/ffcv.es\/wp\/wp-content\/uploads\/2023\/01\/BENJAMIN-2oANO-UD-ALZIRA-A-300x225.jpg 300w, https:\/\/ffcv.es\/wp\/wp-content\/uploads\/2023\/01\/BENJAMIN-2oANO-UD-ALZIRA-A-768x576.jpg 768w, https:\/\/ffcv.es\/wp\/wp-content\/uploads\/2023\/01\/BENJAMIN-2oANO-UD-ALZIRA-A-249x187.jpg 249w, https:\/\/ffcv.es\/wp\/wp-content\/uploads\/2023\/01\/BENJAMIN-2oANO-UD-ALZIRA-A.jpg 1030w\" data-sizes=\"(max-width: 1024px) 100vw, 1024px\" src=\"data:image\/gif;base64,R0lGODlhAQABAAAAACH5BAEKAAEALAAAAAABAAEAAAICTAEAOw==\" style=\"--smush-placeholder-width: 1024px; --smush-placeholder-aspect-ratio: 1024\/768;\" \/><noscript><img loading=\"lazy\" decoding=\"async\" width=\"1024\" height=\"768\" data-id=\"113271\" src=\"https:\/\/ffcv.es\/wp\/wp-content\/uploads\/2023\/01\/BENJAMIN-2oANO-UD-ALZIRA-A-1024x768.jpg\" alt=\"\" class=\"wp-image-113271\" srcset=\"https:\/\/ffcv.es\/wp\/wp-content\/uploads\/2023\/01\/BENJAMIN-2oANO-UD-ALZIRA-A-1024x768.jpg 1024w, https:\/\/ffcv.es\/wp\/wp-content\/uploads\/2023\/01\/BENJAMIN-2oANO-UD-ALZIRA-A-300x225.jpg 300w, https:\/\/ffcv.es\/wp\/wp-content\/uploads\/2023\/01\/BENJAMIN-2oANO-UD-ALZIRA-A-768x576.jpg 768w, https:\/\/ffcv.es\/wp\/wp-content\/uploads\/2023\/01\/BENJAMIN-2oANO-UD-ALZIRA-A-249x187.jpg 249w, https:\/\/ffcv.es\/wp\/wp-content\/uploads\/2023\/01\/BENJAMIN-2oANO-UD-ALZIRA-A.jpg 1030w\" sizes=\"(max-width: 1024px) 100vw, 1024px\" \/><\/noscript><\/figure>\n\n\n\n<figure class=\"wp-block-image size-large\"><img loading=\"lazy\" decoding=\"async\" width=\"1024\" height=\"768\" data-id=\"113267\" data-src=\"https:\/\/ffcv.es\/wp\/wp-content\/uploads\/2023\/01\/BENJAMIN-2oANO-TORRENT-CF-A-1024x768.jpg\" alt=\"\" class=\"wp-image-113267 lazyload\" data-srcset=\"https:\/\/ffcv.es\/wp\/wp-content\/uploads\/2023\/01\/BENJAMIN-2oANO-TORRENT-CF-A-1024x768.jpg 1024w, https:\/\/ffcv.es\/wp\/wp-content\/uploads\/2023\/01\/BENJAMIN-2oANO-TORRENT-CF-A-300x225.jpg 300w, https:\/\/ffcv.es\/wp\/wp-content\/uploads\/2023\/01\/BENJAMIN-2oANO-TORRENT-CF-A-768x576.jpg 768w, https:\/\/ffcv.es\/wp\/wp-content\/uploads\/2023\/01\/BENJAMIN-2oANO-TORRENT-CF-A-249x187.jpg 249w, https:\/\/ffcv.es\/wp\/wp-content\/uploads\/2023\/01\/BENJAMIN-2oANO-TORRENT-CF-A.jpg 1030w\" data-sizes=\"(max-width: 1024px) 100vw, 1024px\" src=\"data:image\/gif;base64,R0lGODlhAQABAAAAACH5BAEKAAEALAAAAAABAAEAAAICTAEAOw==\" style=\"--smush-placeholder-width: 1024px; --smush-placeholder-aspect-ratio: 1024\/768;\" \/><noscript><img loading=\"lazy\" decoding=\"async\" width=\"1024\" height=\"768\" data-id=\"113267\" src=\"https:\/\/ffcv.es\/wp\/wp-content\/uploads\/2023\/01\/BENJAMIN-2oANO-TORRENT-CF-A-1024x768.jpg\" alt=\"\" class=\"wp-image-113267\" srcset=\"https:\/\/ffcv.es\/wp\/wp-content\/uploads\/2023\/01\/BENJAMIN-2oANO-TORRENT-CF-A-1024x768.jpg 1024w, https:\/\/ffcv.es\/wp\/wp-content\/uploads\/2023\/01\/BENJAMIN-2oANO-TORRENT-CF-A-300x225.jpg 300w, https:\/\/ffcv.es\/wp\/wp-content\/uploads\/2023\/01\/BENJAMIN-2oANO-TORRENT-CF-A-768x576.jpg 768w, https:\/\/ffcv.es\/wp\/wp-content\/uploads\/2023\/01\/BENJAMIN-2oANO-TORRENT-CF-A-249x187.jpg 249w, https:\/\/ffcv.es\/wp\/wp-content\/uploads\/2023\/01\/BENJAMIN-2oANO-TORRENT-CF-A.jpg 1030w\" sizes=\"(max-width: 1024px) 100vw, 1024px\" \/><\/noscript><\/figure>\n\n\n\n<figure class=\"wp-block-image size-large\"><img loading=\"lazy\" decoding=\"async\" width=\"1024\" height=\"768\" data-id=\"113272\" data-src=\"https:\/\/ffcv.es\/wp\/wp-content\/uploads\/2023\/01\/BENJAMIN-2oANO-CF-INTER-SAN-JOSE-VALENCIA-A-1024x768.jpg\" alt=\"\" class=\"wp-image-113272 lazyload\" data-srcset=\"https:\/\/ffcv.es\/wp\/wp-content\/uploads\/2023\/01\/BENJAMIN-2oANO-CF-INTER-SAN-JOSE-VALENCIA-A-1024x768.jpg 1024w, https:\/\/ffcv.es\/wp\/wp-content\/uploads\/2023\/01\/BENJAMIN-2oANO-CF-INTER-SAN-JOSE-VALENCIA-A-300x225.jpg 300w, https:\/\/ffcv.es\/wp\/wp-content\/uploads\/2023\/01\/BENJAMIN-2oANO-CF-INTER-SAN-JOSE-VALENCIA-A-768x576.jpg 768w, https:\/\/ffcv.es\/wp\/wp-content\/uploads\/2023\/01\/BENJAMIN-2oANO-CF-INTER-SAN-JOSE-VALENCIA-A-249x187.jpg 249w, https:\/\/ffcv.es\/wp\/wp-content\/uploads\/2023\/01\/BENJAMIN-2oANO-CF-INTER-SAN-JOSE-VALENCIA-A.jpg 1030w\" data-sizes=\"(max-width: 1024px) 100vw, 1024px\" src=\"data:image\/gif;base64,R0lGODlhAQABAAAAACH5BAEKAAEALAAAAAABAAEAAAICTAEAOw==\" style=\"--smush-placeholder-width: 1024px; --smush-placeholder-aspect-ratio: 1024\/768;\" \/><noscript><img loading=\"lazy\" decoding=\"async\" width=\"1024\" height=\"768\" data-id=\"113272\" src=\"https:\/\/ffcv.es\/wp\/wp-content\/uploads\/2023\/01\/BENJAMIN-2oANO-CF-INTER-SAN-JOSE-VALENCIA-A-1024x768.jpg\" alt=\"\" class=\"wp-image-113272\" srcset=\"https:\/\/ffcv.es\/wp\/wp-content\/uploads\/2023\/01\/BENJAMIN-2oANO-CF-INTER-SAN-JOSE-VALENCIA-A-1024x768.jpg 1024w, https:\/\/ffcv.es\/wp\/wp-content\/uploads\/2023\/01\/BENJAMIN-2oANO-CF-INTER-SAN-JOSE-VALENCIA-A-300x225.jpg 300w, https:\/\/ffcv.es\/wp\/wp-content\/uploads\/2023\/01\/BENJAMIN-2oANO-CF-INTER-SAN-JOSE-VALENCIA-A-768x576.jpg 768w, https:\/\/ffcv.es\/wp\/wp-content\/uploads\/2023\/01\/BENJAMIN-2oANO-CF-INTER-SAN-JOSE-VALENCIA-A-249x187.jpg 249w, https:\/\/ffcv.es\/wp\/wp-content\/uploads\/2023\/01\/BENJAMIN-2oANO-CF-INTER-SAN-JOSE-VALENCIA-A.jpg 1030w\" sizes=\"(max-width: 1024px) 100vw, 1024px\" \/><\/noscript><\/figure>\n\n\n\n<figure class=\"wp-block-image size-large\"><img loading=\"lazy\" decoding=\"async\" width=\"1024\" height=\"768\" data-id=\"113268\" data-src=\"https:\/\/ffcv.es\/wp\/wp-content\/uploads\/2023\/01\/BENJAMIN-2oANO-CD-SALISIANOS-BURRIANA-A-1024x768.jpg\" alt=\"\" class=\"wp-image-113268 lazyload\" data-srcset=\"https:\/\/ffcv.es\/wp\/wp-content\/uploads\/2023\/01\/BENJAMIN-2oANO-CD-SALISIANOS-BURRIANA-A-1024x768.jpg 1024w, https:\/\/ffcv.es\/wp\/wp-content\/uploads\/2023\/01\/BENJAMIN-2oANO-CD-SALISIANOS-BURRIANA-A-300x225.jpg 300w, https:\/\/ffcv.es\/wp\/wp-content\/uploads\/2023\/01\/BENJAMIN-2oANO-CD-SALISIANOS-BURRIANA-A-768x576.jpg 768w, https:\/\/ffcv.es\/wp\/wp-content\/uploads\/2023\/01\/BENJAMIN-2oANO-CD-SALISIANOS-BURRIANA-A-249x187.jpg 249w, https:\/\/ffcv.es\/wp\/wp-content\/uploads\/2023\/01\/BENJAMIN-2oANO-CD-SALISIANOS-BURRIANA-A.jpg 1030w\" data-sizes=\"(max-width: 1024px) 100vw, 1024px\" src=\"data:image\/gif;base64,R0lGODlhAQABAAAAACH5BAEKAAEALAAAAAABAAEAAAICTAEAOw==\" style=\"--smush-placeholder-width: 1024px; --smush-placeholder-aspect-ratio: 1024\/768;\" \/><noscript><img loading=\"lazy\" decoding=\"async\" width=\"1024\" height=\"768\" data-id=\"113268\" src=\"https:\/\/ffcv.es\/wp\/wp-content\/uploads\/2023\/01\/BENJAMIN-2oANO-CD-SALISIANOS-BURRIANA-A-1024x768.jpg\" alt=\"\" class=\"wp-image-113268\" srcset=\"https:\/\/ffcv.es\/wp\/wp-content\/uploads\/2023\/01\/BENJAMIN-2oANO-CD-SALISIANOS-BURRIANA-A-1024x768.jpg 1024w, https:\/\/ffcv.es\/wp\/wp-content\/uploads\/2023\/01\/BENJAMIN-2oANO-CD-SALISIANOS-BURRIANA-A-300x225.jpg 300w, https:\/\/ffcv.es\/wp\/wp-content\/uploads\/2023\/01\/BENJAMIN-2oANO-CD-SALISIANOS-BURRIANA-A-768x576.jpg 768w, https:\/\/ffcv.es\/wp\/wp-content\/uploads\/2023\/01\/BENJAMIN-2oANO-CD-SALISIANOS-BURRIANA-A-249x187.jpg 249w, https:\/\/ffcv.es\/wp\/wp-content\/uploads\/2023\/01\/BENJAMIN-2oANO-CD-SALISIANOS-BURRIANA-A.jpg 1030w\" sizes=\"(max-width: 1024px) 100vw, 1024px\" \/><\/noscript><\/figure>\n\n\n\n<figure class=\"wp-block-image size-large\"><img loading=\"lazy\" decoding=\"async\" width=\"1024\" height=\"768\" data-id=\"113270\" data-src=\"https:\/\/ffcv.es\/wp\/wp-content\/uploads\/2023\/01\/BENJAMIN-2oANO-ALBALAT-CF-A-1024x768.jpg\" alt=\"\" class=\"wp-image-113270 lazyload\" data-srcset=\"https:\/\/ffcv.es\/wp\/wp-content\/uploads\/2023\/01\/BENJAMIN-2oANO-ALBALAT-CF-A-1024x768.jpg 1024w, https:\/\/ffcv.es\/wp\/wp-content\/uploads\/2023\/01\/BENJAMIN-2oANO-ALBALAT-CF-A-300x225.jpg 300w, https:\/\/ffcv.es\/wp\/wp-content\/uploads\/2023\/01\/BENJAMIN-2oANO-ALBALAT-CF-A-768x576.jpg 768w, https:\/\/ffcv.es\/wp\/wp-content\/uploads\/2023\/01\/BENJAMIN-2oANO-ALBALAT-CF-A-249x187.jpg 249w, https:\/\/ffcv.es\/wp\/wp-content\/uploads\/2023\/01\/BENJAMIN-2oANO-ALBALAT-CF-A.jpg 1030w\" data-sizes=\"(max-width: 1024px) 100vw, 1024px\" src=\"data:image\/gif;base64,R0lGODlhAQABAAAAACH5BAEKAAEALAAAAAABAAEAAAICTAEAOw==\" style=\"--smush-placeholder-width: 1024px; --smush-placeholder-aspect-ratio: 1024\/768;\" \/><noscript><img loading=\"lazy\" decoding=\"async\" width=\"1024\" height=\"768\" data-id=\"113270\" src=\"https:\/\/ffcv.es\/wp\/wp-content\/uploads\/2023\/01\/BENJAMIN-2oANO-ALBALAT-CF-A-1024x768.jpg\" alt=\"\" class=\"wp-image-113270\" srcset=\"https:\/\/ffcv.es\/wp\/wp-content\/uploads\/2023\/01\/BENJAMIN-2oANO-ALBALAT-CF-A-1024x768.jpg 1024w, https:\/\/ffcv.es\/wp\/wp-content\/uploads\/2023\/01\/BENJAMIN-2oANO-ALBALAT-CF-A-300x225.jpg 300w, https:\/\/ffcv.es\/wp\/wp-content\/uploads\/2023\/01\/BENJAMIN-2oANO-ALBALAT-CF-A-768x576.jpg 768w, https:\/\/ffcv.es\/wp\/wp-content\/uploads\/2023\/01\/BENJAMIN-2oANO-ALBALAT-CF-A-249x187.jpg 249w, https:\/\/ffcv.es\/wp\/wp-content\/uploads\/2023\/01\/BENJAMIN-2oANO-ALBALAT-CF-A.jpg 1030w\" sizes=\"(max-width: 1024px) 100vw, 1024px\" \/><\/noscript><\/figure>\n\n\n\n<figure class=\"wp-block-image size-large\"><img loading=\"lazy\" decoding=\"async\" width=\"1024\" height=\"729\" data-id=\"113269\" data-src=\"https:\/\/ffcv.es\/wp\/wp-content\/uploads\/2023\/01\/BENJAMIN-2o-FUNDACION-VALENCIA-A-1024x729.jpg\" alt=\"\" class=\"wp-image-113269 lazyload\" data-srcset=\"https:\/\/ffcv.es\/wp\/wp-content\/uploads\/2023\/01\/BENJAMIN-2o-FUNDACION-VALENCIA-A-1024x729.jpg 1024w, https:\/\/ffcv.es\/wp\/wp-content\/uploads\/2023\/01\/BENJAMIN-2o-FUNDACION-VALENCIA-A-300x213.jpg 300w, https:\/\/ffcv.es\/wp\/wp-content\/uploads\/2023\/01\/BENJAMIN-2o-FUNDACION-VALENCIA-A-768x547.jpg 768w, https:\/\/ffcv.es\/wp\/wp-content\/uploads\/2023\/01\/BENJAMIN-2o-FUNDACION-VALENCIA-A-263x187.jpg 263w, https:\/\/ffcv.es\/wp\/wp-content\/uploads\/2023\/01\/BENJAMIN-2o-FUNDACION-VALENCIA-A.jpg 1030w\" data-sizes=\"(max-width: 1024px) 100vw, 1024px\" src=\"data:image\/gif;base64,R0lGODlhAQABAAAAACH5BAEKAAEALAAAAAABAAEAAAICTAEAOw==\" style=\"--smush-placeholder-width: 1024px; --smush-placeholder-aspect-ratio: 1024\/729;\" \/><noscript><img loading=\"lazy\" decoding=\"async\" width=\"1024\" height=\"729\" data-id=\"113269\" src=\"https:\/\/ffcv.es\/wp\/wp-content\/uploads\/2023\/01\/BENJAMIN-2o-FUNDACION-VALENCIA-A-1024x729.jpg\" alt=\"\" class=\"wp-image-113269\" srcset=\"https:\/\/ffcv.es\/wp\/wp-content\/uploads\/2023\/01\/BENJAMIN-2o-FUNDACION-VALENCIA-A-1024x729.jpg 1024w, https:\/\/ffcv.es\/wp\/wp-content\/uploads\/2023\/01\/BENJAMIN-2o-FUNDACION-VALENCIA-A-300x213.jpg 300w, https:\/\/ffcv.es\/wp\/wp-content\/uploads\/2023\/01\/BENJAMIN-2o-FUNDACION-VALENCIA-A-768x547.jpg 768w, https:\/\/ffcv.es\/wp\/wp-content\/uploads\/2023\/01\/BENJAMIN-2o-FUNDACION-VALENCIA-A-263x187.jpg 263w, https:\/\/ffcv.es\/wp\/wp-content\/uploads\/2023\/01\/BENJAMIN-2o-FUNDACION-VALENCIA-A.jpg 1030w\" sizes=\"(max-width: 1024px) 100vw, 1024px\" \/><\/noscript><\/figure>\n<\/figure>\n\n\n\n<p><em><span style=\"text-decoration: underline\">Segundo a\u00f1o<\/span><\/em><\/p>\n\n\n\n<ul class=\"wp-block-list\">\n<li><strong>Fundaci\u00f3n VCF &#8216;A&#8217;<\/strong><\/li>\n\n\n\n<li><strong>CF Inter San Jos\u00e9 Valencia &#8216;A&#8217;<\/strong><\/li>\n\n\n\n<li><strong>CD Salesianos Burriana &#8216;A&#8217;<\/strong><\/li>\n\n\n\n<li><strong>UD Alzira &#8216;A&#8217;<\/strong><\/li>\n\n\n\n<li><strong>Albalat CF &#8216;A&#8217;<\/strong><\/li>\n\n\n\n<li><strong>Torrent CF &#8216;A&#8217;<\/strong><\/li>\n<\/ul>\n","protected":false},"excerpt":{"rendered":"<p>Intensa jornada de Copa Federaci\u00f3n en la que hasta doce equipos de categor\u00eda Benjam\u00edn consiguieron la clasificaci\u00f3n para la siguiente fase. La\u00a0Copa Federaci\u00f3n\u00a0de F\u00fatbol 8 celebr\u00f3 el pasado fin de semana la tercera jornada de la primera fase de la categor\u00eda Benjam\u00edn con un total de doce equipos clasificados para la segunda fase. Tras la<\/p>\n","protected":false},"author":5,"featured_media":113273,"comment_status":"closed","ping_status":"closed","sticky":false,"template":"","format":"standard","meta":{"om_disable_all_campaigns":false,"footnotes":""},"categories":[16,69],"tags":[412,143,128],"class_list":["post-113257","post","type-post","status-publish","format-standard","has-post-thumbnail","hentry","category-actualidad","category-noticias-ffcv","tag-benjamines","tag-copa-federacion","tag-futbol-base"],"aioseo_notices":[],"_links":{"self":[{"href":"https:\/\/ffcv.es\/wp\/wp-json\/wp\/v2\/posts\/113257"}],"collection":[{"href":"https:\/\/ffcv.es\/wp\/wp-json\/wp\/v2\/posts"}],"about":[{"href":"https:\/\/ffcv.es\/wp\/wp-json\/wp\/v2\/types\/post"}],"author":[{"embeddable":true,"href":"https:\/\/ffcv.es\/wp\/wp-json\/wp\/v2\/users\/5"}],"replies":[{"embeddable":true,"href":"https:\/\/ffcv.es\/wp\/wp-json\/wp\/v2\/comments?post=113257"}],"version-history":[{"count":2,"href":"https:\/\/ffcv.es\/wp\/wp-json\/wp\/v2\/posts\/113257\/revisions"}],"predecessor-version":[{"id":113275,"href":"https:\/\/ffcv.es\/wp\/wp-json\/wp\/v2\/posts\/113257\/revisions\/113275"}],"wp:featuredmedia":[{"embeddable":true,"href":"https:\/\/ffcv.es\/wp\/wp-json\/wp\/v2\/media\/113273"}],"wp:attachment":[{"href":"https:\/\/ffcv.es\/wp\/wp-json\/wp\/v2\/media?parent=113257"}],"wp:term":[{"taxonomy":"category","embeddable":true,"href":"https:\/\/ffcv.es\/wp\/wp-json\/wp\/v2\/categories?post=113257"},{"taxonomy":"post_tag","embeddable":true,"href":"https:\/\/ffcv.es\/wp\/wp-json\/wp\/v2\/tags?post=113257"}],"curies":[{"name":"wp","href":"https:\/\/api.w.org\/{rel}","templated":true}]}}