{"id":113154,"date":"2023-01-20T10:30:11","date_gmt":"2023-01-20T08:30:11","guid":{"rendered":"https:\/\/ffcv.es\/wp\/?p=113154"},"modified":"2023-01-20T13:41:18","modified_gmt":"2023-01-20T11:41:18","slug":"el-sporting-san-fulgencio-unico-equipo-de-primera-regional-en-alcanzar-los-octavos-de-la-nostra-copa-%f0%9f%8f%86-%f0%9f%98%8e","status":"publish","type":"post","link":"https:\/\/ffcv.es\/wp\/blog\/2023\/01\/el-sporting-san-fulgencio-unico-equipo-de-primera-regional-en-alcanzar-los-octavos-de-la-nostra-copa-%f0%9f%8f%86-%f0%9f%98%8e\/","title":{"rendered":"El Sporting San Fulgencio, \u00fanico equipo de Primera Regional en alcanzar los octavos de &#8216;La Nostra Copa&#8217; \ud83c\udfc6 \ud83d\ude0e"},"content":{"rendered":"\n<p>El <strong>Sporting San Fulgencio <\/strong>consigui\u00f3 la machada de meterse en los octavos de final de la<strong> II edici\u00f3n de la Copa Comunitat Mediterr\u00e0nea &#8216;La Nostra Copa&#8217;<\/strong>, el \u00fanico conjunto que milita en <strong>Primera Regional <\/strong>capaz de alcanzar esta ronda.<\/p>\n\n\n\n<p>El club de<strong> La Vega Baja<\/strong> elimin\u00f3 nada m\u00e1s y nada menos que al <strong>Crevillente Deportivo<\/strong>, uno de los favoritos de la competici\u00f3n, con una victoria por dos goles a uno en el<strong> Nuevo Ca\u00f1averal <\/strong>ante el actual tercer clasificado del grupo 4 de la <strong>Lliga \u00c0 Punt Preferent<\/strong>.<\/p>\n\n\n\n<p>La trayectoria del<strong> Sporting San Fulgencio <\/strong>en la competici\u00f3n es ejemplar. Ya han podido con un conjunto de su misma categor\u00eda, el <strong>Sporting Dolores<\/strong>, y con tres de la <strong>Lliga \u00c0 Punt Preferent<\/strong>: <strong>CD Thader, Atl\u00e9tico Catral y Crevillente Deportivo.&nbsp;<\/strong><\/p>\n\n\n\n<p>Estos fueron todos los resultados de los dieciseisavos de final:<\/p>\n\n\n\n<figure class=\"wp-block-image size-large\"><img loading=\"lazy\" decoding=\"async\" width=\"1024\" height=\"576\" data-src=\"https:\/\/ffcv.es\/wp\/wp-content\/uploads\/2023\/01\/1-16-ronda-2-1024x576.png\" alt=\"\" class=\"wp-image-113157 lazyload\" data-srcset=\"https:\/\/ffcv.es\/wp\/wp-content\/uploads\/2023\/01\/1-16-ronda-2-1024x576.png 1024w, https:\/\/ffcv.es\/wp\/wp-content\/uploads\/2023\/01\/1-16-ronda-2-300x169.png 300w, https:\/\/ffcv.es\/wp\/wp-content\/uploads\/2023\/01\/1-16-ronda-2-768x432.png 768w, https:\/\/ffcv.es\/wp\/wp-content\/uploads\/2023\/01\/1-16-ronda-2-1536x864.png 1536w, https:\/\/ffcv.es\/wp\/wp-content\/uploads\/2023\/01\/1-16-ronda-2-2048x1152.png 2048w, https:\/\/ffcv.es\/wp\/wp-content\/uploads\/2023\/01\/1-16-ronda-2-280x158.png 280w, https:\/\/ffcv.es\/wp\/wp-content\/uploads\/2023\/01\/1-16-ronda-2-1170x658.png 1170w, https:\/\/ffcv.es\/wp\/wp-content\/uploads\/2023\/01\/1-16-ronda-2.png 1920w\" data-sizes=\"(max-width: 1024px) 100vw, 1024px\" src=\"data:image\/gif;base64,R0lGODlhAQABAAAAACH5BAEKAAEALAAAAAABAAEAAAICTAEAOw==\" style=\"--smush-placeholder-width: 1024px; --smush-placeholder-aspect-ratio: 1024\/576;\" \/><noscript><img loading=\"lazy\" decoding=\"async\" width=\"1024\" height=\"576\" src=\"https:\/\/ffcv.es\/wp\/wp-content\/uploads\/2023\/01\/1-16-ronda-2-1024x576.png\" alt=\"\" class=\"wp-image-113157\" srcset=\"https:\/\/ffcv.es\/wp\/wp-content\/uploads\/2023\/01\/1-16-ronda-2-1024x576.png 1024w, https:\/\/ffcv.es\/wp\/wp-content\/uploads\/2023\/01\/1-16-ronda-2-300x169.png 300w, https:\/\/ffcv.es\/wp\/wp-content\/uploads\/2023\/01\/1-16-ronda-2-768x432.png 768w, https:\/\/ffcv.es\/wp\/wp-content\/uploads\/2023\/01\/1-16-ronda-2-1536x864.png 1536w, https:\/\/ffcv.es\/wp\/wp-content\/uploads\/2023\/01\/1-16-ronda-2-2048x1152.png 2048w, https:\/\/ffcv.es\/wp\/wp-content\/uploads\/2023\/01\/1-16-ronda-2-280x158.png 280w, https:\/\/ffcv.es\/wp\/wp-content\/uploads\/2023\/01\/1-16-ronda-2-1170x658.png 1170w, https:\/\/ffcv.es\/wp\/wp-content\/uploads\/2023\/01\/1-16-ronda-2.png 1920w\" sizes=\"(max-width: 1024px) 100vw, 1024px\" \/><\/noscript><\/figure>\n\n\n\n<p>El sorteo de la pr\u00f3xima jornada tendr\u00e1 lugar el pr\u00f3ximo mi\u00e9rcoles 25 de enero en la sede central de la <strong>FFCV<\/strong> y ser\u00e1 emitido en directo por los canales oficiales de la <strong>Federaci\u00f3<\/strong>.<\/p>\n\n\n\n<h2 class=\"wp-block-heading\">Los de Segona Regional no pudieron pasar a octavos<\/h2>\n\n\n\n<p>Adem\u00e1s del <strong>Sporting San Fulgencio<\/strong>, otros cuatro equipos de <strong>Primera Regional <\/strong>y dos equipos de <strong>Segona Regional<\/strong> optaban a alcanzar los octavos de la competici\u00f3n, pero todos excepto los de <strong>La Vega Baja<\/strong> se quedaron a las puertas de conseguirlo.<\/p>\n\n\n\n<p>Lo tuvo cerca el <strong>Deutsche Schule Valencia FC<\/strong>, conjunto de <strong>Segona Regional <\/strong>que se qued\u00f3 a un solo gol de llevar a los penaltis al<strong> CD Utiel <\/strong>(1-2).<\/p>\n\n\n\n<p>Sin embargo, el <strong>Daim\u00fas CF<\/strong>, tambi\u00e9n de <strong>Segona Regional<\/strong>, no tuvo opciones frente a una imponente <strong>UD Castellonense<\/strong> que venci\u00f3 por 0-4 en su visita a <strong>La Safor<\/strong>.<\/p>\n\n\n\n<p>Ni <strong>At. Barrio La Luz-Xirivella<\/strong>, ni <strong>Torrefiel Ath. CE<\/strong>, ni <strong>Moixent CF<\/strong> ni <strong>Mutxamel CF<\/strong>, todos de <strong>Primera Regional<\/strong>, pudieron vencer a su rival de la<strong> Lliga \u00c0 Punt Preferent<\/strong>.<\/p>\n\n\n\n<p>De los enfrentamientos entre equipos de la <strong>Lliga \u00c0 Punt Preferent<\/strong>, destac\u00f3 la victoria del <strong>FB Redov\u00e1n CF<\/strong> sobre el <strong>Callosa Deportiva CF<\/strong>, el actual l\u00edder del grupo 4, por 2-1 con goles de <strong>V\u00edctor Arenas<\/strong> y de <strong>Mati<\/strong>.<\/p>\n\n\n\n<h2 class=\"wp-block-heading\">M\u00e1s curiosidades de esta ronda<\/h2>\n\n\n\n<figure class=\"wp-block-image size-large\"><img loading=\"lazy\" decoding=\"async\" width=\"1024\" height=\"510\" data-src=\"https:\/\/ffcv.es\/wp\/wp-content\/uploads\/2023\/01\/Nou-Jove-Castello-1024x510.jpg\" alt=\"\" class=\"wp-image-113156 lazyload\" data-srcset=\"https:\/\/ffcv.es\/wp\/wp-content\/uploads\/2023\/01\/Nou-Jove-Castello-1024x510.jpg 1024w, https:\/\/ffcv.es\/wp\/wp-content\/uploads\/2023\/01\/Nou-Jove-Castello-300x149.jpg 300w, https:\/\/ffcv.es\/wp\/wp-content\/uploads\/2023\/01\/Nou-Jove-Castello-768x383.jpg 768w, https:\/\/ffcv.es\/wp\/wp-content\/uploads\/2023\/01\/Nou-Jove-Castello-1536x765.jpg 1536w, https:\/\/ffcv.es\/wp\/wp-content\/uploads\/2023\/01\/Nou-Jove-Castello-280x139.jpg 280w, https:\/\/ffcv.es\/wp\/wp-content\/uploads\/2023\/01\/Nou-Jove-Castello-1170x583.jpg 1170w, https:\/\/ffcv.es\/wp\/wp-content\/uploads\/2023\/01\/Nou-Jove-Castello.jpg 1646w\" data-sizes=\"(max-width: 1024px) 100vw, 1024px\" src=\"data:image\/gif;base64,R0lGODlhAQABAAAAACH5BAEKAAEALAAAAAABAAEAAAICTAEAOw==\" style=\"--smush-placeholder-width: 1024px; --smush-placeholder-aspect-ratio: 1024\/510;\" \/><noscript><img loading=\"lazy\" decoding=\"async\" width=\"1024\" height=\"510\" src=\"https:\/\/ffcv.es\/wp\/wp-content\/uploads\/2023\/01\/Nou-Jove-Castello-1024x510.jpg\" alt=\"\" class=\"wp-image-113156\" srcset=\"https:\/\/ffcv.es\/wp\/wp-content\/uploads\/2023\/01\/Nou-Jove-Castello-1024x510.jpg 1024w, https:\/\/ffcv.es\/wp\/wp-content\/uploads\/2023\/01\/Nou-Jove-Castello-300x149.jpg 300w, https:\/\/ffcv.es\/wp\/wp-content\/uploads\/2023\/01\/Nou-Jove-Castello-768x383.jpg 768w, https:\/\/ffcv.es\/wp\/wp-content\/uploads\/2023\/01\/Nou-Jove-Castello-1536x765.jpg 1536w, https:\/\/ffcv.es\/wp\/wp-content\/uploads\/2023\/01\/Nou-Jove-Castello-280x139.jpg 280w, https:\/\/ffcv.es\/wp\/wp-content\/uploads\/2023\/01\/Nou-Jove-Castello-1170x583.jpg 1170w, https:\/\/ffcv.es\/wp\/wp-content\/uploads\/2023\/01\/Nou-Jove-Castello.jpg 1646w\" sizes=\"(max-width: 1024px) 100vw, 1024px\" \/><\/noscript><figcaption class=\"wp-element-caption\">Los jugadores del Nou Jove Castell\u00f3 celebran el pase a octavos de final <a href=\"https:\/\/www.instagram.com\/p\/CnlxO6oIhCv\/?utm_source=ig_web_copy_link\">(foto Instagram Nou Jove Castell\u00f3<\/a>)<\/figcaption><\/figure>\n\n\n\n<p>Tambi\u00e9n la del <strong>CF Nou Jove Castell\u00f3 <\/strong>frente a otro de los favoritos, la<strong> UD Vall d&#8217;Ux\u00f3<\/strong>, en los penaltis tres el empate a dos con el que acab\u00f3 el encuentro.<\/p>\n\n\n\n<p>Curiosamente, tanto el <strong>CF Nou Jove Castell\u00f3<\/strong> como el <strong>CF Cullera<\/strong>, <a href=\"https:\/\/ffcv.es\/wp\/blog\/2022\/12\/16\/cf-nou-jove-castello-y-cf-cullera-repescados-en-la-nostra-copa-para-1-16-de-final\/\">ambos repescados por sorteo hace una ronda,<\/a> han vencido su eliminatoria y estar\u00e1n en octavos.<\/p>\n\n\n\n<p>Sin embargo, los dos equipos que acced\u00edan directamente en dieciseisavos merced a su mejor clasificaci\u00f3n la temporada pasada en la <strong>Lliga \u00c0 Punt Preferent<\/strong>, <strong>Crevillente Deportivo <\/strong>y <strong>UD Vall d&#8217;Ux\u00f3<\/strong>, han sido eliminados a las primeras de cambio.<\/p>\n\n\n\n<p>El <strong>CD L&#8217;Alcora<\/strong>, actual campe\u00f3n de la competici\u00f3n, sigue con opciones de revalidar el t\u00edtulo tras eliminar al <strong>CD Els Ibarsos<\/strong>.<\/p>\n\n\n\n<h2 class=\"wp-block-heading\">Las pr\u00f3ximas rondas<\/h2>\n\n\n\n<p>El sorteo de los octavos de final de<strong> La Nostra Copa<\/strong> se celebrar\u00e1 el pr\u00f3ximo mi\u00e9rcoles 25 de enero en la sede central de la <strong>FFCV<\/strong> y ser\u00e1 emitido v\u00eda streaming por los canales oficiales de la <strong>FFCV<\/strong>.<\/p>\n\n\n\n<p>En la pr\u00f3xima ronda, la de octavos de final prevista para el 15 de febrero, ya no habr\u00e1 emparejamientos por cercan\u00eda geogr\u00e1fica. Es m\u00e1s, se realizar\u00e1 un sorteo en el que se conocer\u00e1 el camino hacia la final para todos los equipos.<\/p>\n\n\n\n<p>Las eliminatorias de octavos y cuartos de final a partido \u00fanico se disputar\u00e1n en el terreno de juego del equipo que compita en la divisi\u00f3n inferior en la presente temporada. En caso de ostentar la misma divisi\u00f3n los dos equipos de un enfrentamiento, el orden de juego ser\u00e1 el establecido por el propio sorteo.<\/p>\n\n\n\n<p>La semifinal ser\u00e1 a ida y vuelta, tal y como establece<a href=\"https:\/\/ffcv.es\/wp\/wp-content\/uploads\/2022\/08\/Circular-no6-La-Nostra-Copa-22-23.pdf\"> la circular 6 que regula la competici\u00f3n<\/a>.<\/p>\n\n\n\n<figure class=\"wp-block-image size-large\"><img loading=\"lazy\" decoding=\"async\" width=\"1024\" height=\"710\" data-src=\"https:\/\/ffcv.es\/wp\/wp-content\/uploads\/2022\/08\/WhatsApp-Image-2022-06-12-at-7.21.37-PM-1024x710.jpeg\" alt=\"\" class=\"wp-image-96170 lazyload\" data-srcset=\"https:\/\/ffcv.es\/wp\/wp-content\/uploads\/2022\/08\/WhatsApp-Image-2022-06-12-at-7.21.37-PM-1024x710.jpeg 1024w, https:\/\/ffcv.es\/wp\/wp-content\/uploads\/2022\/08\/WhatsApp-Image-2022-06-12-at-7.21.37-PM-300x208.jpeg 300w, https:\/\/ffcv.es\/wp\/wp-content\/uploads\/2022\/08\/WhatsApp-Image-2022-06-12-at-7.21.37-PM-768x532.jpeg 768w, https:\/\/ffcv.es\/wp\/wp-content\/uploads\/2022\/08\/WhatsApp-Image-2022-06-12-at-7.21.37-PM-1536x1065.jpeg 1536w, https:\/\/ffcv.es\/wp\/wp-content\/uploads\/2022\/08\/WhatsApp-Image-2022-06-12-at-7.21.37-PM-270x187.jpeg 270w, https:\/\/ffcv.es\/wp\/wp-content\/uploads\/2022\/08\/WhatsApp-Image-2022-06-12-at-7.21.37-PM-1170x811.jpeg 1170w, https:\/\/ffcv.es\/wp\/wp-content\/uploads\/2022\/08\/WhatsApp-Image-2022-06-12-at-7.21.37-PM.jpeg 1558w\" data-sizes=\"(max-width: 1024px) 100vw, 1024px\" src=\"data:image\/gif;base64,R0lGODlhAQABAAAAACH5BAEKAAEALAAAAAABAAEAAAICTAEAOw==\" style=\"--smush-placeholder-width: 1024px; --smush-placeholder-aspect-ratio: 1024\/710;\" \/><noscript><img loading=\"lazy\" decoding=\"async\" width=\"1024\" height=\"710\" src=\"https:\/\/ffcv.es\/wp\/wp-content\/uploads\/2022\/08\/WhatsApp-Image-2022-06-12-at-7.21.37-PM-1024x710.jpeg\" alt=\"\" class=\"wp-image-96170\" srcset=\"https:\/\/ffcv.es\/wp\/wp-content\/uploads\/2022\/08\/WhatsApp-Image-2022-06-12-at-7.21.37-PM-1024x710.jpeg 1024w, https:\/\/ffcv.es\/wp\/wp-content\/uploads\/2022\/08\/WhatsApp-Image-2022-06-12-at-7.21.37-PM-300x208.jpeg 300w, https:\/\/ffcv.es\/wp\/wp-content\/uploads\/2022\/08\/WhatsApp-Image-2022-06-12-at-7.21.37-PM-768x532.jpeg 768w, https:\/\/ffcv.es\/wp\/wp-content\/uploads\/2022\/08\/WhatsApp-Image-2022-06-12-at-7.21.37-PM-1536x1065.jpeg 1536w, https:\/\/ffcv.es\/wp\/wp-content\/uploads\/2022\/08\/WhatsApp-Image-2022-06-12-at-7.21.37-PM-270x187.jpeg 270w, https:\/\/ffcv.es\/wp\/wp-content\/uploads\/2022\/08\/WhatsApp-Image-2022-06-12-at-7.21.37-PM-1170x811.jpeg 1170w, https:\/\/ffcv.es\/wp\/wp-content\/uploads\/2022\/08\/WhatsApp-Image-2022-06-12-at-7.21.37-PM.jpeg 1558w\" sizes=\"(max-width: 1024px) 100vw, 1024px\" \/><\/noscript><figcaption class=\"wp-element-caption\">Imagen de la \u00faltima final de La Nostra Copa, celebrada en La Vall d&#8217;Uix\u00f3 entre el CD L&#8217;Alcora y la Uni\u00f3 Benet\u00fasser-Favara.<\/figcaption><\/figure>\n\n\n\n<h2 class=\"wp-block-heading\">Estadios llenos en una competici\u00f3n de \u00e9xito<\/h2>\n\n\n\n<p><strong>\u2018La Nostra Copa\u2019&nbsp;<\/strong>se ha convertido en una de las principales atracciones del f\u00fatbol m\u00e1s modesto en la&nbsp;<strong>Comunitat Valenciana<\/strong>.<\/p>\n\n\n\n<p>Todos los equipos de la&nbsp;<strong>Comunitat<\/strong>&nbsp;tienen la opci\u00f3n de ganarla con el gran premio gordo en el horizonte de ser el conjunto que represente a nuestro f\u00fatbol en la&nbsp;<strong>Copa de SM El Rey<\/strong>.<\/p>\n\n\n\n<p>El&nbsp;<a href=\"https:\/\/ffcv.es\/wp\/blog\/2022\/06\/12\/el-cd-lalcora-primer-campeon-de-la-nostra-copa-%f0%9f%8f%86-cd-lalcora-vs-unio-benetusser-favara-1-0\/\">CD L\u2019Alcora<\/a>, primer y actual campe\u00f3n de esta competici\u00f3n, disput\u00f3 la<strong>&nbsp;Fase Previa<\/strong>&nbsp;de la&nbsp;<strong>Copa del Rey<\/strong>&nbsp;el 18 de octubre frente al&nbsp;<strong>Ceuta 6 de Junio<\/strong>&nbsp;en&nbsp;<strong>Ceuta<\/strong>. Venci\u00f3 0-3 y acab\u00f3 recibiendo en casa a todo un&nbsp;<strong>Primera Divisi\u00f3n<\/strong>&nbsp;como el&nbsp;<strong>Elche CF<\/strong>&nbsp;en una fiesta espectacular para toda la localidad.<\/p>\n\n\n\n<figure class=\"wp-block-image size-large\"><img loading=\"lazy\" decoding=\"async\" width=\"1024\" height=\"682\" data-src=\"https:\/\/ffcv.es\/wp\/wp-content\/uploads\/2022\/06\/WhatsApp-Image-2022-06-12-at-9.16.19-PM-1024x682.jpeg\" alt=\"\" class=\"wp-image-90755 lazyload\" data-srcset=\"https:\/\/ffcv.es\/wp\/wp-content\/uploads\/2022\/06\/WhatsApp-Image-2022-06-12-at-9.16.19-PM-1024x682.jpeg 1024w, https:\/\/ffcv.es\/wp\/wp-content\/uploads\/2022\/06\/WhatsApp-Image-2022-06-12-at-9.16.19-PM-300x200.jpeg 300w, https:\/\/ffcv.es\/wp\/wp-content\/uploads\/2022\/06\/WhatsApp-Image-2022-06-12-at-9.16.19-PM-768x512.jpeg 768w, https:\/\/ffcv.es\/wp\/wp-content\/uploads\/2022\/06\/WhatsApp-Image-2022-06-12-at-9.16.19-PM-1536x1023.jpeg 1536w, https:\/\/ffcv.es\/wp\/wp-content\/uploads\/2022\/06\/WhatsApp-Image-2022-06-12-at-9.16.19-PM-280x187.jpeg 280w, https:\/\/ffcv.es\/wp\/wp-content\/uploads\/2022\/06\/WhatsApp-Image-2022-06-12-at-9.16.19-PM-1170x780.jpeg 1170w, https:\/\/ffcv.es\/wp\/wp-content\/uploads\/2022\/06\/WhatsApp-Image-2022-06-12-at-9.16.19-PM.jpeg 1600w\" data-sizes=\"(max-width: 1024px) 100vw, 1024px\" src=\"data:image\/gif;base64,R0lGODlhAQABAAAAACH5BAEKAAEALAAAAAABAAEAAAICTAEAOw==\" style=\"--smush-placeholder-width: 1024px; --smush-placeholder-aspect-ratio: 1024\/682;\" \/><noscript><img loading=\"lazy\" decoding=\"async\" width=\"1024\" height=\"682\" src=\"https:\/\/ffcv.es\/wp\/wp-content\/uploads\/2022\/06\/WhatsApp-Image-2022-06-12-at-9.16.19-PM-1024x682.jpeg\" alt=\"\" class=\"wp-image-90755\" srcset=\"https:\/\/ffcv.es\/wp\/wp-content\/uploads\/2022\/06\/WhatsApp-Image-2022-06-12-at-9.16.19-PM-1024x682.jpeg 1024w, https:\/\/ffcv.es\/wp\/wp-content\/uploads\/2022\/06\/WhatsApp-Image-2022-06-12-at-9.16.19-PM-300x200.jpeg 300w, https:\/\/ffcv.es\/wp\/wp-content\/uploads\/2022\/06\/WhatsApp-Image-2022-06-12-at-9.16.19-PM-768x512.jpeg 768w, https:\/\/ffcv.es\/wp\/wp-content\/uploads\/2022\/06\/WhatsApp-Image-2022-06-12-at-9.16.19-PM-1536x1023.jpeg 1536w, https:\/\/ffcv.es\/wp\/wp-content\/uploads\/2022\/06\/WhatsApp-Image-2022-06-12-at-9.16.19-PM-280x187.jpeg 280w, https:\/\/ffcv.es\/wp\/wp-content\/uploads\/2022\/06\/WhatsApp-Image-2022-06-12-at-9.16.19-PM-1170x780.jpeg 1170w, https:\/\/ffcv.es\/wp\/wp-content\/uploads\/2022\/06\/WhatsApp-Image-2022-06-12-at-9.16.19-PM.jpeg 1600w\" sizes=\"(max-width: 1024px) 100vw, 1024px\" \/><\/noscript><\/figure>\n\n\n\n<p>Pero no solo el premio es ganar. Ronda tras ronda se llenan los campos y se fomenta la afici\u00f3n en todos los pueblos de la&nbsp;<strong>Comunitat Valenciana<\/strong>&nbsp;por el equipo de su localidad.<\/p>\n\n\n\n<p>Todos los detalles de la competici\u00f3n est\u00e1n en la<a href=\"https:\/\/ffcv.es\/wp\/wp-content\/uploads\/2022\/08\/Circular-no6-La-Nostra-Copa-22-23.pdf\">&nbsp;Circular 6 de la FFCV sobre \u2018La Nostra Copa\u2019<\/a>.<\/p>\n","protected":false},"excerpt":{"rendered":"<p>El Sporting San Fulgencio consigui\u00f3 la machada de meterse en los octavos de final de la II edici\u00f3n de la Copa Comunitat Mediterr\u00e0nea &#8216;La Nostra Copa&#8217;, el \u00fanico conjunto que milita en Primera Regional capaz de alcanzar esta ronda. El club de La Vega Baja elimin\u00f3 nada m\u00e1s y nada menos que al Crevillente Deportivo,<\/p>\n","protected":false},"author":15,"featured_media":113155,"comment_status":"closed","ping_status":"closed","sticky":false,"template":"","format":"standard","meta":{"om_disable_all_campaigns":false,"footnotes":""},"categories":[5589,1282],"tags":[741,6379],"class_list":["post-113154","post","type-post","status-publish","format-standard","has-post-thumbnail","hentry","category-noticias-la-nostra-copa","category-portada","tag-dieciseisavos-de-final","tag-sporting-san-fulgencio"],"aioseo_notices":[],"_links":{"self":[{"href":"https:\/\/ffcv.es\/wp\/wp-json\/wp\/v2\/posts\/113154"}],"collection":[{"href":"https:\/\/ffcv.es\/wp\/wp-json\/wp\/v2\/posts"}],"about":[{"href":"https:\/\/ffcv.es\/wp\/wp-json\/wp\/v2\/types\/post"}],"author":[{"embeddable":true,"href":"https:\/\/ffcv.es\/wp\/wp-json\/wp\/v2\/users\/15"}],"replies":[{"embeddable":true,"href":"https:\/\/ffcv.es\/wp\/wp-json\/wp\/v2\/comments?post=113154"}],"version-history":[{"count":3,"href":"https:\/\/ffcv.es\/wp\/wp-json\/wp\/v2\/posts\/113154\/revisions"}],"predecessor-version":[{"id":113213,"href":"https:\/\/ffcv.es\/wp\/wp-json\/wp\/v2\/posts\/113154\/revisions\/113213"}],"wp:featuredmedia":[{"embeddable":true,"href":"https:\/\/ffcv.es\/wp\/wp-json\/wp\/v2\/media\/113155"}],"wp:attachment":[{"href":"https:\/\/ffcv.es\/wp\/wp-json\/wp\/v2\/media?parent=113154"}],"wp:term":[{"taxonomy":"category","embeddable":true,"href":"https:\/\/ffcv.es\/wp\/wp-json\/wp\/v2\/categories?post=113154"},{"taxonomy":"post_tag","embeddable":true,"href":"https:\/\/ffcv.es\/wp\/wp-json\/wp\/v2\/tags?post=113154"}],"curies":[{"name":"wp","href":"https:\/\/api.w.org\/{rel}","templated":true}]}}