{"id":112521,"date":"2022-12-28T21:08:04","date_gmt":"2022-12-28T19:08:04","guid":{"rendered":"https:\/\/ffcv.es\/wp\/?p=112521"},"modified":"2022-12-28T21:08:08","modified_gmt":"2022-12-28T19:08:08","slug":"convocatoria-primer-entrenamiento-del-ano-2023-de-la-seleccio-valenciana-valenta-sub19-de-futsal-en-alfafar","status":"publish","type":"post","link":"https:\/\/ffcv.es\/wp\/blog\/2022\/12\/convocatoria-primer-entrenamiento-del-ano-2023-de-la-seleccio-valenciana-valenta-sub19-de-futsal-en-alfafar\/","title":{"rendered":"CONVOCATORIA:  Primer entrenamiento del a\u00f1o 2023 de la Selecci\u00f3 Valenciana Valenta sub19 de futsal en Alfafar"},"content":{"rendered":"\n<p>La <strong>Federaci\u00f3 de Futbol de la Comunitat Valenciana<\/strong> ha hecho p\u00fablica la novena lista de convocadas de la temporada de la <strong>Selecci\u00f3 Valnciana Valenta sub1<\/strong>9 de f\u00fatbol sala. <\/p>\n\n\n\n<p>La seleccionadora <strong>Ana Cabello<\/strong> ha citado a 16 jugadoras para el primer entrenamiento del a\u00f1o 2023 que se  celebrar\u00e1 el pr\u00f3ximo martes 3 de enero en <strong>Alfafar<\/strong>.<\/p>\n\n\n\n<div data-wp-interactive=\"core\/file\" class=\"wp-block-file\"><object data-wp-bind--hidden=\"!state.hasPdfPreview\"  class=\"wp-block-file__embed\" data=\"https:\/\/ffcv.es\/wp\/wp-content\/uploads\/2022\/12\/CONV.-SUB-19-FEM.-FS-ALFAFAR-3.pdf\" type=\"application\/pdf\" style=\"width:100%;height:600px\" aria-label=\"Incrustado de CONV.-SUB-19-FEM.-FS-ALFAFAR-3.\"><\/object><a id=\"wp-block-file--media-80cf4e21-9df1-4a27-9382-5475c1aba159\" href=\"https:\/\/ffcv.es\/wp\/wp-content\/uploads\/2022\/12\/CONV.-SUB-19-FEM.-FS-ALFAFAR-3.pdf\">CONV.-SUB-19-FEM.-FS-ALFAFAR-3<\/a><a href=\"https:\/\/ffcv.es\/wp\/wp-content\/uploads\/2022\/12\/CONV.-SUB-19-FEM.-FS-ALFAFAR-3.pdf\" class=\"wp-block-file__button wp-element-button\" download aria-describedby=\"wp-block-file--media-80cf4e21-9df1-4a27-9382-5475c1aba159\">Descarga<\/a><\/div>\n\n\n\n<p>Del 16 al 20 de enero, la<strong> Selecci\u00f3 sub19 <\/strong>disputar\u00e1 el<strong> Campeonato de Espa\u00f1a<\/strong> de la categor\u00eda en <strong>Molina<\/strong> <strong>de Segura<\/strong>,  <strong>Murcia<\/strong>. <\/p>\n\n\n\n<p>Hace dos semanas, esta <strong>Selecci\u00f3<\/strong> se enfrent\u00f3 al <strong>Feme Castell\u00f3n CFS<\/strong> de <strong>Segunda Divisi\u00f3n<\/strong>, con victoria por 0-1 para las chicas de <strong>\u00c1ngel Zurilla<\/strong>. <\/p>\n\n\n\n<p>Hace unas semanas, tambi\u00e9n disput\u00f3&nbsp;<a href=\"https:\/\/ffcv.es\/wp\/blog\/2022\/11\/10\/paso-adelante-de-las-selecciones-valenta-sub16-y-sub19-de-futsal-en-los-amistosos-ante-joventut-delx-fs\/\" target=\"_blank\" rel=\"noreferrer noopener\">un amistoso en Elche&nbsp;<\/a>ante el&nbsp;<strong>Joventut d\u2019Elx FS<\/strong> de <strong>Primera Divisi\u00f3n<\/strong>, que se sald\u00f3 con derrota por 2-0.<\/p>\n\n\n\n<figure class=\"wp-block-image size-large\"><img loading=\"lazy\" decoding=\"async\" width=\"1024\" height=\"633\" data-src=\"https:\/\/ffcv.es\/wp\/wp-content\/uploads\/2022\/11\/9nov-Seleccio-Valenta-sub19-amistoso-Joventut-Elx-1024x633.png\" alt=\"\" class=\"wp-image-108587 lazyload\" data-srcset=\"https:\/\/ffcv.es\/wp\/wp-content\/uploads\/2022\/11\/9nov-Seleccio-Valenta-sub19-amistoso-Joventut-Elx-1024x633.png 1024w, https:\/\/ffcv.es\/wp\/wp-content\/uploads\/2022\/11\/9nov-Seleccio-Valenta-sub19-amistoso-Joventut-Elx-300x185.png 300w, https:\/\/ffcv.es\/wp\/wp-content\/uploads\/2022\/11\/9nov-Seleccio-Valenta-sub19-amistoso-Joventut-Elx-768x474.png 768w, https:\/\/ffcv.es\/wp\/wp-content\/uploads\/2022\/11\/9nov-Seleccio-Valenta-sub19-amistoso-Joventut-Elx-1536x949.png 1536w, https:\/\/ffcv.es\/wp\/wp-content\/uploads\/2022\/11\/9nov-Seleccio-Valenta-sub19-amistoso-Joventut-Elx-280x173.png 280w, https:\/\/ffcv.es\/wp\/wp-content\/uploads\/2022\/11\/9nov-Seleccio-Valenta-sub19-amistoso-Joventut-Elx-1170x723.png 1170w, https:\/\/ffcv.es\/wp\/wp-content\/uploads\/2022\/11\/9nov-Seleccio-Valenta-sub19-amistoso-Joventut-Elx.png 1952w\" data-sizes=\"(max-width: 1024px) 100vw, 1024px\" src=\"data:image\/gif;base64,R0lGODlhAQABAAAAACH5BAEKAAEALAAAAAABAAEAAAICTAEAOw==\" style=\"--smush-placeholder-width: 1024px; --smush-placeholder-aspect-ratio: 1024\/633;\" \/><noscript><img loading=\"lazy\" decoding=\"async\" width=\"1024\" height=\"633\" src=\"https:\/\/ffcv.es\/wp\/wp-content\/uploads\/2022\/11\/9nov-Seleccio-Valenta-sub19-amistoso-Joventut-Elx-1024x633.png\" alt=\"\" class=\"wp-image-108587\" srcset=\"https:\/\/ffcv.es\/wp\/wp-content\/uploads\/2022\/11\/9nov-Seleccio-Valenta-sub19-amistoso-Joventut-Elx-1024x633.png 1024w, https:\/\/ffcv.es\/wp\/wp-content\/uploads\/2022\/11\/9nov-Seleccio-Valenta-sub19-amistoso-Joventut-Elx-300x185.png 300w, https:\/\/ffcv.es\/wp\/wp-content\/uploads\/2022\/11\/9nov-Seleccio-Valenta-sub19-amistoso-Joventut-Elx-768x474.png 768w, https:\/\/ffcv.es\/wp\/wp-content\/uploads\/2022\/11\/9nov-Seleccio-Valenta-sub19-amistoso-Joventut-Elx-1536x949.png 1536w, https:\/\/ffcv.es\/wp\/wp-content\/uploads\/2022\/11\/9nov-Seleccio-Valenta-sub19-amistoso-Joventut-Elx-280x173.png 280w, https:\/\/ffcv.es\/wp\/wp-content\/uploads\/2022\/11\/9nov-Seleccio-Valenta-sub19-amistoso-Joventut-Elx-1170x723.png 1170w, https:\/\/ffcv.es\/wp\/wp-content\/uploads\/2022\/11\/9nov-Seleccio-Valenta-sub19-amistoso-Joventut-Elx.png 1952w\" sizes=\"(max-width: 1024px) 100vw, 1024px\" \/><\/noscript><figcaption class=\"wp-element-caption\">Selecci\u00f3 Valenta sub19 en su amistoso ante el Joventut d&#8217;Elx FS en Elche. <\/figcaption><\/figure>\n","protected":false},"excerpt":{"rendered":"<p>La Federaci\u00f3 de Futbol de la Comunitat Valenciana ha hecho p\u00fablica la novena lista de convocadas de la temporada de la Selecci\u00f3 Valnciana Valenta sub19 de f\u00fatbol sala. La seleccionadora Ana Cabello ha citado a 16 jugadoras para el primer entrenamiento del a\u00f1o 2023 que se celebrar\u00e1 el pr\u00f3ximo martes 3 de enero en Alfafar.<\/p>\n","protected":false},"author":16,"featured_media":108159,"comment_status":"closed","ping_status":"closed","sticky":false,"template":"","format":"standard","meta":{"om_disable_all_campaigns":false,"footnotes":""},"categories":[3464,72,1177],"tags":[3424,6278,102,51,3598],"class_list":["post-112521","post","type-post","status-publish","format-standard","has-post-thumbnail","hentry","category-seleccio-valenta-futsal-sub19","category-noticias-selecciones","category-noticias-valenta","tag-alfafar","tag-ana-cabello","tag-convocatoria","tag-futbol-sala","tag-seleccio-valenta-sub19"],"aioseo_notices":[],"_links":{"self":[{"href":"https:\/\/ffcv.es\/wp\/wp-json\/wp\/v2\/posts\/112521"}],"collection":[{"href":"https:\/\/ffcv.es\/wp\/wp-json\/wp\/v2\/posts"}],"about":[{"href":"https:\/\/ffcv.es\/wp\/wp-json\/wp\/v2\/types\/post"}],"author":[{"embeddable":true,"href":"https:\/\/ffcv.es\/wp\/wp-json\/wp\/v2\/users\/16"}],"replies":[{"embeddable":true,"href":"https:\/\/ffcv.es\/wp\/wp-json\/wp\/v2\/comments?post=112521"}],"version-history":[{"count":1,"href":"https:\/\/ffcv.es\/wp\/wp-json\/wp\/v2\/posts\/112521\/revisions"}],"predecessor-version":[{"id":112523,"href":"https:\/\/ffcv.es\/wp\/wp-json\/wp\/v2\/posts\/112521\/revisions\/112523"}],"wp:featuredmedia":[{"embeddable":true,"href":"https:\/\/ffcv.es\/wp\/wp-json\/wp\/v2\/media\/108159"}],"wp:attachment":[{"href":"https:\/\/ffcv.es\/wp\/wp-json\/wp\/v2\/media?parent=112521"}],"wp:term":[{"taxonomy":"category","embeddable":true,"href":"https:\/\/ffcv.es\/wp\/wp-json\/wp\/v2\/categories?post=112521"},{"taxonomy":"post_tag","embeddable":true,"href":"https:\/\/ffcv.es\/wp\/wp-json\/wp\/v2\/tags?post=112521"}],"curies":[{"name":"wp","href":"https:\/\/api.w.org\/{rel}","templated":true}]}}