{"id":109450,"date":"2022-11-18T12:58:10","date_gmt":"2022-11-18T10:58:10","guid":{"rendered":"https:\/\/ffcv.es\/wp\/?p=109450"},"modified":"2022-11-18T12:58:14","modified_gmt":"2022-11-18T10:58:14","slug":"duelo-por-el-fallecimiento-de-dolores-escamilla-exdirectora-general-del-levante-ud-femenino","status":"publish","type":"post","link":"https:\/\/ffcv.es\/wp\/blog\/2022\/11\/duelo-por-el-fallecimiento-de-dolores-escamilla-exdirectora-general-del-levante-ud-femenino\/","title":{"rendered":"Duelo por el fallecimiento de Dolores Escamilla, exdirectora general del Levante UD femenino"},"content":{"rendered":"\n<p>El deporte femenino valenciano pierde a una de sus grandes gestoras con la muerte, a los 83 a\u00f1os, de <strong>Dolores Escamilla P\u00e9rez<\/strong>, exdirectiva del <strong>Levante UD<\/strong>.<\/p>\n\n\n\n<p>En nombre de la\u00a0<strong>Federaci\u00f3 de Futbol de la Comunitat Valenciana<\/strong>,\u00a0su presidente,\u00a0<strong>Salva Gomar<\/strong>, desea expresar nuestras m\u00e1s profundas condolencias a sus familiares y amigos, as\u00ed como a la gran familia granota, por el triste fallecimiento de <strong>Escamilla<\/strong>.<\/p>\n\n\n\n<p>Nacida en 1939 en la pedan\u00eda de <strong>Borbot\u00f3 <\/strong>(<strong>Val\u00e8ncia<\/strong>), la popularmente conocida como <strong>Lola Escamilla<\/strong> fue  directora y gestora deportiva con una<strong>\u00a0<\/strong>larga y reconocida trayectoria en los clubes femeninos de la<strong> Comunitat Valenciana<\/strong>, especialmente en el<strong>\u00a0Dorna Godella <\/strong>de baloncesto y el <strong>Levante UD<\/strong>, con los que se convirti\u00f3, especialmente en el primero, en una pionera y referente de la gesti\u00f3n deportiva y de la participaci\u00f3n activa de la mujer en el deporte.<\/p>\n\n\n\n<figure class=\"wp-block-image size-large\"><img loading=\"lazy\" decoding=\"async\" width=\"1024\" height=\"654\" data-src=\"https:\/\/ffcv.es\/wp\/wp-content\/uploads\/2022\/11\/Maria-Dolores-Escamilla-Perez-1-1024x654.jpg\" alt=\"\" class=\"wp-image-109474 lazyload\" data-srcset=\"https:\/\/ffcv.es\/wp\/wp-content\/uploads\/2022\/11\/Maria-Dolores-Escamilla-Perez-1-1024x654.jpg 1024w, https:\/\/ffcv.es\/wp\/wp-content\/uploads\/2022\/11\/Maria-Dolores-Escamilla-Perez-1-300x191.jpg 300w, https:\/\/ffcv.es\/wp\/wp-content\/uploads\/2022\/11\/Maria-Dolores-Escamilla-Perez-1-768x490.jpg 768w, https:\/\/ffcv.es\/wp\/wp-content\/uploads\/2022\/11\/Maria-Dolores-Escamilla-Perez-1-1536x980.jpg 1536w, https:\/\/ffcv.es\/wp\/wp-content\/uploads\/2022\/11\/Maria-Dolores-Escamilla-Perez-1-280x179.jpg 280w, https:\/\/ffcv.es\/wp\/wp-content\/uploads\/2022\/11\/Maria-Dolores-Escamilla-Perez-1-1170x747.jpg 1170w, https:\/\/ffcv.es\/wp\/wp-content\/uploads\/2022\/11\/Maria-Dolores-Escamilla-Perez-1-scaled.jpg 1693w\" data-sizes=\"(max-width: 1024px) 100vw, 1024px\" src=\"data:image\/gif;base64,R0lGODlhAQABAAAAACH5BAEKAAEALAAAAAABAAEAAAICTAEAOw==\" style=\"--smush-placeholder-width: 1024px; --smush-placeholder-aspect-ratio: 1024\/654;\" \/><noscript><img loading=\"lazy\" decoding=\"async\" width=\"1024\" height=\"654\" src=\"https:\/\/ffcv.es\/wp\/wp-content\/uploads\/2022\/11\/Maria-Dolores-Escamilla-Perez-1-1024x654.jpg\" alt=\"\" class=\"wp-image-109474\" srcset=\"https:\/\/ffcv.es\/wp\/wp-content\/uploads\/2022\/11\/Maria-Dolores-Escamilla-Perez-1-1024x654.jpg 1024w, https:\/\/ffcv.es\/wp\/wp-content\/uploads\/2022\/11\/Maria-Dolores-Escamilla-Perez-1-300x191.jpg 300w, https:\/\/ffcv.es\/wp\/wp-content\/uploads\/2022\/11\/Maria-Dolores-Escamilla-Perez-1-768x490.jpg 768w, https:\/\/ffcv.es\/wp\/wp-content\/uploads\/2022\/11\/Maria-Dolores-Escamilla-Perez-1-1536x980.jpg 1536w, https:\/\/ffcv.es\/wp\/wp-content\/uploads\/2022\/11\/Maria-Dolores-Escamilla-Perez-1-280x179.jpg 280w, https:\/\/ffcv.es\/wp\/wp-content\/uploads\/2022\/11\/Maria-Dolores-Escamilla-Perez-1-1170x747.jpg 1170w, https:\/\/ffcv.es\/wp\/wp-content\/uploads\/2022\/11\/Maria-Dolores-Escamilla-Perez-1-scaled.jpg 1693w\" sizes=\"(max-width: 1024px) 100vw, 1024px\" \/><\/noscript><\/figure>\n\n\n\n<p>Tres copas de Europa de baloncesto y varias ligas en <strong>Godella <\/strong>a principios de los 90, y varias Ligas y Copas de la Reina con el <strong>Levante <\/strong>-donde permaneci\u00f3 al frente del f\u00fatbol femenino trece temporadas- adornan su palmar\u00e9s como directiva.<\/p>\n\n\n\n<p>En 2014 recibi\u00f3 la <strong>Medalla al M\u00e9rito Deportivo<\/strong> de la Ciudad de Val\u00e8ncia y en 2019 fue galardonada con la misma distinci\u00f3n por la <strong>Generalitat Valenciana<\/strong>.<\/p>\n\n\n\n<figure class=\"wp-block-image size-large\"><img loading=\"lazy\" decoding=\"async\" width=\"1024\" height=\"869\" data-src=\"https:\/\/ffcv.es\/wp\/wp-content\/uploads\/2022\/11\/Fh1v9IZXkAQ4cS0-1024x869.jpg\" alt=\"\" class=\"wp-image-109476 lazyload\" data-srcset=\"https:\/\/ffcv.es\/wp\/wp-content\/uploads\/2022\/11\/Fh1v9IZXkAQ4cS0-1024x869.jpg 1024w, https:\/\/ffcv.es\/wp\/wp-content\/uploads\/2022\/11\/Fh1v9IZXkAQ4cS0-300x255.jpg 300w, https:\/\/ffcv.es\/wp\/wp-content\/uploads\/2022\/11\/Fh1v9IZXkAQ4cS0-768x652.jpg 768w, https:\/\/ffcv.es\/wp\/wp-content\/uploads\/2022\/11\/Fh1v9IZXkAQ4cS0-1536x1304.jpg 1536w, https:\/\/ffcv.es\/wp\/wp-content\/uploads\/2022\/11\/Fh1v9IZXkAQ4cS0-220x187.jpg 220w, https:\/\/ffcv.es\/wp\/wp-content\/uploads\/2022\/11\/Fh1v9IZXkAQ4cS0-1170x993.jpg 1170w, https:\/\/ffcv.es\/wp\/wp-content\/uploads\/2022\/11\/Fh1v9IZXkAQ4cS0.jpg 1272w\" data-sizes=\"(max-width: 1024px) 100vw, 1024px\" src=\"data:image\/gif;base64,R0lGODlhAQABAAAAACH5BAEKAAEALAAAAAABAAEAAAICTAEAOw==\" style=\"--smush-placeholder-width: 1024px; --smush-placeholder-aspect-ratio: 1024\/869;\" \/><noscript><img loading=\"lazy\" decoding=\"async\" width=\"1024\" height=\"869\" src=\"https:\/\/ffcv.es\/wp\/wp-content\/uploads\/2022\/11\/Fh1v9IZXkAQ4cS0-1024x869.jpg\" alt=\"\" class=\"wp-image-109476\" srcset=\"https:\/\/ffcv.es\/wp\/wp-content\/uploads\/2022\/11\/Fh1v9IZXkAQ4cS0-1024x869.jpg 1024w, https:\/\/ffcv.es\/wp\/wp-content\/uploads\/2022\/11\/Fh1v9IZXkAQ4cS0-300x255.jpg 300w, https:\/\/ffcv.es\/wp\/wp-content\/uploads\/2022\/11\/Fh1v9IZXkAQ4cS0-768x652.jpg 768w, https:\/\/ffcv.es\/wp\/wp-content\/uploads\/2022\/11\/Fh1v9IZXkAQ4cS0-1536x1304.jpg 1536w, https:\/\/ffcv.es\/wp\/wp-content\/uploads\/2022\/11\/Fh1v9IZXkAQ4cS0-220x187.jpg 220w, https:\/\/ffcv.es\/wp\/wp-content\/uploads\/2022\/11\/Fh1v9IZXkAQ4cS0-1170x993.jpg 1170w, https:\/\/ffcv.es\/wp\/wp-content\/uploads\/2022\/11\/Fh1v9IZXkAQ4cS0.jpg 1272w\" sizes=\"(max-width: 1024px) 100vw, 1024px\" \/><\/noscript><\/figure>\n\n\n\n<p>El Ayuntamiento de <strong>Godella <\/strong>aprob\u00f3 ese mismo a\u00f1o el cambio de nomenclatura de su pabell\u00f3n municipal, que pas\u00f3 a llamarse Pabell\u00f3n Dolors Escamilla en reconocimiento a la brillante trayectoria de la querida e inolvidable dirigente valenciana. Descanse en paz.<\/p>\n","protected":false},"excerpt":{"rendered":"<p>El deporte femenino valenciano pierde a una de sus grandes gestoras con la muerte, a los 83 a\u00f1os, de Dolores Escamilla P\u00e9rez, exdirectiva del Levante UD. En nombre de la\u00a0Federaci\u00f3 de Futbol de la Comunitat Valenciana,\u00a0su presidente,\u00a0Salva Gomar, desea expresar nuestras m\u00e1s profundas condolencias a sus familiares y amigos, as\u00ed como a la gran familia<\/p>\n","protected":false},"author":5,"featured_media":109473,"comment_status":"closed","ping_status":"closed","sticky":false,"template":"","format":"standard","meta":{"om_disable_all_campaigns":false,"footnotes":""},"categories":[16,69,1177],"tags":[224],"class_list":["post-109450","post","type-post","status-publish","format-standard","has-post-thumbnail","hentry","category-actualidad","category-noticias-ffcv","category-noticias-valenta","tag-obituario"],"aioseo_notices":[],"_links":{"self":[{"href":"https:\/\/ffcv.es\/wp\/wp-json\/wp\/v2\/posts\/109450"}],"collection":[{"href":"https:\/\/ffcv.es\/wp\/wp-json\/wp\/v2\/posts"}],"about":[{"href":"https:\/\/ffcv.es\/wp\/wp-json\/wp\/v2\/types\/post"}],"author":[{"embeddable":true,"href":"https:\/\/ffcv.es\/wp\/wp-json\/wp\/v2\/users\/5"}],"replies":[{"embeddable":true,"href":"https:\/\/ffcv.es\/wp\/wp-json\/wp\/v2\/comments?post=109450"}],"version-history":[{"count":2,"href":"https:\/\/ffcv.es\/wp\/wp-json\/wp\/v2\/posts\/109450\/revisions"}],"predecessor-version":[{"id":109477,"href":"https:\/\/ffcv.es\/wp\/wp-json\/wp\/v2\/posts\/109450\/revisions\/109477"}],"wp:featuredmedia":[{"embeddable":true,"href":"https:\/\/ffcv.es\/wp\/wp-json\/wp\/v2\/media\/109473"}],"wp:attachment":[{"href":"https:\/\/ffcv.es\/wp\/wp-json\/wp\/v2\/media?parent=109450"}],"wp:term":[{"taxonomy":"category","embeddable":true,"href":"https:\/\/ffcv.es\/wp\/wp-json\/wp\/v2\/categories?post=109450"},{"taxonomy":"post_tag","embeddable":true,"href":"https:\/\/ffcv.es\/wp\/wp-json\/wp\/v2\/tags?post=109450"}],"curies":[{"name":"wp","href":"https:\/\/api.w.org\/{rel}","templated":true}]}}