{"id":109191,"date":"2022-11-17T13:40:17","date_gmt":"2022-11-17T11:40:17","guid":{"rendered":"https:\/\/ffcv.es\/wp\/?p=109191"},"modified":"2022-11-17T14:47:04","modified_gmt":"2022-11-17T12:47:04","slug":"el-director-de-futbol-base-del-elche-cf-jorge-raffo-ofrecera-una-ponencia-en-el-martinez-valero","status":"publish","type":"post","link":"https:\/\/ffcv.es\/wp\/blog\/2022\/11\/el-director-de-futbol-base-del-elche-cf-jorge-raffo-ofrecera-una-ponencia-en-el-martinez-valero\/","title":{"rendered":"El director de F\u00fatbol Base del Elche CF Jorge Raffo ofrecer\u00e1 una ponencia en el Mart\u00ednez Valero"},"content":{"rendered":"\n<p><strong>Jorge Raffo<\/strong>, director de F\u00fatbol Base del <strong>Elche CF<\/strong>, ofrecer\u00e1 una ponencia sobre &#8216;<em>Plan estrat\u00e9gico transformador para el f\u00fatbol base actual&#8217; <\/em>el pr\u00f3ximo 24 de noviembre.<\/p>\n\n\n\n<p>La sala de prensa del <strong>Estadio Mart\u00ednez Valero <\/strong>acoger\u00e1 esta charla de <strong>Raffo<\/strong>, a las 19:00 horas.<\/p>\n\n\n\n<p>La ponencia tendr\u00e1 un aforo limitado. Te puedes inscribir pinchando <a href=\"https:\/\/ffcv.es\/wp\/ponencias\/\" target=\"_blank\" rel=\"noreferrer noopener\">en este ENLACE<\/a>.<\/p>\n\n\n\n<p>El <strong>Comit\u00e9 T\u00e8cnic d&#8217;Entrenadors<\/strong> de la <strong>FFCV<\/strong> agradece al <strong>Elche CF <\/strong>las facilidades para la celebraci\u00f3n de esta nueva jornada de actualizaci\u00f3n para entrenadores\/as.<\/p>\n\n\n\n<figure class=\"wp-block-image size-large\"><img loading=\"lazy\" decoding=\"async\" width=\"1024\" height=\"576\" data-src=\"https:\/\/ffcv.es\/wp\/wp-content\/uploads\/2022\/11\/JORGE-RAFFO-3_Mesa-de-trabajo-1-copia-2-1024x576.png\" alt=\"\" class=\"wp-image-109372 lazyload\" data-srcset=\"https:\/\/ffcv.es\/wp\/wp-content\/uploads\/2022\/11\/JORGE-RAFFO-3_Mesa-de-trabajo-1-copia-2-1024x576.png 1024w, https:\/\/ffcv.es\/wp\/wp-content\/uploads\/2022\/11\/JORGE-RAFFO-3_Mesa-de-trabajo-1-copia-2-300x169.png 300w, https:\/\/ffcv.es\/wp\/wp-content\/uploads\/2022\/11\/JORGE-RAFFO-3_Mesa-de-trabajo-1-copia-2-768x432.png 768w, https:\/\/ffcv.es\/wp\/wp-content\/uploads\/2022\/11\/JORGE-RAFFO-3_Mesa-de-trabajo-1-copia-2-1536x864.png 1536w, https:\/\/ffcv.es\/wp\/wp-content\/uploads\/2022\/11\/JORGE-RAFFO-3_Mesa-de-trabajo-1-copia-2-2048x1152.png 2048w, https:\/\/ffcv.es\/wp\/wp-content\/uploads\/2022\/11\/JORGE-RAFFO-3_Mesa-de-trabajo-1-copia-2-280x157.png 280w, https:\/\/ffcv.es\/wp\/wp-content\/uploads\/2022\/11\/JORGE-RAFFO-3_Mesa-de-trabajo-1-copia-2-1170x658.png 1170w, https:\/\/ffcv.es\/wp\/wp-content\/uploads\/2022\/11\/JORGE-RAFFO-3_Mesa-de-trabajo-1-copia-2.png 1920w\" data-sizes=\"(max-width: 1024px) 100vw, 1024px\" src=\"data:image\/gif;base64,R0lGODlhAQABAAAAACH5BAEKAAEALAAAAAABAAEAAAICTAEAOw==\" style=\"--smush-placeholder-width: 1024px; --smush-placeholder-aspect-ratio: 1024\/576;\" \/><noscript><img loading=\"lazy\" decoding=\"async\" width=\"1024\" height=\"576\" src=\"https:\/\/ffcv.es\/wp\/wp-content\/uploads\/2022\/11\/JORGE-RAFFO-3_Mesa-de-trabajo-1-copia-2-1024x576.png\" alt=\"\" class=\"wp-image-109372\" srcset=\"https:\/\/ffcv.es\/wp\/wp-content\/uploads\/2022\/11\/JORGE-RAFFO-3_Mesa-de-trabajo-1-copia-2-1024x576.png 1024w, https:\/\/ffcv.es\/wp\/wp-content\/uploads\/2022\/11\/JORGE-RAFFO-3_Mesa-de-trabajo-1-copia-2-300x169.png 300w, https:\/\/ffcv.es\/wp\/wp-content\/uploads\/2022\/11\/JORGE-RAFFO-3_Mesa-de-trabajo-1-copia-2-768x432.png 768w, https:\/\/ffcv.es\/wp\/wp-content\/uploads\/2022\/11\/JORGE-RAFFO-3_Mesa-de-trabajo-1-copia-2-1536x864.png 1536w, https:\/\/ffcv.es\/wp\/wp-content\/uploads\/2022\/11\/JORGE-RAFFO-3_Mesa-de-trabajo-1-copia-2-2048x1152.png 2048w, https:\/\/ffcv.es\/wp\/wp-content\/uploads\/2022\/11\/JORGE-RAFFO-3_Mesa-de-trabajo-1-copia-2-280x157.png 280w, https:\/\/ffcv.es\/wp\/wp-content\/uploads\/2022\/11\/JORGE-RAFFO-3_Mesa-de-trabajo-1-copia-2-1170x658.png 1170w, https:\/\/ffcv.es\/wp\/wp-content\/uploads\/2022\/11\/JORGE-RAFFO-3_Mesa-de-trabajo-1-copia-2.png 1920w\" sizes=\"(max-width: 1024px) 100vw, 1024px\" \/><\/noscript><\/figure>\n\n\n\n<p><\/p>\n","protected":false},"excerpt":{"rendered":"<p>Jorge Raffo, director de F\u00fatbol Base del Elche CF, ofrecer\u00e1 una ponencia sobre &#8216;Plan estrat\u00e9gico transformador para el f\u00fatbol base actual&#8217; el pr\u00f3ximo 24 de noviembre. La sala de prensa del Estadio Mart\u00ednez Valero acoger\u00e1 esta charla de Raffo, a las 19:00 horas. La ponencia tendr\u00e1 un aforo limitado. Te puedes inscribir pinchando en este<\/p>\n","protected":false},"author":16,"featured_media":109372,"comment_status":"closed","ping_status":"closed","sticky":false,"template":"","format":"standard","meta":{"om_disable_all_campaigns":false,"footnotes":""},"categories":[70,1098],"tags":[3425,581],"class_list":["post-109191","post","type-post","status-publish","format-standard","has-post-thumbnail","hentry","category-noticias-entrenadores-noticias-arbitros","category-noticia-escuela-entrenadores","tag-entrenadores-ffcv","tag-ponencia"],"aioseo_notices":[],"_links":{"self":[{"href":"https:\/\/ffcv.es\/wp\/wp-json\/wp\/v2\/posts\/109191"}],"collection":[{"href":"https:\/\/ffcv.es\/wp\/wp-json\/wp\/v2\/posts"}],"about":[{"href":"https:\/\/ffcv.es\/wp\/wp-json\/wp\/v2\/types\/post"}],"author":[{"embeddable":true,"href":"https:\/\/ffcv.es\/wp\/wp-json\/wp\/v2\/users\/16"}],"replies":[{"embeddable":true,"href":"https:\/\/ffcv.es\/wp\/wp-json\/wp\/v2\/comments?post=109191"}],"version-history":[{"count":4,"href":"https:\/\/ffcv.es\/wp\/wp-json\/wp\/v2\/posts\/109191\/revisions"}],"predecessor-version":[{"id":109374,"href":"https:\/\/ffcv.es\/wp\/wp-json\/wp\/v2\/posts\/109191\/revisions\/109374"}],"wp:featuredmedia":[{"embeddable":true,"href":"https:\/\/ffcv.es\/wp\/wp-json\/wp\/v2\/media\/109372"}],"wp:attachment":[{"href":"https:\/\/ffcv.es\/wp\/wp-json\/wp\/v2\/media?parent=109191"}],"wp:term":[{"taxonomy":"category","embeddable":true,"href":"https:\/\/ffcv.es\/wp\/wp-json\/wp\/v2\/categories?post=109191"},{"taxonomy":"post_tag","embeddable":true,"href":"https:\/\/ffcv.es\/wp\/wp-json\/wp\/v2\/tags?post=109191"}],"curies":[{"name":"wp","href":"https:\/\/api.w.org\/{rel}","templated":true}]}}