{"id":107748,"date":"2022-10-27T16:53:17","date_gmt":"2022-10-27T14:53:17","guid":{"rendered":"https:\/\/ffcv.es\/wp\/?p=107748"},"modified":"2022-10-27T16:53:20","modified_gmt":"2022-10-27T14:53:20","slug":"futsal-mas-de-30-equipos-disputaran-la-i-copa-comunitat-mediterranea-la-nostra-copa-valenta","status":"publish","type":"post","link":"https:\/\/ffcv.es\/wp\/blog\/2022\/10\/futsal-mas-de-30-equipos-disputaran-la-i-copa-comunitat-mediterranea-la-nostra-copa-valenta\/","title":{"rendered":"| FUTSAL |\u00a0M\u00e1s de 30 equipos disputar\u00e1n la I Copa Comunitat Mediterr\u00e0nea &#8216;La Nostra Copa&#8217; Valenta"},"content":{"rendered":"\n<p>La primera edici\u00f3n de &#8216;<strong>La Nostra Copa<\/strong>&#8216; para representantes femeninos del f\u00fatbol sala auton\u00f3mico dar\u00e1 comienzo a mediados del pr\u00f3ximo mes de diciembre.<\/p>\n\n\n\n<p>El <strong>Comit\u00e9 T\u00e9cnico de F\u00fatbol Sala<\/strong> de la <strong>FFCV <\/strong>ya ha determinado que la primera jornada de la <strong>Copa Comunitat Mediterr\u00e0nea<\/strong> se llevar\u00e1 a cabo el 11 y 12 de diciembre de 2022.<\/p>\n\n\n\n<p>Un total de 32 equipos del f\u00fatbol sala <strong>Valenta<\/strong> participar\u00e1 en esta primera edici\u00f3n entre los representantes de <strong>Liga Auton\u00f3mica<\/strong> -un total de diecisiete- y <strong>Liga Promoci\u00f3n Valenta<\/strong> -un total de quince-.<\/p>\n\n\n\n<figure class=\"wp-block-image size-full\"><img loading=\"lazy\" decoding=\"async\" width=\"1024\" height=\"576\" data-src=\"https:\/\/ffcv.es\/wp\/wp-content\/uploads\/2022\/10\/1920x1080-La-Nostra-Copa-Valenta-futsal-1024x576-1.png\" alt=\"\" class=\"wp-image-107833 lazyload\" data-srcset=\"https:\/\/ffcv.es\/wp\/wp-content\/uploads\/2022\/10\/1920x1080-La-Nostra-Copa-Valenta-futsal-1024x576-1.png 1024w, https:\/\/ffcv.es\/wp\/wp-content\/uploads\/2022\/10\/1920x1080-La-Nostra-Copa-Valenta-futsal-1024x576-1-300x169.png 300w, https:\/\/ffcv.es\/wp\/wp-content\/uploads\/2022\/10\/1920x1080-La-Nostra-Copa-Valenta-futsal-1024x576-1-768x432.png 768w, https:\/\/ffcv.es\/wp\/wp-content\/uploads\/2022\/10\/1920x1080-La-Nostra-Copa-Valenta-futsal-1024x576-1-280x158.png 280w\" data-sizes=\"(max-width: 1024px) 100vw, 1024px\" src=\"data:image\/gif;base64,R0lGODlhAQABAAAAACH5BAEKAAEALAAAAAABAAEAAAICTAEAOw==\" style=\"--smush-placeholder-width: 1024px; --smush-placeholder-aspect-ratio: 1024\/576;\" \/><noscript><img loading=\"lazy\" decoding=\"async\" width=\"1024\" height=\"576\" src=\"https:\/\/ffcv.es\/wp\/wp-content\/uploads\/2022\/10\/1920x1080-La-Nostra-Copa-Valenta-futsal-1024x576-1.png\" alt=\"\" class=\"wp-image-107833\" srcset=\"https:\/\/ffcv.es\/wp\/wp-content\/uploads\/2022\/10\/1920x1080-La-Nostra-Copa-Valenta-futsal-1024x576-1.png 1024w, https:\/\/ffcv.es\/wp\/wp-content\/uploads\/2022\/10\/1920x1080-La-Nostra-Copa-Valenta-futsal-1024x576-1-300x169.png 300w, https:\/\/ffcv.es\/wp\/wp-content\/uploads\/2022\/10\/1920x1080-La-Nostra-Copa-Valenta-futsal-1024x576-1-768x432.png 768w, https:\/\/ffcv.es\/wp\/wp-content\/uploads\/2022\/10\/1920x1080-La-Nostra-Copa-Valenta-futsal-1024x576-1-280x158.png 280w\" sizes=\"(max-width: 1024px) 100vw, 1024px\" \/><\/noscript><\/figure>\n\n\n\n<p>La <strong>FFCV<\/strong> proceder\u00e1 al sorteo de emparejamientos de la primera ronda del torneo la pr\u00f3xima semana, y emitir\u00e1 una Circular con la normativa espec\u00edfica respecto al mismo, que ser\u00e1 remitida a todos los clubes participantes.<\/p>\n","protected":false},"excerpt":{"rendered":"<p>La primera edici\u00f3n de &#8216;La Nostra Copa&#8216; para representantes femeninos del f\u00fatbol sala auton\u00f3mico dar\u00e1 comienzo a mediados del pr\u00f3ximo mes de diciembre. El Comit\u00e9 T\u00e9cnico de F\u00fatbol Sala de la FFCV ya ha determinado que la primera jornada de la Copa Comunitat Mediterr\u00e0nea se llevar\u00e1 a cabo el 11 y 12 de diciembre de<\/p>\n","protected":false},"author":5,"featured_media":107832,"comment_status":"closed","ping_status":"closed","sticky":false,"template":"","format":"standard","meta":{"om_disable_all_campaigns":false,"footnotes":""},"categories":[16,69,4,1177],"tags":[690,230,1124],"class_list":["post-107748","post","type-post","status-publish","format-standard","has-post-thumbnail","hentry","category-actualidad","category-noticias-ffcv","category-noticias-futbol-sala","category-noticias-valenta","tag-competiciones-de-futbol-sala","tag-ctfs","tag-valenta"],"aioseo_notices":[],"_links":{"self":[{"href":"https:\/\/ffcv.es\/wp\/wp-json\/wp\/v2\/posts\/107748"}],"collection":[{"href":"https:\/\/ffcv.es\/wp\/wp-json\/wp\/v2\/posts"}],"about":[{"href":"https:\/\/ffcv.es\/wp\/wp-json\/wp\/v2\/types\/post"}],"author":[{"embeddable":true,"href":"https:\/\/ffcv.es\/wp\/wp-json\/wp\/v2\/users\/5"}],"replies":[{"embeddable":true,"href":"https:\/\/ffcv.es\/wp\/wp-json\/wp\/v2\/comments?post=107748"}],"version-history":[{"count":5,"href":"https:\/\/ffcv.es\/wp\/wp-json\/wp\/v2\/posts\/107748\/revisions"}],"predecessor-version":[{"id":107834,"href":"https:\/\/ffcv.es\/wp\/wp-json\/wp\/v2\/posts\/107748\/revisions\/107834"}],"wp:featuredmedia":[{"embeddable":true,"href":"https:\/\/ffcv.es\/wp\/wp-json\/wp\/v2\/media\/107832"}],"wp:attachment":[{"href":"https:\/\/ffcv.es\/wp\/wp-json\/wp\/v2\/media?parent=107748"}],"wp:term":[{"taxonomy":"category","embeddable":true,"href":"https:\/\/ffcv.es\/wp\/wp-json\/wp\/v2\/categories?post=107748"},{"taxonomy":"post_tag","embeddable":true,"href":"https:\/\/ffcv.es\/wp\/wp-json\/wp\/v2\/tags?post=107748"}],"curies":[{"name":"wp","href":"https:\/\/api.w.org\/{rel}","templated":true}]}}