{"id":105942,"date":"2022-10-07T13:38:37","date_gmt":"2022-10-07T11:38:37","guid":{"rendered":"https:\/\/ffcv.es\/wp\/?p=105942"},"modified":"2023-10-03T10:28:43","modified_gmt":"2023-10-03T08:28:43","slug":"acuerdos-comite-de-apelacion-del-6-de-octubre-de-2022","status":"publish","type":"post","link":"https:\/\/ffcv.es\/wp\/blog\/2022\/10\/acuerdos-comite-de-apelacion-del-6-de-octubre-de-2022\/","title":{"rendered":"Acuerdos Comit\u00e9 de Apelaci\u00f3n del 6 de octubre de 2022"},"content":{"rendered":"\n<p>El\u00a0Comit\u00e9 de Apelaci\u00f3n\u00a0de la\u00a0<strong>Federaci\u00f3 de Futbol de la Comunitat Valenciana<\/strong>\u00a0hace p\u00fablicos los acuerdos adoptados en su \u00faltima reuni\u00f3n.<\/p>\n\n\n\n<div data-wp-interactive=\"core\/file\" class=\"wp-block-file\"><object data-wp-bind--hidden=\"!state.hasPdfPreview\"  class=\"wp-block-file__embed\" data=\"https:\/\/ffcv.es\/wp\/wp-content\/uploads\/2022\/10\/WEB-APELACION_Sesion-06_10_22.pdf\" type=\"application\/pdf\" style=\"width:100%;height:600px\" aria-label=\"Incrustado de Incrustado de APELACION Sesi\u00f3n 06_10_22..\"><\/object><a id=\"wp-block-file--media-fb8cf08d-6c73-4fca-9b25-9e86fc519fa1\" href=\"https:\/\/ffcv.es\/wp\/wp-content\/uploads\/2022\/10\/WEB-APELACION_Sesion-06_10_22.pdf\">APELACION Sesi\u00f3n 06_10_22<\/a><a href=\"https:\/\/ffcv.es\/wp\/wp-content\/uploads\/2022\/10\/WEB-APELACION_Sesion-06_10_22.pdf\" class=\"wp-block-file__button\" download aria-describedby=\"wp-block-file--media-fb8cf08d-6c73-4fca-9b25-9e86fc519fa1\">Descarga<\/a><\/div>\n\n\n\n<p><\/p>\n","protected":false},"excerpt":{"rendered":"<p>El\u00a0Comit\u00e9 de Apelaci\u00f3n\u00a0de la\u00a0Federaci\u00f3 de Futbol de la Comunitat Valenciana\u00a0hace p\u00fablicos los acuerdos adoptados en su \u00faltima reuni\u00f3n.<\/p>\n","protected":false},"author":5,"featured_media":105944,"comment_status":"closed","ping_status":"closed","sticky":false,"template":"","format":"standard","meta":{"om_disable_all_campaigns":false,"footnotes":""},"categories":[16,1111,6814,69],"tags":[1108],"class_list":["post-105942","post","type-post","status-publish","format-standard","has-post-thumbnail","hentry","category-actualidad","category-apelacion","category-apelacion-22-23","category-noticias-ffcv","tag-comite-de-apelacion"],"aioseo_notices":[],"_links":{"self":[{"href":"https:\/\/ffcv.es\/wp\/wp-json\/wp\/v2\/posts\/105942"}],"collection":[{"href":"https:\/\/ffcv.es\/wp\/wp-json\/wp\/v2\/posts"}],"about":[{"href":"https:\/\/ffcv.es\/wp\/wp-json\/wp\/v2\/types\/post"}],"author":[{"embeddable":true,"href":"https:\/\/ffcv.es\/wp\/wp-json\/wp\/v2\/users\/5"}],"replies":[{"embeddable":true,"href":"https:\/\/ffcv.es\/wp\/wp-json\/wp\/v2\/comments?post=105942"}],"version-history":[{"count":1,"href":"https:\/\/ffcv.es\/wp\/wp-json\/wp\/v2\/posts\/105942\/revisions"}],"predecessor-version":[{"id":105945,"href":"https:\/\/ffcv.es\/wp\/wp-json\/wp\/v2\/posts\/105942\/revisions\/105945"}],"wp:featuredmedia":[{"embeddable":true,"href":"https:\/\/ffcv.es\/wp\/wp-json\/wp\/v2\/media\/105944"}],"wp:attachment":[{"href":"https:\/\/ffcv.es\/wp\/wp-json\/wp\/v2\/media?parent=105942"}],"wp:term":[{"taxonomy":"category","embeddable":true,"href":"https:\/\/ffcv.es\/wp\/wp-json\/wp\/v2\/categories?post=105942"},{"taxonomy":"post_tag","embeddable":true,"href":"https:\/\/ffcv.es\/wp\/wp-json\/wp\/v2\/tags?post=105942"}],"curies":[{"name":"wp","href":"https:\/\/api.w.org\/{rel}","templated":true}]}}