{"id":103742,"date":"2022-09-26T17:39:09","date_gmt":"2022-09-26T15:39:09","guid":{"rendered":"https:\/\/ffcv.es\/wp\/?p=103742"},"modified":"2022-09-28T09:45:58","modified_gmt":"2022-09-28T07:45:58","slug":"estos-son-los-enfrentamientos-de-la-tercera-eliminatoria-de-la-ii-copa-comunitat-mediterranea-la-nostra-copa","status":"publish","type":"post","link":"https:\/\/ffcv.es\/wp\/blog\/2022\/09\/estos-son-los-enfrentamientos-de-la-tercera-eliminatoria-de-la-ii-copa-comunitat-mediterranea-la-nostra-copa\/","title":{"rendered":"Estos son los enfrentamientos de la tercera eliminatoria de la II Copa Comunitat Mediterr\u00e0nea &#8216;La Nostra Copa&#8217;"},"content":{"rendered":"\n<p>Ya tenemos enfrentamientos para la tercera eliminatoria de la <strong>II edici\u00f3n de la Copa Comunitat Mediterr\u00e0nea &#8216;La Nostra Copa&#8217;<\/strong>.<\/p>\n\n\n\n<p>Esta eliminatoria se disputar\u00e1 el pr\u00f3ximo 9 de octubre y en ella participan los equipos de <strong>Segona<\/strong> y de <strong>Primera Regional <\/strong>que obtuvieron la victoria en la ronda anterior.<\/p>\n\n\n\n<p>Por problemas inform\u00e1ticos se ha rectificado uno de los enfrentamientos. El <strong>CF Llutxent<\/strong> se medir\u00e1 al <strong>UD Montaverner<\/strong>, y no el <strong>Racing de X\u00e0tiva<\/strong> como se public\u00f3 inicialmente. <\/p>\n\n\n\n<p>Es la \u00faltima ronda en la que no participan los equipos de la <strong>Lliga \u00c0 Punt Preferent<\/strong>, que ya entrar\u00e1n en <strong>La Nostra Copa<\/strong> a partir de la cuarta eliminatoria.<\/p>\n\n\n\n<figure class=\"wp-block-image size-large\"><img loading=\"lazy\" decoding=\"async\" width=\"1024\" height=\"576\" data-src=\"https:\/\/ffcv.es\/wp\/wp-content\/uploads\/2022\/09\/1-9-1024x576.jpeg\" alt=\"\" class=\"wp-image-104084 lazyload\" data-srcset=\"https:\/\/ffcv.es\/wp\/wp-content\/uploads\/2022\/09\/1-9-1024x576.jpeg 1024w, https:\/\/ffcv.es\/wp\/wp-content\/uploads\/2022\/09\/1-9-300x169.jpeg 300w, https:\/\/ffcv.es\/wp\/wp-content\/uploads\/2022\/09\/1-9-768x432.jpeg 768w, https:\/\/ffcv.es\/wp\/wp-content\/uploads\/2022\/09\/1-9-1536x864.jpeg 1536w, https:\/\/ffcv.es\/wp\/wp-content\/uploads\/2022\/09\/1-9-280x158.jpeg 280w, https:\/\/ffcv.es\/wp\/wp-content\/uploads\/2022\/09\/1-9-1170x658.jpeg 1170w, https:\/\/ffcv.es\/wp\/wp-content\/uploads\/2022\/09\/1-9.jpeg 1600w\" data-sizes=\"(max-width: 1024px) 100vw, 1024px\" src=\"data:image\/gif;base64,R0lGODlhAQABAAAAACH5BAEKAAEALAAAAAABAAEAAAICTAEAOw==\" style=\"--smush-placeholder-width: 1024px; --smush-placeholder-aspect-ratio: 1024\/576;\" \/><noscript><img loading=\"lazy\" decoding=\"async\" width=\"1024\" height=\"576\" src=\"https:\/\/ffcv.es\/wp\/wp-content\/uploads\/2022\/09\/1-9-1024x576.jpeg\" alt=\"\" class=\"wp-image-104084\" srcset=\"https:\/\/ffcv.es\/wp\/wp-content\/uploads\/2022\/09\/1-9-1024x576.jpeg 1024w, https:\/\/ffcv.es\/wp\/wp-content\/uploads\/2022\/09\/1-9-300x169.jpeg 300w, https:\/\/ffcv.es\/wp\/wp-content\/uploads\/2022\/09\/1-9-768x432.jpeg 768w, https:\/\/ffcv.es\/wp\/wp-content\/uploads\/2022\/09\/1-9-1536x864.jpeg 1536w, https:\/\/ffcv.es\/wp\/wp-content\/uploads\/2022\/09\/1-9-280x158.jpeg 280w, https:\/\/ffcv.es\/wp\/wp-content\/uploads\/2022\/09\/1-9-1170x658.jpeg 1170w, https:\/\/ffcv.es\/wp\/wp-content\/uploads\/2022\/09\/1-9.jpeg 1600w\" sizes=\"(max-width: 1024px) 100vw, 1024px\" \/><\/noscript><\/figure>\n\n\n\n<figure class=\"wp-block-image size-large\"><img loading=\"lazy\" decoding=\"async\" width=\"1024\" height=\"576\" data-src=\"https:\/\/ffcv.es\/wp\/wp-content\/uploads\/2022\/09\/2-10-1024x576.jpeg\" alt=\"\" class=\"wp-image-104086 lazyload\" data-srcset=\"https:\/\/ffcv.es\/wp\/wp-content\/uploads\/2022\/09\/2-10-1024x576.jpeg 1024w, https:\/\/ffcv.es\/wp\/wp-content\/uploads\/2022\/09\/2-10-300x169.jpeg 300w, https:\/\/ffcv.es\/wp\/wp-content\/uploads\/2022\/09\/2-10-768x432.jpeg 768w, https:\/\/ffcv.es\/wp\/wp-content\/uploads\/2022\/09\/2-10-1536x864.jpeg 1536w, https:\/\/ffcv.es\/wp\/wp-content\/uploads\/2022\/09\/2-10-280x158.jpeg 280w, https:\/\/ffcv.es\/wp\/wp-content\/uploads\/2022\/09\/2-10-1170x658.jpeg 1170w, https:\/\/ffcv.es\/wp\/wp-content\/uploads\/2022\/09\/2-10.jpeg 1600w\" data-sizes=\"(max-width: 1024px) 100vw, 1024px\" src=\"data:image\/gif;base64,R0lGODlhAQABAAAAACH5BAEKAAEALAAAAAABAAEAAAICTAEAOw==\" style=\"--smush-placeholder-width: 1024px; --smush-placeholder-aspect-ratio: 1024\/576;\" \/><noscript><img loading=\"lazy\" decoding=\"async\" width=\"1024\" height=\"576\" src=\"https:\/\/ffcv.es\/wp\/wp-content\/uploads\/2022\/09\/2-10-1024x576.jpeg\" alt=\"\" class=\"wp-image-104086\" srcset=\"https:\/\/ffcv.es\/wp\/wp-content\/uploads\/2022\/09\/2-10-1024x576.jpeg 1024w, https:\/\/ffcv.es\/wp\/wp-content\/uploads\/2022\/09\/2-10-300x169.jpeg 300w, https:\/\/ffcv.es\/wp\/wp-content\/uploads\/2022\/09\/2-10-768x432.jpeg 768w, https:\/\/ffcv.es\/wp\/wp-content\/uploads\/2022\/09\/2-10-1536x864.jpeg 1536w, https:\/\/ffcv.es\/wp\/wp-content\/uploads\/2022\/09\/2-10-280x158.jpeg 280w, https:\/\/ffcv.es\/wp\/wp-content\/uploads\/2022\/09\/2-10-1170x658.jpeg 1170w, https:\/\/ffcv.es\/wp\/wp-content\/uploads\/2022\/09\/2-10.jpeg 1600w\" sizes=\"(max-width: 1024px) 100vw, 1024px\" \/><\/noscript><\/figure>\n\n\n\n<h2 class=\"wp-block-heading\">Una competici\u00f3n que marca tendencia<\/h2>\n\n\n\n<p><strong>&#8216;La Nostra Copa&#8217; <\/strong>se ha convertido en una de las principales atracciones del f\u00fatbol m\u00e1s modesto en la <strong>Comunitat Valenciana<\/strong>.<\/p>\n\n\n\n<p>Todos los equipos de la <strong>Comunitat<\/strong> tienen la opci\u00f3n de ganarla con el gran premio gordo en el horizonte de ser el conjunto que represente a nuestro f\u00fatbol en la <strong>Copa de SM El Rey<\/strong>.<\/p>\n\n\n\n<p>El <a href=\"https:\/\/ffcv.es\/wp\/blog\/2022\/06\/12\/el-cd-lalcora-primer-campeon-de-la-nostra-copa-%f0%9f%8f%86-cd-lalcora-vs-unio-benetusser-favara-1-0\/\">CD L&#8217;Alcora<\/a>, primer y actual campe\u00f3n de esta competici\u00f3n, disputar\u00e1 la<strong> Fase Previa<\/strong> de la <strong>Copa del Rey<\/strong> el pr\u00f3ximo 18 de octubre frente a otro conjunto de otra federaci\u00f3n territorial. De ganar, recibir\u00e1 en casa a un <strong>Primera Divisi\u00f3n<\/strong>.<\/p>\n\n\n\n<p>Pero no solo el premio es ganar. Ronda tras ronda se llenan los campos y se fomenta la afici\u00f3n en todos los pueblos de la <strong>Comunitat Valenciana<\/strong> por el equipo de su localidad.<\/p>\n\n\n\n<p>Todos los detalles de la competici\u00f3n est\u00e1n en la<a href=\"https:\/\/ffcv.es\/wp\/wp-content\/uploads\/2022\/08\/Circular-no6-La-Nostra-Copa-22-23.pdf\"> Circular 6 de la FFCV sobre &#8216;La Nostra Copa&#8217;<\/a>.<\/p>\n\n\n\n<figure class=\"wp-block-image size-large\"><img loading=\"lazy\" decoding=\"async\" width=\"1024\" height=\"682\" data-src=\"https:\/\/ffcv.es\/wp\/wp-content\/uploads\/2022\/06\/WhatsApp-Image-2022-06-12-at-9.16.19-PM-1024x682.jpeg\" alt=\"\" class=\"wp-image-90755 lazyload\" data-srcset=\"https:\/\/ffcv.es\/wp\/wp-content\/uploads\/2022\/06\/WhatsApp-Image-2022-06-12-at-9.16.19-PM-1024x682.jpeg 1024w, https:\/\/ffcv.es\/wp\/wp-content\/uploads\/2022\/06\/WhatsApp-Image-2022-06-12-at-9.16.19-PM-300x200.jpeg 300w, https:\/\/ffcv.es\/wp\/wp-content\/uploads\/2022\/06\/WhatsApp-Image-2022-06-12-at-9.16.19-PM-768x512.jpeg 768w, https:\/\/ffcv.es\/wp\/wp-content\/uploads\/2022\/06\/WhatsApp-Image-2022-06-12-at-9.16.19-PM-1536x1023.jpeg 1536w, https:\/\/ffcv.es\/wp\/wp-content\/uploads\/2022\/06\/WhatsApp-Image-2022-06-12-at-9.16.19-PM-280x187.jpeg 280w, https:\/\/ffcv.es\/wp\/wp-content\/uploads\/2022\/06\/WhatsApp-Image-2022-06-12-at-9.16.19-PM-1170x780.jpeg 1170w, https:\/\/ffcv.es\/wp\/wp-content\/uploads\/2022\/06\/WhatsApp-Image-2022-06-12-at-9.16.19-PM.jpeg 1600w\" data-sizes=\"(max-width: 1024px) 100vw, 1024px\" src=\"data:image\/gif;base64,R0lGODlhAQABAAAAACH5BAEKAAEALAAAAAABAAEAAAICTAEAOw==\" style=\"--smush-placeholder-width: 1024px; --smush-placeholder-aspect-ratio: 1024\/682;\" \/><noscript><img loading=\"lazy\" decoding=\"async\" width=\"1024\" height=\"682\" src=\"https:\/\/ffcv.es\/wp\/wp-content\/uploads\/2022\/06\/WhatsApp-Image-2022-06-12-at-9.16.19-PM-1024x682.jpeg\" alt=\"\" class=\"wp-image-90755\" srcset=\"https:\/\/ffcv.es\/wp\/wp-content\/uploads\/2022\/06\/WhatsApp-Image-2022-06-12-at-9.16.19-PM-1024x682.jpeg 1024w, https:\/\/ffcv.es\/wp\/wp-content\/uploads\/2022\/06\/WhatsApp-Image-2022-06-12-at-9.16.19-PM-300x200.jpeg 300w, https:\/\/ffcv.es\/wp\/wp-content\/uploads\/2022\/06\/WhatsApp-Image-2022-06-12-at-9.16.19-PM-768x512.jpeg 768w, https:\/\/ffcv.es\/wp\/wp-content\/uploads\/2022\/06\/WhatsApp-Image-2022-06-12-at-9.16.19-PM-1536x1023.jpeg 1536w, https:\/\/ffcv.es\/wp\/wp-content\/uploads\/2022\/06\/WhatsApp-Image-2022-06-12-at-9.16.19-PM-280x187.jpeg 280w, https:\/\/ffcv.es\/wp\/wp-content\/uploads\/2022\/06\/WhatsApp-Image-2022-06-12-at-9.16.19-PM-1170x780.jpeg 1170w, https:\/\/ffcv.es\/wp\/wp-content\/uploads\/2022\/06\/WhatsApp-Image-2022-06-12-at-9.16.19-PM.jpeg 1600w\" sizes=\"(max-width: 1024px) 100vw, 1024px\" \/><\/noscript><\/figure>\n","protected":false},"excerpt":{"rendered":"<p>Ya tenemos enfrentamientos para la tercera eliminatoria de la II edici\u00f3n de la Copa Comunitat Mediterr\u00e0nea &#8216;La Nostra Copa&#8217;. Esta eliminatoria se disputar\u00e1 el pr\u00f3ximo 9 de octubre y en ella participan los equipos de Segona y de Primera Regional que obtuvieron la victoria en la ronda anterior. Por problemas inform\u00e1ticos se ha rectificado uno<\/p>\n","protected":false},"author":15,"featured_media":104084,"comment_status":"closed","ping_status":"closed","sticky":false,"template":"","format":"standard","meta":{"om_disable_all_campaigns":false,"footnotes":""},"categories":[5589,1282],"tags":[],"class_list":["post-103742","post","type-post","status-publish","format-standard","has-post-thumbnail","hentry","category-noticias-la-nostra-copa","category-portada"],"aioseo_notices":[],"_links":{"self":[{"href":"https:\/\/ffcv.es\/wp\/wp-json\/wp\/v2\/posts\/103742"}],"collection":[{"href":"https:\/\/ffcv.es\/wp\/wp-json\/wp\/v2\/posts"}],"about":[{"href":"https:\/\/ffcv.es\/wp\/wp-json\/wp\/v2\/types\/post"}],"author":[{"embeddable":true,"href":"https:\/\/ffcv.es\/wp\/wp-json\/wp\/v2\/users\/15"}],"replies":[{"embeddable":true,"href":"https:\/\/ffcv.es\/wp\/wp-json\/wp\/v2\/comments?post=103742"}],"version-history":[{"count":2,"href":"https:\/\/ffcv.es\/wp\/wp-json\/wp\/v2\/posts\/103742\/revisions"}],"predecessor-version":[{"id":104087,"href":"https:\/\/ffcv.es\/wp\/wp-json\/wp\/v2\/posts\/103742\/revisions\/104087"}],"wp:featuredmedia":[{"embeddable":true,"href":"https:\/\/ffcv.es\/wp\/wp-json\/wp\/v2\/media\/104084"}],"wp:attachment":[{"href":"https:\/\/ffcv.es\/wp\/wp-json\/wp\/v2\/media?parent=103742"}],"wp:term":[{"taxonomy":"category","embeddable":true,"href":"https:\/\/ffcv.es\/wp\/wp-json\/wp\/v2\/categories?post=103742"},{"taxonomy":"post_tag","embeddable":true,"href":"https:\/\/ffcv.es\/wp\/wp-json\/wp\/v2\/tags?post=103742"}],"curies":[{"name":"wp","href":"https:\/\/api.w.org\/{rel}","templated":true}]}}