{"id":101455,"date":"2021-06-17T15:55:00","date_gmt":"2021-06-17T13:55:00","guid":{"rendered":"https:\/\/ffcv.es\/wp\/?p=101455"},"modified":"2022-09-15T16:35:37","modified_gmt":"2022-09-15T14:35:37","slug":"acuerdos-junta-directiva-17-06-2021","status":"publish","type":"post","link":"https:\/\/ffcv.es\/wp\/blog\/2021\/06\/acuerdos-junta-directiva-17-06-2021\/","title":{"rendered":"Acuerdos Junta Directiva 17\/06\/2021"},"content":{"rendered":"\n<p>Estos son los acuerdos adoptados por la<strong>\u00a0Junta Directiva<\/strong>\u00a0en la reuni\u00f3n celebrada de forma telem\u00e1tica el jueves 17 de junio de 2021:<\/p>\n\n\n\n<h2 class=\"wp-block-heading\">Lliga Auton\u00f2mica cadete e infantil<\/h2>\n\n\n\n<p>V\u00edctor Gim\u00e9nez, director del \u00c1rea de Competiciones, explica a la junta la propuesta para hacer dos fases a doble vuelta en la Lliga Auton\u00f2mica cadete e infantil. Eso provocar\u00eda que fuera m\u00e1s bonita que la fase regular a doble vuelta ya que, con este nuevo formato, los clubes jugar\u00edan una primera fase de clasificaci\u00f3n y en la segunda los equipos ya sabr\u00edan si iban a jugar por la permanencia o por el descenso. Habr\u00eda dos grupos de 10 equipos que jugar\u00edan 18 jornadas en cada fase y, finalmente, descender\u00edan 6 equipos.<\/p>\n\n\n\n<p>As\u00ed pues, tras considerar que esta opci\u00f3n es buena es sometida a votaci\u00f3n de la junta y es aprobada por ser considerada m\u00e1s competitiva y justa y, por tanto, se acuerda someterla a la Asamblea para su aprobaci\u00f3n, si procede.<\/p>\n\n\n\n<h2 class=\"wp-block-heading\">La Copa Comunitat Mediterr\u00e0nea &#8216;La Nostra Copa&#8217;<\/h2>\n\n\n\n<p>El presidente de la FFCV, Salva Gomar, toma la palabra para comentar la propuesta de creaci\u00f3n de la Copa Comunitat Mediterr\u00e0nea &#8216;La Nostra Copa&#8217;. Explica que ya empez\u00f3 a gestarse antes de que se produjera la pandemia pero hubo de paralizarse por esta causa. Ahora, a la vista de que las circunstancias ya han cambiado sustancialmente, se retoma la idea con la intenci\u00f3n de que puedan participar en ella todos los clubes aficionados de Preferente y 1\u00aa y 2\u00aa Regional, que jugar\u00edan en tres fases (previa, intermedia y final) a partir del 5 de septiembre y que finalizar\u00eda el 30 de junio. El premio para el campe\u00f3n ser\u00e1 obtener el derecho para participar en la fase previa que da acceso, como ya se ha comentado, a la Copa de S.M. El Rey.<\/p>\n\n\n\n<p>Por lo que, una vez planteada la cuesti\u00f3n de la celebraci\u00f3n de la Copa es aceptada por la junta directa y se someter\u00e1 a la Asamblea para su aprobaci\u00f3n, si procede.<\/p>\n\n\n\n<h2 class=\"wp-block-heading\">Subvenciones<\/h2>\n\n\n\n<p>El presidente de la FFCV explica que todav\u00eda hay equipos de futbol sala que no han solicitado el importe de la subvenci\u00f3n que les correspond\u00eda por lo que, una vez finalizados los plazos concedidos para ello, sugiere que para los importes que no han sido solicitados, -y puesto que se trata de fondos propios de la federaci\u00f3n-, se disponga una subvenci\u00f3n especial para unos cuantos equipos que, con car\u00e1cter excepcional, se han visto obligados a hacer unos desplazamientos mucho m\u00e1s onerosos de lo habitual. Se distribuir\u00eda a los clubes C.D. Parque Colegio Santa Ana, Nueva Elda F.S., F.S.F. Joventut D\u2019Elx, Maristas y C.F.S. Mar Denia ya que han tenido que desplazarse a otras comunidades, incluyendo destinos insulares, que les han supuesto un desfase econ\u00f3mico importante tras los sorteos realizados en la RFEF.<\/p>\n\n\n\n<p>A este respecto, el vicepresidente de la FFCV, Jordi Lucena, sugiere que se cree en el presupuesto una partida con este concepto y, puesto que no se ha producido ninguna objeci\u00f3n, la propuesta de la deriva de la subvenci\u00f3n es aprobada por la junta.<\/p>\n\n\n\n<p><\/p>\n","protected":false},"excerpt":{"rendered":"<p>Estos son los acuerdos adoptados por la\u00a0Junta Directiva\u00a0en la reuni\u00f3n celebrada de forma telem\u00e1tica el jueves 17 de junio de 2021: Lliga Auton\u00f2mica cadete e infantil V\u00edctor Gim\u00e9nez, director del \u00c1rea de Competiciones, explica a la junta la propuesta para hacer dos fases a doble vuelta en la Lliga Auton\u00f2mica cadete e infantil. Eso provocar\u00eda<\/p>\n","protected":false},"author":15,"featured_media":45044,"comment_status":"closed","ping_status":"closed","sticky":false,"template":"","format":"standard","meta":{"om_disable_all_campaigns":false,"footnotes":""},"categories":[1105],"tags":[],"class_list":["post-101455","post","type-post","status-publish","format-standard","has-post-thumbnail","hentry","category-acuerdos-junta-directiva"],"aioseo_notices":[],"_links":{"self":[{"href":"https:\/\/ffcv.es\/wp\/wp-json\/wp\/v2\/posts\/101455"}],"collection":[{"href":"https:\/\/ffcv.es\/wp\/wp-json\/wp\/v2\/posts"}],"about":[{"href":"https:\/\/ffcv.es\/wp\/wp-json\/wp\/v2\/types\/post"}],"author":[{"embeddable":true,"href":"https:\/\/ffcv.es\/wp\/wp-json\/wp\/v2\/users\/15"}],"replies":[{"embeddable":true,"href":"https:\/\/ffcv.es\/wp\/wp-json\/wp\/v2\/comments?post=101455"}],"version-history":[{"count":1,"href":"https:\/\/ffcv.es\/wp\/wp-json\/wp\/v2\/posts\/101455\/revisions"}],"predecessor-version":[{"id":101463,"href":"https:\/\/ffcv.es\/wp\/wp-json\/wp\/v2\/posts\/101455\/revisions\/101463"}],"wp:featuredmedia":[{"embeddable":true,"href":"https:\/\/ffcv.es\/wp\/wp-json\/wp\/v2\/media\/45044"}],"wp:attachment":[{"href":"https:\/\/ffcv.es\/wp\/wp-json\/wp\/v2\/media?parent=101455"}],"wp:term":[{"taxonomy":"category","embeddable":true,"href":"https:\/\/ffcv.es\/wp\/wp-json\/wp\/v2\/categories?post=101455"},{"taxonomy":"post_tag","embeddable":true,"href":"https:\/\/ffcv.es\/wp\/wp-json\/wp\/v2\/tags?post=101455"}],"curies":[{"name":"wp","href":"https:\/\/api.w.org\/{rel}","templated":true}]}}