{"id":101233,"date":"2022-09-15T10:26:57","date_gmt":"2022-09-15T08:26:57","guid":{"rendered":"https:\/\/ffcv.es\/wp\/?p=101233"},"modified":"2022-09-15T10:26:59","modified_gmt":"2022-09-15T08:26:59","slug":"obertes-les-inscripcions-per-al-proxim-clinic-de-futbol-valenta-a-manises","status":"publish","type":"post","link":"https:\/\/ffcv.es\/wp\/va\/blog\/2022\/09\/obertes-les-inscripcions-per-al-proxim-clinic-de-futbol-valenta-a-manises\/","title":{"rendered":"Obertes les inscripcions per al pr\u00f2xim Cl\u00ednic de futbol Valenta a Manises"},"content":{"rendered":"\n<p>La <strong>Federaci\u00f3 de Futbol de la Comunitat Valenciana<\/strong> organitza un cl\u00ednic de futbol <strong>Valenta <\/strong>per a xiquetes entre 8 i 14 anys en col\u00b7laboraci\u00f3 amb el <strong>Juventud Manisense<\/strong> a <strong>Manises<\/strong>.<\/p>\n\n\n\n<p>El dimarts 11 d&#8217;octubre, a la <strong>Ciutat de l&#8217;Oci i l&#8217;Esport de Manises<\/strong>, els t\u00e8cnics i t\u00e8cniques de la <strong>FFCV <\/strong>impartiran un cl\u00ednic de futbol.<\/p>\n\n\n\n<p>Totes les xiquetes de la zona que vulguen participar en aquest entrenament, poden inscriure&#8217;s en el seg\u00fcent formulari (IMPORTANT SELECCIONAR EL CL\u00cdNIC CORRECTE EN EL DESPLEGABLE)<\/p>\n\n\n\n<p><a href=\"https:\/\/ffcv.es\/wp\/valenta\/clinics\/inscripcion-en-un-clinic-valenta\/\">FORMULARI D&#8217;INSCRIPCI\u00d3N ONLINE<\/a><\/p>\n\n\n\n<figure class=\"wp-block-image size-full\"><img loading=\"lazy\" decoding=\"async\" width=\"1024\" height=\"683\" data-src=\"https:\/\/ffcv.es\/wp\/wp-content\/uploads\/2022\/09\/clinic-valenta-en-Santa-Pola-1024x683-1.jpg\" alt=\"\" class=\"wp-image-101235 lazyload\" data-srcset=\"https:\/\/ffcv.es\/wp\/wp-content\/uploads\/2022\/09\/clinic-valenta-en-Santa-Pola-1024x683-1.jpg 1024w, https:\/\/ffcv.es\/wp\/wp-content\/uploads\/2022\/09\/clinic-valenta-en-Santa-Pola-1024x683-1-300x200.jpg 300w, https:\/\/ffcv.es\/wp\/wp-content\/uploads\/2022\/09\/clinic-valenta-en-Santa-Pola-1024x683-1-768x512.jpg 768w, https:\/\/ffcv.es\/wp\/wp-content\/uploads\/2022\/09\/clinic-valenta-en-Santa-Pola-1024x683-1-280x187.jpg 280w\" data-sizes=\"(max-width: 1024px) 100vw, 1024px\" src=\"data:image\/gif;base64,R0lGODlhAQABAAAAACH5BAEKAAEALAAAAAABAAEAAAICTAEAOw==\" style=\"--smush-placeholder-width: 1024px; --smush-placeholder-aspect-ratio: 1024\/683;\" \/><noscript><img loading=\"lazy\" decoding=\"async\" width=\"1024\" height=\"683\" src=\"https:\/\/ffcv.es\/wp\/wp-content\/uploads\/2022\/09\/clinic-valenta-en-Santa-Pola-1024x683-1.jpg\" alt=\"\" class=\"wp-image-101235\" srcset=\"https:\/\/ffcv.es\/wp\/wp-content\/uploads\/2022\/09\/clinic-valenta-en-Santa-Pola-1024x683-1.jpg 1024w, https:\/\/ffcv.es\/wp\/wp-content\/uploads\/2022\/09\/clinic-valenta-en-Santa-Pola-1024x683-1-300x200.jpg 300w, https:\/\/ffcv.es\/wp\/wp-content\/uploads\/2022\/09\/clinic-valenta-en-Santa-Pola-1024x683-1-768x512.jpg 768w, https:\/\/ffcv.es\/wp\/wp-content\/uploads\/2022\/09\/clinic-valenta-en-Santa-Pola-1024x683-1-280x187.jpg 280w\" sizes=\"(max-width: 1024px) 100vw, 1024px\" \/><\/noscript><\/figure>\n\n\n\n<p>Els Cl\u00ednic Valenta formen part de l&#8217;ampli ventall d&#8217;activitats que l&#8217;<strong>\u00c0rea Valenta<\/strong> realitza durant la temporada per a promocionar el futbol femen\u00ed.<\/p>\n\n\n\n<p>L&#8217;objectiu \u00e9s que les xiquetes que s&#8217;apunten al Cl\u00ednic i, despr\u00e9s de provar, vulguen practicar futbol puguen inscriure&#8217;s a l&#8217;escola que organitza l&#8217;activitat al costat de la <strong>FFCV<\/strong>.<\/p>\n\n\n\n\n<blockquote class=\"wp-embedded-content\" data-secret=\"JNA33P9eYP\"><a href=\"https:\/\/ffcv.es\/wp\/blog\/2020\/03\/07\/los-clinics-valenta-llegan-a-losa-del-obispo\/\">Los cl\u00ednics Valenta llegan a Losa del Obispo<\/a><\/blockquote><iframe loading=\"lazy\" data-src=\"https:\/\/ffcv.es\/wp\/blog\/2020\/03\/07\/los-clinics-valenta-llegan-a-losa-del-obispo\/embed\/#?secret=JNA33P9eYP\" width=\"600\" height=\"400\" data-secret=\"JNA33P9eYP\" frameborder=\"0\" src=\"data:image\/gif;base64,R0lGODlhAQABAAAAACH5BAEKAAEALAAAAAABAAEAAAICTAEAOw==\" class=\"lazyload\" data-load-mode=\"1\"><\/iframe>\n\/*! This file is auto-generated *\/\n!function(c,l){\u00abuse strict\u00bb;var e=!1,o=!1;if(l.querySelector)if(c.addEventListener)e=!0;if(c.wp=c.wp||{},c.wp.receiveEmbedMessage);else if(c.wp.receiveEmbedMessage=function(e){var t=e.data;if(!t);else if(!(t.secret||t.message||t.value));else if(\/[^a-zA-Z0-9]\/.test(t.secret));else{for(var r,s,a,i=l.querySelectorAll(&#8216;iframe[data-secret=\u00bb&#8216;+t.secret+'\u00bb]&#8217;),n=l.querySelectorAll(&#8216;blockquote[data-secret=\u00bb&#8216;+t.secret+'\u00bb]&#8217;),o=0;o&lt;n.length;o++)n[o].style.display=&quot;none&quot;;for(o=0;o&lt;i.length;o++)if(r=i[o],e.source!==r.contentWindow);else{if(r.removeAttribute(&quot;style&quot;),&quot;height&quot;===t.message){if(1e3&lt;(s=parseInt(t.value,10)))s=1e3;else if(~~s&lt;200)s=200;r.height=s}if(&quot;link&quot;===t.message)if(s=l.createElement(&quot;a&quot;),a=l.createElement(&quot;a&quot;),s.href=r.getAttribute(&quot;src&quot;),a.href=t.value,a.host===s.host)if(l.activeElement===r)c.top.location.href=t.value}}},e)c.addEventListener(&quot;message&quot;,c.wp.receiveEmbedMessage,!1),l.addEventListener(&quot;DOMContentLoaded&quot;,t,!1),c.addEventListener(&quot;load&quot;,t,!1);function t(){if(o);else{o=!0;for(var e,t,r,s=-1!==navigator.appVersion.indexOf(&quot;MSIE 10&quot;),a=!!navigator.userAgent.match(\/Trident.*rv:11\\.\/),i=l.querySelectorAll(&quot;iframe.wp-embedded-content&quot;),n=0;n&lt;i.length;n++){if(!(r=(t=i[n]).getAttribute(&quot;data-secret&quot;)))r=Math.random().toString(36).substr(2,10),t.src+=&quot;#?secret=&quot;+r,t.setAttribute(&quot;data-secret&quot;,r);if(s||a)(e=t.cloneNode(!0)).removeAttribute(&quot;security&quot;),t.parentNode.replaceChild(e,t);t.contentWindow.postMessage({message:&quot;ready&quot;,secret:r},&quot;*&quot;)}}}}(window,document);\n\n\n\n\n","protected":false},"excerpt":{"rendered":"<p>La Federaci\u00f3 de Futbol de la Comunitat Valenciana organitza un cl\u00ednic de futbol Valenta per a xiquetes entre 8 i 14 anys en col\u00b7laboraci\u00f3 amb el Juventud Manisense a Manises. El dimarts 11 d&#8217;octubre, a la Ciutat de l&#8217;Oci i l&#8217;Esport de Manises, els t\u00e8cnics i t\u00e8cniques de la FFCV impartiran un cl\u00ednic de futbol.<\/p>\n","protected":false},"author":5,"featured_media":101185,"comment_status":"closed","ping_status":"closed","sticky":false,"template":"","format":"standard","meta":{"om_disable_all_campaigns":false,"footnotes":""},"categories":[3323,1684,3343,3321],"tags":[3341],"class_list":["post-101233","post","type-post","status-publish","format-standard","has-post-thumbnail","hentry","category-noticies","category-noticies-ffcv","category-noticies-valenta","category-portada-va","tag-valenta-va"],"aioseo_notices":[],"_links":{"self":[{"href":"https:\/\/ffcv.es\/wp\/wp-json\/wp\/v2\/posts\/101233"}],"collection":[{"href":"https:\/\/ffcv.es\/wp\/wp-json\/wp\/v2\/posts"}],"about":[{"href":"https:\/\/ffcv.es\/wp\/wp-json\/wp\/v2\/types\/post"}],"author":[{"embeddable":true,"href":"https:\/\/ffcv.es\/wp\/wp-json\/wp\/v2\/users\/5"}],"replies":[{"embeddable":true,"href":"https:\/\/ffcv.es\/wp\/wp-json\/wp\/v2\/comments?post=101233"}],"version-history":[{"count":2,"href":"https:\/\/ffcv.es\/wp\/wp-json\/wp\/v2\/posts\/101233\/revisions"}],"predecessor-version":[{"id":101241,"href":"https:\/\/ffcv.es\/wp\/wp-json\/wp\/v2\/posts\/101233\/revisions\/101241"}],"wp:featuredmedia":[{"embeddable":true,"href":"https:\/\/ffcv.es\/wp\/wp-json\/wp\/v2\/media\/101185"}],"wp:attachment":[{"href":"https:\/\/ffcv.es\/wp\/wp-json\/wp\/v2\/media?parent=101233"}],"wp:term":[{"taxonomy":"category","embeddable":true,"href":"https:\/\/ffcv.es\/wp\/wp-json\/wp\/v2\/categories?post=101233"},{"taxonomy":"post_tag","embeddable":true,"href":"https:\/\/ffcv.es\/wp\/wp-json\/wp\/v2\/tags?post=101233"}],"curies":[{"name":"wp","href":"https:\/\/api.w.org\/{rel}","templated":true}]}}