{"id":597,"date":"2021-05-25T12:39:46","date_gmt":"2021-05-25T10:39:46","guid":{"rendered":"https:\/\/ffcv.es\/wp\/valenta\/?p=597"},"modified":"2021-05-25T12:39:48","modified_gmt":"2021-05-25T10:39:48","slug":"primera-reunion-del-comite-de-futbol-femenino-en-110-anos-de-la-ffcv","status":"publish","type":"post","link":"https:\/\/ffcv.es\/wp\/valenta\/primera-reunion-del-comite-de-futbol-femenino-en-110-anos-de-la-ffcv\/","title":{"rendered":"Primera reuni\u00f3n del Comit\u00e9 de F\u00fatbol Femenino en 110 a\u00f1os de la FFCV"},"content":{"rendered":"\n<figure class=\"wp-block-image\"><img decoding=\"async\" data-src=\"https:\/\/ffcv.es\/wp\/valenta\/wp-content\/uploads\/sites\/4\/2021\/05\/11-mar-primera-reunio\u0301n-comite\u0301-fu\u0301tbol-femenino-en-110-an\u0303os-1024x592.png\" alt=\"Eugenia Soto en la primera reunio\u0301n comite\u0301 fu\u0301tbol femenino en 110 an\u0303os\" class=\"wp-image-26062 lazyload\" src=\"data:image\/gif;base64,R0lGODlhAQABAAAAACH5BAEKAAEALAAAAAABAAEAAAICTAEAOw==\" style=\"--smush-placeholder-width: 1024px; --smush-placeholder-aspect-ratio: 1024\/592;\" \/><noscript><img decoding=\"async\" src=\"https:\/\/ffcv.es\/wp\/valenta\/wp-content\/uploads\/sites\/4\/2021\/05\/11-mar-primera-reunio\u0301n-comite\u0301-fu\u0301tbol-femenino-en-110-an\u0303os-1024x592.png\" alt=\"Eugenia Soto en la primera reunio\u0301n comite\u0301 fu\u0301tbol femenino en 110 an\u0303os\" class=\"wp-image-26062\"\/><\/noscript><figcaption>Eugenia Soto (Ribarroja CF), durante la reuni\u00f3n del Comit\u00e9 de F\u00fatbol Femenino de la FFCV<\/figcaption><\/figure>\n\n\n\n<p>El reci\u00e9n creado <strong>Comit\u00e9 de F\u00fatbol Femenino<\/strong> se reuni\u00f3 ayer por la tarde por primera vez en los 110 a\u00f1os de historia de la <strong>Federaci\u00f3n de F\u00fatbol de la Comunitat Valenciana<\/strong>.<\/p>\n\n\n\n<p><strong>Maider Castillo<\/strong> (<strong>Levante UD <\/strong>y miembro de la<strong> Junta Directiva <\/strong>de la <strong>FFCV<\/strong>) presidi\u00f3 la primera sesi\u00f3n de este <strong>Comit\u00e9<\/strong> tan importante para el desarrollo y promoci\u00f3n del f\u00fatbol femenino en la <strong>Comunitat Valenciana<\/strong>. <strong>Patricia Traver<\/strong> (<strong>Villarreal CF Femenino<\/strong>), <strong>Luis Solera<\/strong> (<strong>CD San Lorenzo de Castell\u00f3<\/strong>), <strong>Eugenia Soto<\/strong> (<strong>Ribarroja CF<\/strong>), <strong>Marina Gasent <\/strong>(<strong>Valencia CF Femenino<\/strong>), <strong>Antonio Arenas<\/strong> (<strong>Mislata CF<\/strong>), <strong>Juan Tar\u00edn<\/strong> (<strong>CFF Mar\u00edtim<\/strong>),  <strong>Enrique Cano<\/strong> (<strong>Elche CF<\/strong>) y <strong>Miriam Mart\u00ednez <\/strong>(<strong>CD Atl\u00e9tico Aspe<\/strong>) fueron los primeros asistentes representando a los clubes.<\/p>\n\n\n\n<blockquote class=\"twitter-tweet\" data-lang=\"en\"><p lang=\"es\" dir=\"ltr\">Han pasado 110 a\u00f1os&#8230; pero YA est\u00e1 creado\u2757\ufe0f<br><br>La primera reuni\u00f3n del Comit\u00e9 de F\u00fatbol Femenino<br><br>\ud83d\udcce <a href=\"https:\/\/t.co\/iMNOo2tARM\">https:\/\/t.co\/iMNOo2tARM<\/a><br><br>\ud83d\ude4b\u200d\u2640\ufe0f<a href=\"https:\/\/twitter.com\/MaiCasMuga?ref_src=twsrc%5Etfw\">@MaiCasMuga<\/a><br>\ud83d\udcac \u201cEra necesario para el crecimiento del f\u00fatbol femenino valenciano\u201d<br> <a href=\"https:\/\/twitter.com\/hashtag\/Valenta?src=hash&amp;ref_src=twsrc%5Etfw\">#Valenta<\/a>\ud83d\ude4b\u200d\u2640\ufe0f <a href=\"https:\/\/t.co\/UobkNdKAGx\">pic.twitter.com\/UobkNdKAGx<\/a><\/p>\u2014 FFCV (@FFCV_info) <a href=\"https:\/\/twitter.com\/FFCV_info\/status\/1105402109942530048?ref_src=twsrc%5Etfw\">March 12, 2019<\/a><\/blockquote>\n<script async=\"\" src=\"https:\/\/platform.twitter.com\/widgets.js\" charset=\"utf-8\"><\/script>\n\n\n\n<p><strong>Jos\u00e9 Andr\u00e9s Menchero<\/strong> acudi\u00f3 como director del <strong>\u00c1rea de F\u00fatbol Femenino <\/strong>de la <strong>FFCV<\/strong> y <strong>Sergi Gald\u00f3n<\/strong>, como miembro del <strong>Comit\u00e9 de Competici\u00f3n de F\u00fatbol Femenino<\/strong>. <strong>Jes\u00fas Ca\u00f1izares <\/strong>(<strong>Sporting Plaza Argel <\/strong>y miembro de la <strong>Junta Directiva de la FFCV<\/strong>) y <strong>Jos\u00e9 Luis Villegas<\/strong> (<strong>UD Aldaia<\/strong>) no pudieron asistir por motivos personales.<\/p>\n\n\n\n<p>Durante esta primera reuni\u00f3n se trataron temas muy diversos que afectan al formato de las diferentes competiciones del f\u00fatbol femenino en la <strong>Comunitat Valenciana<\/strong>. <\/p>\n","protected":false},"excerpt":{"rendered":"<p>El reci\u00e9n creado Comit\u00e9 de F\u00fatbol Femenino se reuni\u00f3 ayer por la tarde por primera vez en los 110 a\u00f1os de historia de la Federaci\u00f3n de F\u00fatbol de la Comunitat Valenciana. Maider Castillo (Levante UD y miembro de la Junta Directiva de la FFCV) presidi\u00f3 la primera sesi\u00f3n de este Comit\u00e9 tan importante para el<\/p>\n","protected":false},"author":15,"featured_media":26062,"comment_status":"closed","ping_status":"closed","sticky":false,"template":"","format":"standard","meta":{"footnotes":""},"categories":[1],"tags":[],"class_list":["post-597","post","type-post","status-publish","format-standard","has-post-thumbnail","hentry","category-noticias-es"],"_links":{"self":[{"href":"https:\/\/ffcv.es\/wp\/valenta\/wp-json\/wp\/v2\/posts\/597"}],"collection":[{"href":"https:\/\/ffcv.es\/wp\/valenta\/wp-json\/wp\/v2\/posts"}],"about":[{"href":"https:\/\/ffcv.es\/wp\/valenta\/wp-json\/wp\/v2\/types\/post"}],"author":[{"embeddable":true,"href":"https:\/\/ffcv.es\/wp\/valenta\/wp-json\/wp\/v2\/users\/15"}],"replies":[{"embeddable":true,"href":"https:\/\/ffcv.es\/wp\/valenta\/wp-json\/wp\/v2\/comments?post=597"}],"version-history":[{"count":3,"href":"https:\/\/ffcv.es\/wp\/valenta\/wp-json\/wp\/v2\/posts\/597\/revisions"}],"predecessor-version":[{"id":601,"href":"https:\/\/ffcv.es\/wp\/valenta\/wp-json\/wp\/v2\/posts\/597\/revisions\/601"}],"wp:featuredmedia":[{"embeddable":true,"href":"https:\/\/ffcv.es\/wp\/valenta\/wp-json\/"}],"wp:attachment":[{"href":"https:\/\/ffcv.es\/wp\/valenta\/wp-json\/wp\/v2\/media?parent=597"}],"wp:term":[{"taxonomy":"category","embeddable":true,"href":"https:\/\/ffcv.es\/wp\/valenta\/wp-json\/wp\/v2\/categories?post=597"},{"taxonomy":"post_tag","embeddable":true,"href":"https:\/\/ffcv.es\/wp\/valenta\/wp-json\/wp\/v2\/tags?post=597"}],"curies":[{"name":"wp","href":"https:\/\/api.w.org\/{rel}","templated":true}]}}